{"id":112,"date":"2017-03-02T18:14:38","date_gmt":"2017-03-02T17:14:38","guid":{"rendered":"http:\/\/blogs.diariovasco.com\/motor\/?p=112"},"modified":"2017-03-02T18:15:03","modified_gmt":"2017-03-02T17:15:03","slug":"fumar-mientras-se-conduce-no-es-infraccion-pero-es-una-mala-costumbre","status":"publish","type":"post","link":"https:\/\/blogs.diariovasco.com\/motor\/2017\/03\/02\/fumar-mientras-se-conduce-no-es-infraccion-pero-es-una-mala-costumbre\/","title":{"rendered":"Fumar mientras se conduce no es infracci\u00f3n, pero es una mala costumbre"},"content":{"rendered":"<p>Seguro que has le\u00eddo la noticia que corri\u00f3 hace unos d\u00edas por las diferentes redes sociales: fumar al volante acarrea desde ahora una multa de 4.000 \u20ac. La DGT lo desmiente\u2026 aunque advierte.<\/p>\n<p>La noticia se expandi\u00f3 de tal manera por todo tipo de foros\u2026 hasta el punto que ha tenido que ser la <strong>propia Direcci\u00f3n General de Tr\u00e1fico (DGT) la que ha tenido que salir al paso<\/strong> a desmentirlo ante el cariz que estaba alcanzando la supuesta informaci\u00f3n.<\/p>\n<p>As\u00ed, a trav\u00e9s de un <strong>tuit lanzado en su propia cuenta oficial<\/strong> en la red social <strong>(@DGTes<\/strong>), la DGT confirma ahora que \u201c<strong>fumar mientras se conduce NO es infracci\u00f3n<\/strong>\u201d tal y como se estaba propagando. Sin embargo, el propio organismo s\u00ed advierte que puede tener consecuencias y, dependiendo del caso, hasta posible multa\u2026 aunque no por el hecho de fumar en s\u00ed.<\/p>\n<p>La DGT asegura en cambio que fumar \u201c<strong>puede ser sancionable si se hace provocando distracci\u00f3n o poniendo en riesgo la seguridad vial<\/strong>\u201d. En este caso deber\u00e1 ser un agente el que considere que, estando fumando, el conductor circula con sus condiciones por ejemplo disminuidas al no contar con una mano o desviando su atenci\u00f3n de la carretera.<\/p>\n<p>Desmentido por tanto este bulo, s\u00ed habr\u00eda que considerar que el <strong>Reglamento de Circulaci\u00f3n, en su art\u00edculo 18, apartado 1<\/strong>, s\u00ed proh\u00edbe toda aquella pr\u00e1ctica o acci\u00f3n que pueda suponer una disminuci\u00f3n de la atenci\u00f3n en carretera. \u201c<strong>El conductor de un veh\u00edculo est\u00e1 obligado a mantener su propia libertad de movimientos<\/strong>, el campo necesario de visi\u00f3n y la atenci\u00f3n permanente a la conducci\u00f3n, que garanticen su propia seguridad, la del resto de los ocupantes y la del resto de usuarios de la v\u00eda\u201d. Acogi\u00e9ndose a art\u00edculos como este, manipular al volante dispositivos m\u00f3viles, e incluso mandos como el sistema multimedia del propio coche podr\u00edan ser susceptibles de acarrear sanci\u00f3n. Este tipo de sanci\u00f3n podr\u00eda suponer multas de hasta 100 euros (la falta ser\u00eda considerada leve), siempre que interfieran en las pr\u00e1cticas de conducci\u00f3n.<\/p>\n<p>Fumar, por tanto, no est\u00e1 especificado propiamente como prohibido en el Reglamento de Circulaci\u00f3n, pero s\u00ed <strong>arrojar colillas por la ventana del veh\u00edculo<\/strong>, que supondr\u00eda en tal caso la p\u00e9rdida de <strong>4 puntos y hasta 200 euros de multa<\/strong>.<\/p>\n<p>Por supuesto, el peligro que acarrea fumar conduciendo es que una brasa del cigarrillo se escape y vuele creando el consiguiente nerviosismo en el conductor y en los ocupantes. Mucho cuidado con esto\u2026<a href=\"\/motor\/wp-content\/uploads\/sites\/9\/2017\/02\/FUMAR-EN-EL-COCHE-1.jpg\"><img loading=\"lazy\" class=\"aligncenter size-medium wp-image-113\" title=\"FUMAR EN EL COCHE\" src=\"\/motor\/wp-content\/uploads\/sites\/9\/2017\/02\/FUMAR-EN-EL-COCHE-1.jpg\" alt=\"\" width=\"300\" height=\"156\" srcset=\"https:\/\/static-blogs.diariovasco.com\/wp-content\/uploads\/sites\/9\/2017\/02\/FUMAR-EN-EL-COCHE-1.jpg 1440w, https:\/\/static-blogs.diariovasco.com\/wp-content\/uploads\/sites\/9\/2017\/02\/FUMAR-EN-EL-COCHE-1-300x156.jpg 300w, https:\/\/static-blogs.diariovasco.com\/wp-content\/uploads\/sites\/9\/2017\/02\/FUMAR-EN-EL-COCHE-1-768x400.jpg 768w, https:\/\/static-blogs.diariovasco.com\/wp-content\/uploads\/sites\/9\/2017\/02\/FUMAR-EN-EL-COCHE-1-1024x533.jpg 1024w\" sizes=\"(max-width: 300px) 100vw, 300px\" \/><\/a><\/p>\n<!-- AddThis Advanced Settings generic via filter on the_content --><!-- AddThis Share Buttons generic via filter on the_content -->","protected":false},"excerpt":{"rendered":"<p>Seguro que has le\u00eddo la noticia que corri\u00f3 hace unos d\u00edas por las diferentes redes sociales: fumar al volante acarrea desde ahora una multa de 4.000 \u20ac. La DGT lo desmiente\u2026 aunque advierte. La noticia se expandi\u00f3 de tal manera por todo tipo de foros\u2026 hasta el punto que ha tenido que ser la propia [&hellip;]<!-- AddThis Advanced Settings generic via filter on get_the_excerpt --><!-- AddThis Share Buttons generic via filter on get_the_excerpt --><\/p>\n","protected":false},"author":20,"featured_media":0,"comment_status":"open","ping_status":"closed","sticky":false,"template":"","format":"standard","meta":[],"categories":[3],"tags":[],"_links":{"self":[{"href":"https:\/\/blogs.diariovasco.com\/motor\/wp-json\/wp\/v2\/posts\/112"}],"collection":[{"href":"https:\/\/blogs.diariovasco.com\/motor\/wp-json\/wp\/v2\/posts"}],"about":[{"href":"https:\/\/blogs.diariovasco.com\/motor\/wp-json\/wp\/v2\/types\/post"}],"author":[{"embeddable":true,"href":"https:\/\/blogs.diariovasco.com\/motor\/wp-json\/wp\/v2\/users\/20"}],"replies":[{"embeddable":true,"href":"https:\/\/blogs.diariovasco.com\/motor\/wp-json\/wp\/v2\/comments?post=112"}],"version-history":[{"count":1,"href":"https:\/\/blogs.diariovasco.com\/motor\/wp-json\/wp\/v2\/posts\/112\/revisions"}],"predecessor-version":[{"id":136,"href":"https:\/\/blogs.diariovasco.com\/motor\/wp-json\/wp\/v2\/posts\/112\/revisions\/136"}],"wp:attachment":[{"href":"https:\/\/blogs.diariovasco.com\/motor\/wp-json\/wp\/v2\/media?parent=112"}],"wp:term":[{"taxonomy":"category","embeddable":true,"href":"https:\/\/blogs.diariovasco.com\/motor\/wp-json\/wp\/v2\/categories?post=112"},{"taxonomy":"post_tag","embeddable":true,"href":"https:\/\/blogs.diariovasco.com\/motor\/wp-json\/wp\/v2\/tags?post=112"}],"curies":[{"name":"wp","href":"https:\/\/api.w.org\/{rel}","templated":true}]}}