{"id":119,"date":"2017-03-19T12:01:54","date_gmt":"2017-03-19T11:01:54","guid":{"rendered":"http:\/\/blogs.diariovasco.com\/motor\/?p=119"},"modified":"2017-03-19T12:01:54","modified_gmt":"2017-03-19T11:01:54","slug":"semaforos-en-el-suelo-para-zombies-del-movil","status":"publish","type":"post","link":"https:\/\/blogs.diariovasco.com\/motor\/2017\/03\/19\/semaforos-en-el-suelo-para-zombies-del-movil\/","title":{"rendered":"Sem\u00e1foros en el suelo para zombies del movil"},"content":{"rendered":"<p><a href=\"\/motor\/wp-content\/uploads\/sites\/9\/2017\/03\/semaforos1.jpg\"><img loading=\"lazy\" class=\"alignleft size-medium wp-image-128\" title=\"semaforos\" src=\"\/motor\/wp-content\/uploads\/sites\/9\/2017\/03\/semaforos1.jpg\" alt=\"\" width=\"300\" height=\"161\" srcset=\"https:\/\/static-blogs.diariovasco.com\/wp-content\/uploads\/sites\/9\/2017\/03\/semaforos1.jpg 646w, https:\/\/static-blogs.diariovasco.com\/wp-content\/uploads\/sites\/9\/2017\/03\/semaforos1-300x161.jpg 300w\" sizes=\"(max-width: 300px) 100vw, 300px\" \/><\/a><\/p>\n<p>&nbsp;<\/p>\n<p>&nbsp;<\/p>\n<p>&nbsp;<\/p>\n<p>&nbsp;<\/p>\n<p>&nbsp;<\/p>\n<p>&nbsp;<\/p>\n\n\t\t<style type=\"text\/css\">\n\t\t\t#gallery-1 {\n\t\t\t\tmargin: auto;\n\t\t\t}\n\t\t\t#gallery-1 .gallery-item {\n\t\t\t\tfloat: left;\n\t\t\t\tmargin-top: 10px;\n\t\t\t\ttext-align: center;\n\t\t\t\twidth: 33%;\n\t\t\t}\n\t\t\t#gallery-1 img {\n\t\t\t\tborder: 2px solid #cfcfcf;\n\t\t\t}\n\t\t\t#gallery-1 .gallery-caption {\n\t\t\t\tmargin-left: 0;\n\t\t\t}\n\t\t\t\/* see gallery_shortcode() in wp-includes\/media.php *\/\n\t\t<\/style>\n\t\t<div id='gallery-1' class='gallery galleryid-119 gallery-columns-3 gallery-size-thumbnail'><dl class='gallery-item'>\n\t\t\t<dt class='gallery-icon landscape'>\n\t\t\t\t<a href='https:\/\/blogs.diariovasco.com\/motor\/2017\/03\/19\/semaforos-en-el-suelo-para-zombies-del-movil\/14872372040466-2\/'><img width=\"150\" height=\"150\" src=\"https:\/\/static-blogs.diariovasco.com\/wp-content\/uploads\/sites\/9\/2017\/03\/148723720404661-150x150.jpg\" class=\"attachment-thumbnail size-thumbnail\" alt=\"\" loading=\"lazy\" \/><\/a>\n\t\t\t<\/dt><\/dl><dl class='gallery-item'>\n\t\t\t<dt class='gallery-icon landscape'>\n\t\t\t\t<a href='https:\/\/blogs.diariovasco.com\/motor\/2017\/03\/19\/semaforos-en-el-suelo-para-zombies-del-movil\/semaforos-a-ras-2\/'><img width=\"150\" height=\"150\" src=\"https:\/\/static-blogs.diariovasco.com\/wp-content\/uploads\/sites\/9\/2017\/03\/Semaforos-a-ras1-150x150.jpg\" class=\"attachment-thumbnail size-thumbnail\" alt=\"\" loading=\"lazy\" \/><\/a>\n\t\t\t<\/dt><\/dl><dl class='gallery-item'>\n\t\t\t<dt class='gallery-icon landscape'>\n\t\t\t\t<a href='https:\/\/blogs.diariovasco.com\/motor\/2017\/03\/19\/semaforos-en-el-suelo-para-zombies-del-movil\/semaforos-2\/'><img width=\"150\" height=\"150\" src=\"https:\/\/static-blogs.diariovasco.com\/wp-content\/uploads\/sites\/9\/2017\/03\/semaforos1-150x150.jpg\" class=\"attachment-thumbnail size-thumbnail\" alt=\"\" loading=\"lazy\" \/><\/a>\n\t\t\t<\/dt><\/dl><br style=\"clear: both\" \/><dl class='gallery-item'>\n\t\t\t<dt class='gallery-icon landscape'>\n\t\t\t\t<a href='https:\/\/blogs.diariovasco.com\/motor\/2017\/03\/19\/semaforos-en-el-suelo-para-zombies-del-movil\/semaforo-suelo-2\/'><img width=\"150\" height=\"150\" src=\"https:\/\/static-blogs.diariovasco.com\/wp-content\/uploads\/sites\/9\/2017\/03\/Semaforo-suelo1-150x150.jpg\" class=\"attachment-thumbnail size-thumbnail\" alt=\"\" loading=\"lazy\" \/><\/a>\n\t\t\t<\/dt><\/dl><dl class='gallery-item'>\n\t\t\t<dt class='gallery-icon landscape'>\n\t\t\t\t<a href='https:\/\/blogs.diariovasco.com\/motor\/2017\/03\/19\/semaforos-en-el-suelo-para-zombies-del-movil\/movil-y-semaforo-2\/'><img width=\"150\" height=\"150\" src=\"https:\/\/static-blogs.diariovasco.com\/wp-content\/uploads\/sites\/9\/2017\/03\/Movil-y-semaforo1-150x150.jpg\" class=\"attachment-thumbnail size-thumbnail\" alt=\"\" loading=\"lazy\" \/><\/a>\n\t\t\t<\/dt><\/dl>\n\t\t\t<br style='clear: both' \/>\n\t\t<\/div>\n\n<p>No es nuevo que el uso de los tel\u00e9fonos m\u00f3viles ocupa nuestras vidas de forma cada vez m\u00e1s masiva. Como no pod\u00eda ser de otra manera, la costumbre de utilizarlo en todo tipo de situaciones ha hecho que las administraciones municipales se \u201cespabilen\u201d e ideen sistemas para que el peat\u00f3n que va absorto en su interacci\u00f3n con su dispositivo m\u00f3vil, no se despiste y cruce la calle con riesgo. As\u00ed, Colonia fue la primera ciudad en colocar unas franjas de luces LED en el margen de los ra\u00edles con el fin de atraer la mirada de los viandantes que no prestan atenci\u00f3n al tr\u00e1fico.<br \/>\nAugsburgo ha sido la segunda ciudad alemana en sumarse al proyecto pionero de incorporar sem\u00e1foros en el suelo en algunos cruces de tranv\u00eda. El objetivo es llamar la atenci\u00f3n de aquellos peatones absortos en las pantallas de sus tel\u00e9fonos inteligentes. y evitar accidentes graves e incluso mortales.<br \/>\nSabemos que en Catalu\u00f1a, en San Cugat concretamente, en la plaza del Quatre Cantons de Sant Cugat (Barcelona), estrena sem\u00e1foros en el suelo para proteger de posibles accidentes a los peatones que andan, con la cabeza agachada y la mirada fija en la pantalla, mientras consultan el tel\u00e9fono m\u00f3vil. Se trata de una l\u00ednea de luces led de color rojo estrat\u00e9gicamente colocada en la acera. Cuando el sem\u00e1foro est\u00e1 en rojo, prohibiendo el paso del viandante, se ilumina tambi\u00e9n en ese color. Pero, a diferencia del sistema tradicional, queda dentro de su campo de visi\u00f3n. El proyecto, con una inversi\u00f3n de 5.000 euros, podr\u00eda extenderse a m\u00e1s pasos cebra de la ciudad, ya que el equipo de Gobierno lleva a cabo un plan para mejorar la seguridad vial de todos sus vecinos.<br \/>\nEl \u00faltimo municipio En Bodengraven-Reewijk, un municipio holand\u00e9s, ha tomado una decisi\u00f3n bastante extrema: ya que la gente no va a parar de caminar mirando el tel\u00e9fono, algo que parece bastante com\u00fan en los Pa\u00edses Bajos, han intentado resolver este problema tirando de ingenio y de luces LED.<br \/>\nDesde la pasada semana, est\u00e1n haciendo ensayos con un nuevo sistema de iluminaci\u00f3n que, en resumen, inserta una banda de LEDs rojos muy brillantes en el pavimento para indicar a aquellos que miran hacia su tel\u00e9fono y, por la postura, tambi\u00e9n hacia el suelo que tienen delante un sem\u00e1foro o un paso de peatones. El proyecto se ha denominado oficialmente como &#8216;+ Light Line&#8217; y ha sido desarrollado por una empresa de sem\u00e1foros local llamada HIG Traffic Systems. La banda alterna los colores verde y rojo, parpadeando tambi\u00e9n cuando est\u00e1 a punto de cambiar entre uno u otro, como un sem\u00e1foro tradicional. Estos primeros &#8216;sem\u00e1foros lineales&#8217; en el suelo se han instalado alrededor de colegios, pues consideran que la gente joven es la m\u00e1s susceptible de mirar al tel\u00e9fono en lugar de al tr\u00e1fico. Seg\u00fan un responsable del municipio, mucha gente se distrae con &#8220;las redes sociales, los juegos, WhatsApp y la m\u00fasica&#8221;, lo que hace que presten menos atenci\u00f3n al tr\u00e1fico. &#8220;No podemos revertir f\u00e1cilmente esta tendencia, pero queremos anticiparnos a ella&#8221;. Los responsables de la tecnolog\u00eda piensan que &#8220;el uso de smartphones por peatones y ciclistas es un gran problema&#8221;, lo que ocasiona muchos &#8220;frenazos de emergencia porque alguien est\u00e1 mirando al tel\u00e9fono en lugar de al tr\u00e1fico&#8221;.<\/p>\n<!-- AddThis Advanced Settings generic via filter on the_content --><!-- AddThis Share Buttons generic via filter on the_content -->","protected":false},"excerpt":{"rendered":"<p>&nbsp; &nbsp; &nbsp; &nbsp; &nbsp; &nbsp; No es nuevo que el uso de los tel\u00e9fonos m\u00f3viles ocupa nuestras vidas de forma cada vez m\u00e1s masiva. Como no pod\u00eda ser de otra manera, la costumbre de utilizarlo en todo tipo de situaciones ha hecho que las administraciones municipales se \u201cespabilen\u201d e ideen sistemas para que el [&hellip;]<!-- AddThis Advanced Settings generic via filter on get_the_excerpt --><!-- AddThis Share Buttons generic via filter on get_the_excerpt --><\/p>\n","protected":false},"author":20,"featured_media":129,"comment_status":"open","ping_status":"closed","sticky":false,"template":"","format":"standard","meta":[],"categories":[3],"tags":[],"_links":{"self":[{"href":"https:\/\/blogs.diariovasco.com\/motor\/wp-json\/wp\/v2\/posts\/119"}],"collection":[{"href":"https:\/\/blogs.diariovasco.com\/motor\/wp-json\/wp\/v2\/posts"}],"about":[{"href":"https:\/\/blogs.diariovasco.com\/motor\/wp-json\/wp\/v2\/types\/post"}],"author":[{"embeddable":true,"href":"https:\/\/blogs.diariovasco.com\/motor\/wp-json\/wp\/v2\/users\/20"}],"replies":[{"embeddable":true,"href":"https:\/\/blogs.diariovasco.com\/motor\/wp-json\/wp\/v2\/comments?post=119"}],"version-history":[{"count":0,"href":"https:\/\/blogs.diariovasco.com\/motor\/wp-json\/wp\/v2\/posts\/119\/revisions"}],"wp:featuredmedia":[{"embeddable":true,"href":"https:\/\/blogs.diariovasco.com\/motor\/wp-json\/wp\/v2\/media\/129"}],"wp:attachment":[{"href":"https:\/\/blogs.diariovasco.com\/motor\/wp-json\/wp\/v2\/media?parent=119"}],"wp:term":[{"taxonomy":"category","embeddable":true,"href":"https:\/\/blogs.diariovasco.com\/motor\/wp-json\/wp\/v2\/categories?post=119"},{"taxonomy":"post_tag","embeddable":true,"href":"https:\/\/blogs.diariovasco.com\/motor\/wp-json\/wp\/v2\/tags?post=119"}],"curies":[{"name":"wp","href":"https:\/\/api.w.org\/{rel}","templated":true}]}}