{"id":139,"date":"2017-04-17T22:19:44","date_gmt":"2017-04-17T21:19:44","guid":{"rendered":"http:\/\/blogs.diariovasco.com\/motor\/?p=133"},"modified":"2017-04-18T16:13:20","modified_gmt":"2017-04-18T15:13:20","slug":"viaje-al-desierto-de-los-ninos","status":"publish","type":"post","link":"https:\/\/blogs.diariovasco.com\/motor\/2017\/04\/17\/viaje-al-desierto-de-los-ninos\/","title":{"rendered":"Viaje al Desierto de los Ni\u00f1os"},"content":{"rendered":"<p>&nbsp;<\/p>\n<p><a href=\"\/motor\/wp-content\/uploads\/sites\/9\/2017\/04\/DN2017_1-3.jpg\"><img loading=\"lazy\" class=\"alignleft size-medium wp-image-135\" title=\"DN2017_1\" src=\"\/motor\/wp-content\/uploads\/sites\/9\/2017\/04\/DN2017_1-3.jpg\" alt=\"\" width=\"300\" height=\"200\" \/><\/a><\/p>\n<p>&nbsp;<\/p>\n<p>&nbsp;<\/p>\n<p>&nbsp;<\/p>\n<p>&nbsp;<\/p>\n<p>&nbsp;<\/p>\n<p>&nbsp;<\/p>\n<p>&nbsp;<\/p>\n<p>Hace unos d\u00edas hemos llegado de un viaje poco habitual. Un viaje en el que hemos probado a fondo un coche, el Hyundai Tucson, en las condiciones m\u00e1s extremas a las que se puede poner este tipo de modelos SUV: realizamos m\u00e1s de 4.000 kil\u00f3metros en una semana con recorridos por la arena del desierto, carreteras monta\u00f1osas del medio y alto Atlas marroqu\u00ed y pistas de r\u00edos secos, alguna de las cuales han sido etapas del m\u00edtico raid Paris-Dakar de ata\u00f1o, cuando recorr\u00eda el continente africano.<\/p>\n<p>Este a\u00f1o <strong>EL DIARIO VASCO<\/strong> pudo compartir gracias a Hyundai la gran aventura solidaria de la 13\u00aa edici\u00f3n de El Desierto de los Ni\u00f1os. Durante 10 d\u00edas participamos en la caravana al volante de un Hyundai Tucson, un modelo que nos ha sorprendido much\u00edsimo \u2013el coche iba de serie exceptuando unas llantas algo m\u00e1s fuertes- y las de otros Hyundai Santa Fe, que tambi\u00e9n formaron parte de la expedici\u00f3n de 17 Hyundai que recorrimos Marruecos, junto con dos ix20 Active.\u00a0No olvidemos que el Hyundai Tucson es un Sport Utility Vehicle no especialmente indicado para hacer todo terreno, sin embargo, su comportamiento ha sido intachable.<\/p>\n<p><a href=\"\/motor\/wp-content\/uploads\/sites\/9\/2017\/04\/IMG_9403-3.jpg\"><img loading=\"lazy\" class=\"alignleft size-medium wp-image-134\" title=\"IMG_9403\" src=\"\/motor\/wp-content\/uploads\/sites\/9\/2017\/04\/IMG_9403-3.jpg\" alt=\"\" width=\"300\" height=\"225\" \/><\/a><\/p>\n<p>&nbsp;<\/p>\n<p>&nbsp;<\/p>\n<p>&nbsp;<\/p>\n<p>&nbsp;<\/p>\n<p>&nbsp;<\/p>\n<p>&nbsp;<\/p>\n<p>&nbsp;<\/p>\n<p>&nbsp;<\/p>\n<p><strong>Asociaci\u00f3n de ayuda<\/strong><\/p>\n<p>El motivo principal del viaje era acompa\u00f1ar y colaborar en el trabajo que realiza desde hace m\u00e1s de 13 a\u00f1os la Asociaci\u00f3n del Desierto de los Ni\u00f1os (<a href=\"http:\/\/www.desiertoninos.com\">www.desiertoninos.com<\/a>). La idea surgi\u00f3 en 2004, cuando la revista Autoverde 4&#215;4 organiz\u00f3 para sus lectores un viaje a Marruecos por Semana Santa al que acudieron 16 veh\u00edculos, al que asistieron pocos ni\u00f1os. A partir de esa edici\u00f3n, Nacho Salvador, director de la revista, se plante\u00f3 la idea de unir aventura, ocio y ni\u00f1os en un mismo formato. Despu\u00e9s, en 2005 se uni\u00f3 la solidaridad de Hyundai y Coca-Cola que apoyaron la iniciativa repartiendo mochilas, material escolar, balones, pizarras, borradores, tizas, cuadernos, bol\u00edgrafos y diversos materiales \u00fatiles. As\u00ed naci\u00f3 en 2005 la primera edici\u00f3n de El Desierto de los Ni\u00f1os. \u00c9sta que hemos realizado ha sido la decimotercera.<\/p>\n<p>En la caravana solidaria de este a\u00f1o se han reunido 61 veh\u00edculos (por desgracia el Cami\u00f3n Solidario Aquarius se averi\u00f3 en el puerto y tuvo que realizar una parte del reparto de material m\u00e1s tarde), en los que viajaron 209 personas entre padres, ni\u00f1os y ni\u00f1as.<\/p>\n<p><a href=\"\/motor\/wp-content\/uploads\/sites\/9\/2017\/04\/IMG_9394-3.jpg\"><img loading=\"lazy\" class=\"alignleft size-medium wp-image-138\" title=\"IMG_9394\" src=\"\/motor\/wp-content\/uploads\/sites\/9\/2017\/04\/IMG_9394-3.jpg\" alt=\"\" width=\"300\" height=\"168\" \/><\/a><\/p>\n<p>&nbsp;<\/p>\n<p>&nbsp;<\/p>\n<p>&nbsp;<\/p>\n<p>&nbsp;<\/p>\n<p>&nbsp;<\/p>\n<p>&nbsp;<\/p>\n<p>Cuando hace un par de meses nos propusieron la idea de ir a Marruecos a recorrer en un Hyundai Tucson m\u00e1s de 4.000 km (saliendo de Madrid hasta Algeciras, pasando por ciudades como T\u00e1nger, Fez, Merzouga, Erfoud, etc.,) la idea nos atrajo al instante. M\u00e1s aun cuando nos contaron los motivos: resulta que Hyundai colabora con ADN poniendo los de los veh\u00edculos de organizaci\u00f3n y materiales para los ni\u00f1os de las aldeas que visitar\u00edamos y en otras materias con el desarrollo del viaje denominado \u201cEl Desierto de los Ni\u00f1os\u201d.<\/p>\n<p>Aunque en a\u00f1os anteriores hab\u00edamos contado a nuestros lectores en qu\u00e9 consist\u00eda este viaje, en esta oportunidad nos ofrec\u00edan hacerlo. \u00a1\u00a1Imposible negarse!!<\/p>\n<p><a href=\"\/motor\/wp-content\/uploads\/sites\/9\/2017\/04\/Dunas-peque-3.jpg\"><img loading=\"lazy\" class=\"alignleft size-medium wp-image-139\" title=\"Dunas peque\" src=\"\/motor\/wp-content\/uploads\/sites\/9\/2017\/04\/Dunas-peque-3.jpg\" alt=\"\" width=\"300\" height=\"200\" \/><\/a><\/p>\n<p>&nbsp;<\/p>\n<p>&nbsp;<\/p>\n<p>&nbsp;<\/p>\n<p>&nbsp;<\/p>\n<p>&nbsp;<\/p>\n<p>&nbsp;<\/p>\n<p>&nbsp;<\/p>\n<p><strong>Salimos desde Madrid<\/strong><\/p>\n<p>As\u00ed, partimos desde Madrid, una vez recogido nuestro flamante Hyundai Tucson rotulado, hacia Tarifa, v\u00eda Sevilla con la intenci\u00f3n de hacer noche en la capital andaluza. Al d\u00eda siguiente, salimos de Sevilla en direcci\u00f3n a Tarifa cuando nos avisaron que hab\u00eda viento de fuerza 6 (una barbaridad) en el Estrecho de Gibraltar y que los ferris peque\u00f1os que zarpan de Tarifa no pod\u00edan hacerlo por el temporal y ten\u00edamos que dirigirnos a toda velocidad a Algeciras para tomar un ferri m\u00e1s grande que pudiera navegar hasta T\u00e1nger Med, un puerto nuevo que nos pillaba m\u00e1s lejos de T\u00e1nger ciudad pero que era la \u00fanica opci\u00f3n. Llegados por fin a T\u00e1nger, con un retraso de m\u00e1s de 4 horas, dormimos la primera noche en Marruecos. Conocimos a nuestros compa\u00f1eros de viaje y a la gente de la ADN y de la Fundaci\u00f3n de Alain Affelou (el \u00f3ptico franc\u00e9s tan famoso), las doctoras de la expedici\u00f3n y a los organizadores, comandados por Nacho Salvador y Federico Granda de ADN.<\/p>\n<p>Gente toda ella estupenda y enormemente amable.<\/p>\n<p><a href=\"\/motor\/wp-content\/uploads\/sites\/9\/2017\/04\/IMG_9401-3.jpg\"><img loading=\"lazy\" class=\"alignleft size-medium wp-image-140\" title=\"IMG_9401\" src=\"\/motor\/wp-content\/uploads\/sites\/9\/2017\/04\/IMG_9401-3.jpg\" alt=\"\" width=\"300\" height=\"225\" \/><\/a><\/p>\n<p>&nbsp;<\/p>\n<p>&nbsp;<\/p>\n<p>&nbsp;<\/p>\n<p>&nbsp;<\/p>\n<p>&nbsp;<\/p>\n<p>&nbsp;<\/p>\n<p>&nbsp;<\/p>\n<p>&nbsp;<\/p>\n<p>Los muchachos de Alain Affelou quer\u00edan batir el r\u00e9cord del a\u00f1o pasado y lograron \u2013al final del viaje- realizar 760 graduaciones de ojos a ni\u00f1os y mayores. Aut\u00e9ntico r\u00e9cord. Haciendo un par\u00e9ntesis al relato del viaje, dir\u00e9 que los 6 \u00f3pticos que vinieron a realizar su trabajo eran unos fen\u00f3menos, provenientes cada uno de una zona del pa\u00eds y con la presencia de un \u00f3ptico marroqu\u00ed desarrollaron una labor incre\u00edble. Esta haza\u00f1a la consumaron en Glagla, cerca de Merzouga, seis \u00f3pticos voluntarios: Juanjo, Ver\u00f3nica, Joan, Raquel, Luisa y Mar\u00eda. Unos cracks a quienes felicitamos desde aqu\u00ed.<\/p>\n<p>Como dec\u00eda uno de ellos \u201dlo m\u00e1s impresionante es cuando ves a un peque\u00f1o que de no ver m\u00e1s que sombras\u2026 al ir coloc\u00e1ndole cristales con aumento empieza a sonre\u00edr y, cuando conseguimos acertar con la \u00f3ptica necesaria, su leve sonrisa se convierte en una redonda, franca y emotiva sonrisa\u2026 Eso no tiene precio. El poder dar esa alegr\u00eda a un ni\u00f1o o una ni\u00f1a es impagable\u2026\u201d Y eso que la aver\u00eda del cami\u00f3n (donde se encontraba parte del material de la Fundaci\u00f3n Alain Af\u00edlelo) imposibilit\u00f3 que llegaran las gafas de prueba. Menos mal que la Fundaci\u00f3n Marroqu\u00ed para la Ayuda de Personas con Dificultades Visuales y su mismo director, Choukri Younes, lo solucionaron llevando el material de apoyo personalmente. Marruecos es as\u00ed\u2026 todo tiene soluci\u00f3n.<\/p>\n<p><a href=\"\/motor\/wp-content\/uploads\/sites\/9\/2017\/04\/DN2017_20-3.jpg\"><img loading=\"lazy\" class=\"alignleft size-medium wp-image-143\" title=\"DN2017_20\" src=\"\/motor\/wp-content\/uploads\/sites\/9\/2017\/04\/DN2017_20-3.jpg\" alt=\"\" width=\"300\" height=\"200\" \/><\/a><\/p>\n<p>&nbsp;<\/p>\n<p>&nbsp;<\/p>\n<p>&nbsp;<\/p>\n<p>&nbsp;<\/p>\n<p>&nbsp;<\/p>\n<p>&nbsp;<\/p>\n<p>&nbsp;<\/p>\n<p>&#8220;Hab\u00eda una chica de unos 30 a\u00f1os, que nunca hab\u00eda usado gafas graduadas, prob\u00f3 una con 16 dioptr\u00edas. Se emocion\u00f3 tanto al poder ver bien con las gafas de prueba que rompi\u00f3 a llorar&#8221;, coment\u00f3 Raquel a un expedicionario. En esta ocasi\u00f3n, el director de desarrollo de Alain Afflelou para el Magreb y el \u00c1frica franc\u00f3fona, Abdelaziz Idhammou, ayud\u00f3 tambi\u00e9n a los voluntarios, atendiendo a peque\u00f1os y mayores.<\/p>\n<p><a href=\"\/motor\/wp-content\/uploads\/sites\/9\/2017\/04\/DN2017_9-txiki-3.jpg\"><img loading=\"lazy\" class=\"alignleft size-medium wp-image-141\" title=\"DN2017_9 txiki\" src=\"\/motor\/wp-content\/uploads\/sites\/9\/2017\/04\/DN2017_9-txiki-3.jpg\" alt=\"\" width=\"300\" height=\"199\" \/><\/a><\/p>\n<p>&nbsp;<\/p>\n<p>&nbsp;<\/p>\n<p>&nbsp;<\/p>\n<p>&nbsp;<\/p>\n<p>&nbsp;<\/p>\n<p>&nbsp;<\/p>\n<p>&nbsp;<\/p>\n<p>A partir de ah\u00ed, imag\u00ednense lo emotivo del viaje. Hemos podido conocer la incre\u00edble variedad paisaj\u00edstica de Marruecos con zonas que parec\u00edan el mism\u00edsimo altiplano boliviano (que uno conoce, por suerte) y sus habitantes que se asemejaban a los mayas (morenos de tex y de baja estatura), pasando por zonas des\u00e9rticas con dunas incre\u00edbles (Er Rachidia, Erfoud o Er Chebbi) o los alucinantes oasis que se encuentra uno en los trayectos realizados, alguno de m\u00e1s de 600 km, con palmerales en los que m\u00e1s de un mill\u00f3n de palmeras surten de d\u00e1tiles a la regi\u00f3n.<\/p>\n<p><a href=\"\/motor\/wp-content\/uploads\/sites\/9\/2017\/04\/DN2017_31-3.jpg\"><img loading=\"lazy\" class=\"alignleft size-medium wp-image-145\" title=\"DN2017_3\" src=\"\/motor\/wp-content\/uploads\/sites\/9\/2017\/04\/DN2017_31-3.jpg\" alt=\"\" width=\"300\" height=\"200\" \/><\/a><\/p>\n<p>&nbsp;<\/p>\n<p>&nbsp;<\/p>\n<p>&nbsp;<\/p>\n<p>&nbsp;<\/p>\n<p>&nbsp;<\/p>\n<p>&nbsp;<\/p>\n<p>&nbsp;<\/p>\n<p><strong>Magnifica diversidad paisaj\u00edstica<\/strong><\/p>\n<p>Hemos conocido ciudades como Fez, donde se encuentra la Medina m\u00e1s grande de Marruecos y con unos monumentos y puertas incre\u00edbles as\u00ed como el palacio m\u00e1s grande que tiene el rey Mohamed VI. Posteriormente pernoctamos en Midelt, a los pies de la cordillera del Atlas, conocida por sus magnificas alfombras a la que para llegar, atravesamos los bosques de cedros Gouraud por la carretera que va de Azrou a Ifrane. Por ahondar en la variedad paisaj\u00edstica, mencionar que sobrepasamos el medio Atlas con altitudes de 2.200 metros y cruzamos la peque\u00f1a ciudad de Ifrane o Ifr\u00e1n donde se encuentra la Universidad Al Akhawayn, una de las m\u00e1s renombradas de Marruecos y la m\u00e1s cara del pa\u00eds, debido a su lujoso campus universitario. Situada a 1.713 metros de altitud es una ciudad de reciente creaci\u00f3n (1929), y con una poblaci\u00f3n de unos 30.000 habitantes, que disfrutan del aire puro, de los bosques de cedro que la rodean, lagos, fuentes y manantiales. Podr\u00eda estar enclavada en los Alpes, con villas con techos picudos para las nieves y urbanizadas como en pueblos suizos, donde el rey de Marruecos tiene su palacio de invierno.<\/p>\n<p><a href=\"\/motor\/wp-content\/uploads\/sites\/9\/2017\/04\/DN2017_12-3.jpg\"><img loading=\"lazy\" class=\"alignleft size-medium wp-image-146\" title=\"DN2017_12\" src=\"\/motor\/wp-content\/uploads\/sites\/9\/2017\/04\/DN2017_12-3.jpg\" alt=\"\" width=\"300\" height=\"200\" \/><\/a><\/p>\n<p>&nbsp;<\/p>\n<p>&nbsp;<\/p>\n<p>&nbsp;<\/p>\n<p>&nbsp;<\/p>\n<p>&nbsp;<\/p>\n<p>&nbsp;<\/p>\n<p>&nbsp;<\/p>\n<p>El contraste a esto vino dado por las dunas de Erg-Chebi, muy cerca de Merzouga, situada a 50 kil\u00f3metros de la frontera con Argelia.<\/p>\n<p>En esta zona, tuvimos oportunidad de probar nuestro Tucson en la zona de dunas de Erg-Chebi donde el veh\u00edculo se comport\u00f3 de forma sorprendente sin ninguna enganchada ni necesidad de ser sacados de la arena.<\/p>\n<p>Al d\u00eda siguiente nos encaminamos a conocer \u2013\u00a1\u00a1por fin!!- la escuela de n\u00f3madas en Kamkmia, construida en el linde de un oued (rio) totalmente seco. Se trata de cerca de 25 kil\u00f3metros de tierra y arena en el que viven 20 familias y donde la bailarina y educadora social donostiarra Cristina Montero, est\u00e1 llevando a cabo una tarea importante para escolarizar a los m\u00e1s peque\u00f1os. Desde su asociaci\u00f3n <em>Aisha Danza Alma<\/em> impulsa (con sus propios medios) la educaci\u00f3n de ni\u00f1os y ni\u00f1as de esta peque\u00f1a comunidad. Con sus actuaciones y festivales recauda dinero para construir el techo de su escuela, pagar el sueldo a un maestro, construir una cocina para dar de comer a los ni\u00f1os y crear un taller de mujeres. La Asociaci\u00f3n Desierto Ni\u00f1os aport\u00f3 su granito de arena prometiendo material para el techo de la escuela y los participantes colaboramos aportando material escolar, ropa y la mayor parte de los &#8216;Cuadernos de Manolo&#8217; para que los m\u00e1s peque\u00f1os puedan seguir con su escolarizaci\u00f3n.<\/p>\n<p>Antes de regresar a Espa\u00f1a, los componentes de la caravana visitamos una guarder\u00eda en Al-Chiaifa en la que la Asociaci\u00f3n Desierto de los Ni\u00f1os financia la reconstrucci\u00f3n de la misma, demoliendo la estructura actual y creando una nueva para que los ni\u00f1os de entre 6 y 11 a\u00f1os puedan recibir educaci\u00f3n.<\/p>\n<p>Despu\u00e9s, hab\u00eda que volver: desde Erfoud, los 61 veh\u00edculos separados en grupos- tomamos camino hacia Nador, 596 kil\u00f3metros de carretera para embarcar en un ferri que nos traslad\u00f3 tras siete horas de navegaci\u00f3n hasta el puerto de Almer\u00eda. Las carreteras en Marruecos han mejorado mucho. Lo que antes te costaba 2 horas ahora lo puedes hacer en media. Y casi todo est\u00e1 asfaltado.<\/p>\n<p>All\u00ed, los diez d\u00edas de aventura, dunas, arena, bosques, monta\u00f1as y tierra, la 13 edici\u00f3n de El Desierto de los Ni\u00f1os finalizaron. D\u00edas llenos de solidaridad y un ba\u00f1o de realidad para todos.<\/p>\n<p>Est\u00e1 claro que todos podemos ayudar, como en la Asociaci\u00f3n Desierto de los Ni\u00f1os, donde por 30 euros al a\u00f1o, te haces socio y colaboras. Una organizaci\u00f3n de la que sabemos bien y de la que confiamos al dar nuestra colaboraci\u00f3n, cosa que animo a hacer a todos los lectores.<\/p>\n<p>Por supuesto, super recomendable el viaje para todos porque, adem\u00e1s de ayudar y echar una mano a la organizaci\u00f3n y a los ni\u00f1os de las aldeas, pueden pasar unos d\u00edas s\u00faper intensos y plenos de sensaciones con tus hijos que, de paso, dejan los chismes electr\u00f3nicos aparcados y vuelven a jugar con balones y a ser ni\u00f1os&#8230;<\/p>\n<p>Sin duda alguna, merece la pena.<\/p>\n<p>&nbsp;<\/p>\n<p><strong>Andr\u00e9s Viedma<\/strong><\/p>\n<p>cochesdv@gmail.com<\/p>\n<!-- AddThis Advanced Settings generic via filter on the_content --><!-- AddThis Share Buttons generic via filter on the_content -->","protected":false},"excerpt":{"rendered":"<p>&nbsp; &nbsp; &nbsp; &nbsp; &nbsp; &nbsp; &nbsp; &nbsp; Hace unos d\u00edas hemos llegado de un viaje poco habitual. Un viaje en el que hemos probado a fondo un coche, el Hyundai Tucson, en las condiciones m\u00e1s extremas a las que se puede poner este tipo de modelos SUV: realizamos m\u00e1s de 4.000 kil\u00f3metros en una [&hellip;]<!-- AddThis Advanced Settings generic via filter on get_the_excerpt --><!-- AddThis Share Buttons generic via filter on get_the_excerpt --><\/p>\n","protected":false},"author":20,"featured_media":148,"comment_status":"open","ping_status":"closed","sticky":false,"template":"","format":"standard","meta":[],"categories":[3],"tags":[],"_links":{"self":[{"href":"https:\/\/blogs.diariovasco.com\/motor\/wp-json\/wp\/v2\/posts\/139"}],"collection":[{"href":"https:\/\/blogs.diariovasco.com\/motor\/wp-json\/wp\/v2\/posts"}],"about":[{"href":"https:\/\/blogs.diariovasco.com\/motor\/wp-json\/wp\/v2\/types\/post"}],"author":[{"embeddable":true,"href":"https:\/\/blogs.diariovasco.com\/motor\/wp-json\/wp\/v2\/users\/20"}],"replies":[{"embeddable":true,"href":"https:\/\/blogs.diariovasco.com\/motor\/wp-json\/wp\/v2\/comments?post=139"}],"version-history":[{"count":3,"href":"https:\/\/blogs.diariovasco.com\/motor\/wp-json\/wp\/v2\/posts\/139\/revisions"}],"predecessor-version":[{"id":158,"href":"https:\/\/blogs.diariovasco.com\/motor\/wp-json\/wp\/v2\/posts\/139\/revisions\/158"}],"wp:featuredmedia":[{"embeddable":true,"href":"https:\/\/blogs.diariovasco.com\/motor\/wp-json\/wp\/v2\/media\/148"}],"wp:attachment":[{"href":"https:\/\/blogs.diariovasco.com\/motor\/wp-json\/wp\/v2\/media?parent=139"}],"wp:term":[{"taxonomy":"category","embeddable":true,"href":"https:\/\/blogs.diariovasco.com\/motor\/wp-json\/wp\/v2\/categories?post=139"},{"taxonomy":"post_tag","embeddable":true,"href":"https:\/\/blogs.diariovasco.com\/motor\/wp-json\/wp\/v2\/tags?post=139"}],"curies":[{"name":"wp","href":"https:\/\/api.w.org\/{rel}","templated":true}]}}