{"id":159,"date":"2017-04-25T12:41:21","date_gmt":"2017-04-25T11:41:21","guid":{"rendered":"http:\/\/blogs.diariovasco.com\/motor\/?p=149"},"modified":"2017-04-25T12:42:11","modified_gmt":"2017-04-25T11:42:11","slug":"smart-electricos","status":"publish","type":"post","link":"https:\/\/blogs.diariovasco.com\/motor\/2017\/04\/25\/smart-electricos\/","title":{"rendered":"La nueva generaci\u00f3n de Smart el\u00e9ctricos"},"content":{"rendered":"<p><a href=\"\/motor\/wp-content\/uploads\/sites\/9\/2017\/04\/smart1.jpg\"><img loading=\"lazy\" class=\"alignleft size-medium wp-image-150\" style=\"margin: 5px;\" title=\"smart1\" src=\"\/motor\/wp-content\/uploads\/sites\/9\/2017\/04\/smart1.jpg\" alt=\"\" width=\"217\" height=\"300\" \/><\/a>Como era de esperar, Smart, en la cuarta generaci\u00f3n, ya cuenta con modelos totalmente el\u00e9ctricos para disfrutarlos por las ciudades. Ofrece una autonom\u00eda de hasta 160 kil\u00f3metros (NEDC) y una bater\u00eda de iones de litio de 17,6 kWh.<br \/>\nSi est\u00e1s pensando en adquirir un\u00a0buen\u00a0modelo el\u00e9ctrico para moverte por la ciudad y cuyo precio no sea muy elevado, debes saber que Smart ya acepta pedidos de sus nuevos Electric Drive, que empezar\u00e1n a llegar en junio. La nueva generaci\u00f3n de los\u00a0Smart Electric Drive\u00a0est\u00e1 compuesta por tres opciones. Tenemos el\u00a0Smart ForTwo ED\u00a0con carrocer\u00eda coup\u00e9 y su variante descapotable, el\u00a0Smart ForTwo Cabrio ED. Adem\u00e1s, se a\u00f1ade una alternativa, a nuestro enterder, m\u00e1s racional y pr\u00e1ctica de la familia de urbanitas, el\u00a0Smart ForFour ED, con capacidad para cuatro personas. Los tres modelos comparten mec\u00e1nica y tecnolog\u00eda, aunque por cuestiones de tama\u00f1o, peso y aerodin\u00e1mica, tienen una autonom\u00eda diferente.<br \/>\nEn cualquier caso y hablando del apartado mec\u00e1nico, aparece un\u00a0motor el\u00e9ctrico de 60 kW (81 CV) y 160 Nm\u00a0de par m\u00e1ximo asociado a un paquete de\u00a0bater\u00eda de iones de litio de 17,6 kWh. Todos los Smart el\u00e9ctricos tienen limitada la velocidad m\u00e1xima a 130 km\/h.<\/p>\n<p>Por otra parte, y echando un vistazo al\u00a0equipamiento de serie de los modelos Smart Electric Drive, se\u00f1alar que cuentan con la misma dotaci\u00f3n que los Smart de mec\u00e1nica convencional, a la que se suman algunos elementos adicionales como son los siguientes:<br \/>\n-Asistente de frenado activo<br \/>\n-Cuadro de instrumentos adicional con indicaci\u00f3n de potencia y estado de la bater\u00eda<br \/>\n-Acceso gratuito a Smart Control durante tres a\u00f1os para controlar a distancia la recarga inteligente o la preclimatizaci\u00f3n<br \/>\n-Cargador de 4,6 kW<br \/>\n-Cable de carga para toma de hogar o para Wallbox<br \/>\n-Bater\u00eda de iones de litio con certificado de garant\u00eda hasta 100.000 kil\u00f3metros u ocho a\u00f1os de uso<\/p>\n<p>Y en caso de que el equipamiento de serie te parezca insuficiente, existen diferentes\u00a0paquetes opcionales y acabados especiales\u00a0que hay disponibles en la gama de los nuevos el\u00e9ctricos de\u00a0Smart. El precio de partida es de 23.302 euros<\/p>\n\n<!-- AddThis Advanced Settings generic via filter on the_content --><!-- AddThis Share Buttons generic via filter on the_content -->","protected":false},"excerpt":{"rendered":"<p>Como era de esperar, Smart, en la cuarta generaci\u00f3n, ya cuenta con modelos totalmente el\u00e9ctricos para disfrutarlos por las ciudades. Ofrece una autonom\u00eda de hasta 160 kil\u00f3metros (NEDC) y una bater\u00eda de iones de litio de 17,6 kWh. Si est\u00e1s pensando en adquirir un\u00a0buen\u00a0modelo el\u00e9ctrico para moverte por la ciudad y cuyo precio no sea [&hellip;]<!-- AddThis Advanced Settings generic via filter on get_the_excerpt --><!-- AddThis Share Buttons generic via filter on get_the_excerpt --><\/p>\n","protected":false},"author":11445,"featured_media":0,"comment_status":"open","ping_status":"closed","sticky":false,"template":"","format":"standard","meta":[],"categories":[3],"tags":[],"_links":{"self":[{"href":"https:\/\/blogs.diariovasco.com\/motor\/wp-json\/wp\/v2\/posts\/159"}],"collection":[{"href":"https:\/\/blogs.diariovasco.com\/motor\/wp-json\/wp\/v2\/posts"}],"about":[{"href":"https:\/\/blogs.diariovasco.com\/motor\/wp-json\/wp\/v2\/types\/post"}],"author":[{"embeddable":true,"href":"https:\/\/blogs.diariovasco.com\/motor\/wp-json\/wp\/v2\/users\/11445"}],"replies":[{"embeddable":true,"href":"https:\/\/blogs.diariovasco.com\/motor\/wp-json\/wp\/v2\/comments?post=159"}],"version-history":[{"count":1,"href":"https:\/\/blogs.diariovasco.com\/motor\/wp-json\/wp\/v2\/posts\/159\/revisions"}],"predecessor-version":[{"id":163,"href":"https:\/\/blogs.diariovasco.com\/motor\/wp-json\/wp\/v2\/posts\/159\/revisions\/163"}],"wp:attachment":[{"href":"https:\/\/blogs.diariovasco.com\/motor\/wp-json\/wp\/v2\/media?parent=159"}],"wp:term":[{"taxonomy":"category","embeddable":true,"href":"https:\/\/blogs.diariovasco.com\/motor\/wp-json\/wp\/v2\/categories?post=159"},{"taxonomy":"post_tag","embeddable":true,"href":"https:\/\/blogs.diariovasco.com\/motor\/wp-json\/wp\/v2\/tags?post=159"}],"curies":[{"name":"wp","href":"https:\/\/api.w.org\/{rel}","templated":true}]}}