{"id":164,"date":"2017-04-25T12:41:21","date_gmt":"2017-04-25T11:41:21","guid":{"rendered":"http:\/\/blogs.diariovasco.com\/motor\/?p=149"},"modified":"2017-04-25T16:19:55","modified_gmt":"2017-04-25T15:19:55","slug":"smart-electricos-2","status":"publish","type":"post","link":"https:\/\/blogs.diariovasco.com\/motor\/2017\/04\/25\/smart-electricos-2\/","title":{"rendered":"SMART Electric Drive: Un ciudadano ejemplar que no contamina"},"content":{"rendered":"<div id=\"attachment_155\" style=\"width: 310px\" class=\"wp-caption alignleft\"><img aria-describedby=\"caption-attachment-155\" loading=\"lazy\" class=\"size-medium wp-image-155 \" style=\"border: 1px solid black; margin: 3px;\" title=\"SmartFourTwo\" src=\"\/motor\/wp-content\/uploads\/sites\/9\/2017\/04\/SmartFourTwo.jpg\" alt=\"Smart Four Two\" width=\"300\" height=\"200\" \/><p id=\"caption-attachment-155\" class=\"wp-caption-text\">Smart Four Two<\/p><\/div>\n<p>Como era de esperar, Smart, en la cuarta generaci\u00f3n, ya cuenta con modelos totalmente el\u00e9ctricos para disfrutarlos por las ciudades. Ofrece una autonom\u00eda de hasta 160 kil\u00f3metros (NEDC) y una bater\u00eda de iones de litio de 17,6 kWh.<\/p>\n<p>Si est\u00e1s pensando en adquirir un\u00a0buen\u00a0modelo el\u00e9ctrico para moverte por la ciudad y cuyo precio no sea muy elevado, debes saber que Smart ya acepta pedidos de sus nuevos Electric Drive, que empezar\u00e1n a llegar en junio. La nueva generaci\u00f3n de los\u00a0Smart Electric Drive\u00a0est\u00e1 compuesta por tres opciones. Tenemos el\u00a0Smart ForTwo ED\u00a0con carrocer\u00eda coup\u00e9 y su variante descapotable, el\u00a0Smart ForTwo Cabrio ED. Adem\u00e1s, se a\u00f1ade una alternativa, a nuestro enterder, m\u00e1s racional y pr\u00e1ctica de la familia de urbanitas, el\u00a0Smart ForFour ED, con capacidad para cuatro personas. Los tres modelos comparten mec\u00e1nica y tecnolog\u00eda, aunque por cuestiones de tama\u00f1o, peso y aerodin\u00e1mica, tienen una autonom\u00eda diferente.<\/p>\n<p>En cualquier caso y hablando del apartado mec\u00e1nico, aparece un\u00a0motor el\u00e9ctrico de 60 kW (81 CV) y 160 Nm\u00a0de par m\u00e1ximo asociado a un paquete de\u00a0bater\u00eda de iones de litio de 17,6 kWh. Todos los Smart el\u00e9ctricos tienen limitada la velocidad m\u00e1xima a 130 km\/h.<\/p>\n<p>Por otra parte, y echando un vistazo al\u00a0equipamiento de serie de los modelos Smart Electric Drive, se\u00f1alar que cuentan con la misma dotaci\u00f3n que los Smart de mec\u00e1nica convencional, a la que se suman algunos elementos adicionales como son los siguientes:<\/p>\n<p>-Asistente de frenado activo<br \/>\n-Cuadro de instrumentos adicional con indicaci\u00f3n de potencia y estado de la bater\u00eda<br \/>\n-Acceso gratuito a Smart Control durante tres a\u00f1os para controlar a distancia la recarga inteligente o la preclimatizaci\u00f3n<br \/>\n-Cargador de 4,6 kW<br \/>\n-Cable de carga para toma de hogar o para Wallbox<br \/>\n-Bater\u00eda de iones de litio con certificado de garant\u00eda hasta 100.000 kil\u00f3metros u ocho a\u00f1os de uso<\/p>\n<p>Y en caso de que el equipamiento de serie te parezca insuficiente, existen diferentes\u00a0paquetes opcionales y acabados especiales\u00a0que hay disponibles en la gama de los nuevos el\u00e9ctricos de\u00a0Smart. El precio de partida es de 23.302 euros<\/p>\n\n\t\t<style type=\"text\/css\">\n\t\t\t#gallery-1 {\n\t\t\t\tmargin: auto;\n\t\t\t}\n\t\t\t#gallery-1 .gallery-item {\n\t\t\t\tfloat: left;\n\t\t\t\tmargin-top: 10px;\n\t\t\t\ttext-align: center;\n\t\t\t\twidth: 33%;\n\t\t\t}\n\t\t\t#gallery-1 img {\n\t\t\t\tborder: 2px solid #cfcfcf;\n\t\t\t}\n\t\t\t#gallery-1 .gallery-caption {\n\t\t\t\tmargin-left: 0;\n\t\t\t}\n\t\t\t\/* see gallery_shortcode() in wp-includes\/media.php *\/\n\t\t<\/style>\n\t\t<div id='gallery-1' class='gallery galleryid-164 gallery-columns-3 gallery-size-thumbnail'><dl class='gallery-item'>\n\t\t\t<dt class='gallery-icon landscape'>\n\t\t\t\t<a href='https:\/\/blogs.diariovasco.com\/motor\/2017\/04\/25\/smart-electricos-2\/smart-fortwo-cabrio-electric-drive-a453-2016\/'><img width=\"150\" height=\"150\" src=\"https:\/\/static-blogs.diariovasco.com\/wp-content\/uploads\/sites\/9\/2017\/04\/smart-carga-5-150x150.jpg\" class=\"attachment-thumbnail size-thumbnail\" alt=\"\" loading=\"lazy\" \/><\/a>\n\t\t\t<\/dt><\/dl><dl class='gallery-item'>\n\t\t\t<dt class='gallery-icon landscape'>\n\t\t\t\t<a href='https:\/\/blogs.diariovasco.com\/motor\/2017\/04\/25\/smart-electricos-2\/smart-four\/'><img width=\"150\" height=\"150\" src=\"https:\/\/static-blogs.diariovasco.com\/wp-content\/uploads\/sites\/9\/2017\/04\/smart-four-5-150x150.jpg\" class=\"attachment-thumbnail size-thumbnail\" alt=\"\" loading=\"lazy\" \/><\/a>\n\t\t\t<\/dt><\/dl><dl class='gallery-item'>\n\t\t\t<dt class='gallery-icon landscape'>\n\t\t\t\t<a href='https:\/\/blogs.diariovasco.com\/motor\/2017\/04\/25\/smart-electricos-2\/smart-fortwo-electric-drive-c453-2016\/'><img width=\"150\" height=\"150\" src=\"https:\/\/static-blogs.diariovasco.com\/wp-content\/uploads\/sites\/9\/2017\/04\/smart-interior-5-150x150.jpg\" class=\"attachment-thumbnail size-thumbnail\" alt=\"\" loading=\"lazy\" \/><\/a>\n\t\t\t<\/dt><\/dl><br style=\"clear: both\" \/><dl class='gallery-item'>\n\t\t\t<dt class='gallery-icon landscape'>\n\t\t\t\t<a href='https:\/\/blogs.diariovasco.com\/motor\/2017\/04\/25\/smart-electricos-2\/smartfourtwo\/'><img width=\"150\" height=\"150\" src=\"https:\/\/static-blogs.diariovasco.com\/wp-content\/uploads\/sites\/9\/2017\/04\/SmartFourTwo-150x150.jpg\" class=\"attachment-thumbnail size-thumbnail\" alt=\"\" loading=\"lazy\" \/><\/a>\n\t\t\t<\/dt><\/dl>\n\t\t\t<br style='clear: both' \/>\n\t\t<\/div>\n\n<!-- AddThis Advanced Settings generic via filter on the_content --><!-- AddThis Share Buttons generic via filter on the_content -->","protected":false},"excerpt":{"rendered":"<p>Como era de esperar, Smart, en la cuarta generaci\u00f3n, ya cuenta con modelos totalmente el\u00e9ctricos para disfrutarlos por las ciudades. Ofrece una autonom\u00eda de hasta 160 kil\u00f3metros (NEDC) y una bater\u00eda de iones de litio de 17,6 kWh. Si est\u00e1s pensando en adquirir un\u00a0buen\u00a0modelo el\u00e9ctrico para moverte por la ciudad y cuyo precio no sea [&hellip;]<!-- AddThis Advanced Settings generic via filter on get_the_excerpt --><!-- AddThis Share Buttons generic via filter on get_the_excerpt --><\/p>\n","protected":false},"author":11445,"featured_media":0,"comment_status":"open","ping_status":"closed","sticky":false,"template":"","format":"standard","meta":[],"categories":[3],"tags":[],"_links":{"self":[{"href":"https:\/\/blogs.diariovasco.com\/motor\/wp-json\/wp\/v2\/posts\/164"}],"collection":[{"href":"https:\/\/blogs.diariovasco.com\/motor\/wp-json\/wp\/v2\/posts"}],"about":[{"href":"https:\/\/blogs.diariovasco.com\/motor\/wp-json\/wp\/v2\/types\/post"}],"author":[{"embeddable":true,"href":"https:\/\/blogs.diariovasco.com\/motor\/wp-json\/wp\/v2\/users\/11445"}],"replies":[{"embeddable":true,"href":"https:\/\/blogs.diariovasco.com\/motor\/wp-json\/wp\/v2\/comments?post=164"}],"version-history":[{"count":2,"href":"https:\/\/blogs.diariovasco.com\/motor\/wp-json\/wp\/v2\/posts\/164\/revisions"}],"predecessor-version":[{"id":167,"href":"https:\/\/blogs.diariovasco.com\/motor\/wp-json\/wp\/v2\/posts\/164\/revisions\/167"}],"wp:attachment":[{"href":"https:\/\/blogs.diariovasco.com\/motor\/wp-json\/wp\/v2\/media?parent=164"}],"wp:term":[{"taxonomy":"category","embeddable":true,"href":"https:\/\/blogs.diariovasco.com\/motor\/wp-json\/wp\/v2\/categories?post=164"},{"taxonomy":"post_tag","embeddable":true,"href":"https:\/\/blogs.diariovasco.com\/motor\/wp-json\/wp\/v2\/tags?post=164"}],"curies":[{"name":"wp","href":"https:\/\/api.w.org\/{rel}","templated":true}]}}