{"id":168,"date":"2017-06-27T18:35:58","date_gmt":"2017-06-27T17:35:58","guid":{"rendered":"http:\/\/blogs.diariovasco.com\/motor\/?p=158"},"modified":"2017-06-27T18:35:58","modified_gmt":"2017-06-27T17:35:58","slug":"mas-de-10-000-nombres-diferentes-para-el-tercer-suv-de-seat","status":"publish","type":"post","link":"https:\/\/blogs.diariovasco.com\/motor\/2017\/06\/27\/mas-de-10-000-nombres-diferentes-para-el-tercer-suv-de-seat\/","title":{"rendered":"M\u00e1s de 10.000 nombres diferentes para el tercer SUV de SEAT"},"content":{"rendered":"<p>El proyecto #SEATbuscaNombre, lanzado el pasado 1 de junio, ha logrado movilizar a 133.332 ciudadanos de 106 pa\u00edses que han participado en la iniciativa abierta por la compa\u00f1\u00eda para dar nombre a su tercer SUV, que llegar\u00e1 al mercado en 2018. La primera fase concluy\u00f3 ayer con un total de 10.130 nombres diferentes de la toponimia espa\u00f1ola, el criterio establecido por la empresa, registradas a trav\u00e9s de las webs seat.es\/buscanombre y seat.com\/seekingname.<\/p>\n<p>Desde que SEAT anunciara en marzo el lanzamiento del nuevo SUV, la marca ya hab\u00eda recibido m\u00e1s de 500 propuestas de distintos puntos de la geograf\u00eda espa\u00f1ola para dar nombre al nuevo veh\u00edculo de hasta 7 plazas. Las expectativas y repercusi\u00f3n social conseguidas empujaron a la compa\u00f1\u00eda a redefinir el proceso habitual de naming, abri\u00e9ndolo a los seguidores de la marca, tanto en Espa\u00f1a como en todo el mundo, para proponer su nombre favorito y, a continuaci\u00f3n, votar al ganador.<\/p>\n<p>El presidente de SEAT, Luca de Meo, ha mostrado su satisfacci\u00f3n ante la acogida de este proyecto:\u00a0\u201cLos resultados obtenidos han desbordado cualquier previsi\u00f3n. Esta iniciativa colaborativa ha despertado el inter\u00e9s no solo de los incondicionales de la marca sino de miles de personas que se han movilizado para proponer un nombre para nuestro nuevo SUV. Contamos con todo ellos para votar a su candidato favorito en septiembre\u201d.<br \/>\nFinalizada esta primera fase, se abre ahora la etapa de preselecci\u00f3n de propuestas. En \u00e9sta, intervendr\u00e1n expertos de la marca y de una agencia externa de naming, as\u00ed como clientes de distintos pa\u00edses que participar\u00e1n en los focus group organizados por SEAT. Adem\u00e1s, se realizar\u00e1n tests en los mercados para escoger los al menos tres nombres que se llevar\u00e1n a votaci\u00f3n. En esta fase se tendr\u00e1n en cuenta criterios como, por ejemplo, que los nombres est\u00e9n en l\u00ednea con los valores de la marca y del producto y que sean f\u00e1ciles de pronunciar en diferentes idiomas.<br \/>\nEl Sal\u00f3n de Fr\u00e1ncfort es el escenario escogido por SEAT para dar a conocer los nombres finalistas. Todas aquellas personas que quieran votar a su candidato favorito podr\u00e1n hacerlo entre el 12 y el 25 de septiembre, y el nombre que acumule m\u00e1s votos ser\u00e1 el ganador, que SEAT dar\u00e1 a conocer antes del 15 de octubre.<br \/>\nDe este modo, el tercer SUV de la compa\u00f1\u00eda se sumar\u00e1 a la lista de 13 modelos que llevan la toponimia espa\u00f1ola en su identidad desde que, en 1982, SEAT iniciara esta tradici\u00f3n con el Ronda y que ha continuado hasta el Arona, el crossover compacto que se desvelar\u00e1 el pr\u00f3ximo lunes 26 de junio en Barcelona. Ser\u00e1, adem\u00e1s, la primera vez en la historia de la marca que un modelo lleva un nombre elegido por votaci\u00f3n popular.<\/p>\n<p><a href=\"\/motor\/wp-content\/uploads\/sites\/9\/2017\/06\/FOTO-NOTICIA-SEAT.jpg\"><img loading=\"lazy\" class=\"alignleft size-medium wp-image-159\" title=\"FOTO NOTICIA SEAT\" src=\"\/motor\/wp-content\/uploads\/sites\/9\/2017\/06\/FOTO-NOTICIA-SEAT-300x210.jpg\" alt=\"\" width=\"300\" height=\"210\" \/><\/a><\/p>\n<!-- AddThis Advanced Settings generic via filter on the_content --><!-- AddThis Share Buttons generic via filter on the_content -->","protected":false},"excerpt":{"rendered":"<p>El proyecto #SEATbuscaNombre, lanzado el pasado 1 de junio, ha logrado movilizar a 133.332 ciudadanos de 106 pa\u00edses que han participado en la iniciativa abierta por la compa\u00f1\u00eda para dar nombre a su tercer SUV, que llegar\u00e1 al mercado en 2018. La primera fase concluy\u00f3 ayer con un total de 10.130 nombres diferentes de la [&hellip;]<!-- AddThis Advanced Settings generic via filter on get_the_excerpt --><!-- AddThis Share Buttons generic via filter on get_the_excerpt --><\/p>\n","protected":false},"author":20,"featured_media":0,"comment_status":"open","ping_status":"closed","sticky":false,"template":"","format":"standard","meta":[],"categories":[3],"tags":[],"_links":{"self":[{"href":"https:\/\/blogs.diariovasco.com\/motor\/wp-json\/wp\/v2\/posts\/168"}],"collection":[{"href":"https:\/\/blogs.diariovasco.com\/motor\/wp-json\/wp\/v2\/posts"}],"about":[{"href":"https:\/\/blogs.diariovasco.com\/motor\/wp-json\/wp\/v2\/types\/post"}],"author":[{"embeddable":true,"href":"https:\/\/blogs.diariovasco.com\/motor\/wp-json\/wp\/v2\/users\/20"}],"replies":[{"embeddable":true,"href":"https:\/\/blogs.diariovasco.com\/motor\/wp-json\/wp\/v2\/comments?post=168"}],"version-history":[{"count":0,"href":"https:\/\/blogs.diariovasco.com\/motor\/wp-json\/wp\/v2\/posts\/168\/revisions"}],"wp:attachment":[{"href":"https:\/\/blogs.diariovasco.com\/motor\/wp-json\/wp\/v2\/media?parent=168"}],"wp:term":[{"taxonomy":"category","embeddable":true,"href":"https:\/\/blogs.diariovasco.com\/motor\/wp-json\/wp\/v2\/categories?post=168"},{"taxonomy":"post_tag","embeddable":true,"href":"https:\/\/blogs.diariovasco.com\/motor\/wp-json\/wp\/v2\/tags?post=168"}],"curies":[{"name":"wp","href":"https:\/\/api.w.org\/{rel}","templated":true}]}}