{"id":182,"date":"2017-10-04T20:31:40","date_gmt":"2017-10-04T19:31:40","guid":{"rendered":"http:\/\/blogs.diariovasco.com\/motor\/?p=182"},"modified":"2017-10-04T20:31:40","modified_gmt":"2017-10-04T19:31:40","slug":"los-vehiculos-electricos-de-audi-cubriran-su-carroceria-con-paneles-solares","status":"publish","type":"post","link":"https:\/\/blogs.diariovasco.com\/motor\/2017\/10\/04\/los-vehiculos-electricos-de-audi-cubriran-su-carroceria-con-paneles-solares\/","title":{"rendered":"Los veh\u00edculos el\u00e9ctricos de Audi cubrir\u00e1n su carrocer\u00eda con paneles solares"},"content":{"rendered":"<p><a href=\"https:\/\/static-blogs.diariovasco.com\/wp-content\/uploads\/sites\/9\/2017\/10\/NOTICIA-techo-solar-coches-electricos.jpg\"><img loading=\"lazy\" class=\"alignnone size-medium wp-image-188\" src=\"https:\/\/static-blogs.diariovasco.com\/wp-content\/uploads\/sites\/9\/2017\/10\/NOTICIA-techo-solar-coches-electricos-300x166.jpg\" alt=\"noticia-techo-solar-coches-electricos\" width=\"300\" height=\"166\" srcset=\"https:\/\/static-blogs.diariovasco.com\/wp-content\/uploads\/sites\/9\/2017\/10\/NOTICIA-techo-solar-coches-electricos-300x166.jpg 300w, https:\/\/static-blogs.diariovasco.com\/wp-content\/uploads\/sites\/9\/2017\/10\/NOTICIA-techo-solar-coches-electricos.jpg 768w\" sizes=\"(max-width: 300px) 100vw, 300px\" \/><\/a><\/p>\n<p>El veh\u00edculo el\u00e9ctrico ya es una realidad, aunque tenemos por delante la fase m\u00e1s importante de todas, la de la concienciaci\u00f3n de la sociedad acerca de lo beneficioso que puede ser apostar por medios de transporte m\u00e1s eficientes. Pues bien, Audi est\u00e1 apostando deliberadamente por esta tecnolog\u00eda, y no s\u00f3lo en bater\u00edas para aportar energ\u00eda, sino tambi\u00e9n en paneles solares que puedan complementarlas recogiendo energ\u00eda de la luz solar. AltaDevices es una compa\u00f1\u00eda especializada en la fabricaci\u00f3n de paneles solares ultra delgados y flexibles, que est\u00e1 colaborando con Audi para introducir estos paneles en sus veh\u00edculos con el objetivo de aportar energ\u00eda complementaria. La primera prueba se va a realizar este a\u00f1o integrando un panel solar en el propio techo el\u00e9ctrico de uno de sus veh\u00edculos. El proyecto a largo plazo contempla crear paneles \u201cinvisibles\u201d que puedan recubrir toda la carrocer\u00eda del coche y as\u00ed cargar energ\u00eda a lo largo de todo el d\u00eda. Esta energ\u00eda recogida por los paneles no ir\u00eda encaminada a alimentar la tracci\u00f3n del coche, sino que estar\u00eda destinada a elementos no esenciales, como el aire acondicionado, las luces, ordenador de a bordo, etc.<\/p>\n<!-- AddThis Advanced Settings generic via filter on the_content --><!-- AddThis Share Buttons generic via filter on the_content -->","protected":false},"excerpt":{"rendered":"<p>El veh\u00edculo el\u00e9ctrico ya es una realidad, aunque tenemos por delante la fase m\u00e1s importante de todas, la de la concienciaci\u00f3n de la sociedad acerca de lo beneficioso que puede ser apostar por medios de transporte m\u00e1s eficientes. Pues bien, Audi est\u00e1 apostando deliberadamente por esta tecnolog\u00eda, y no s\u00f3lo en bater\u00edas para aportar energ\u00eda, [&hellip;]<!-- AddThis Advanced Settings generic via filter on get_the_excerpt --><!-- AddThis Share Buttons generic via filter on get_the_excerpt --><\/p>\n","protected":false},"author":20,"featured_media":0,"comment_status":"open","ping_status":"closed","sticky":false,"template":"","format":"standard","meta":[],"categories":[1],"tags":[],"_links":{"self":[{"href":"https:\/\/blogs.diariovasco.com\/motor\/wp-json\/wp\/v2\/posts\/182"}],"collection":[{"href":"https:\/\/blogs.diariovasco.com\/motor\/wp-json\/wp\/v2\/posts"}],"about":[{"href":"https:\/\/blogs.diariovasco.com\/motor\/wp-json\/wp\/v2\/types\/post"}],"author":[{"embeddable":true,"href":"https:\/\/blogs.diariovasco.com\/motor\/wp-json\/wp\/v2\/users\/20"}],"replies":[{"embeddable":true,"href":"https:\/\/blogs.diariovasco.com\/motor\/wp-json\/wp\/v2\/comments?post=182"}],"version-history":[{"count":2,"href":"https:\/\/blogs.diariovasco.com\/motor\/wp-json\/wp\/v2\/posts\/182\/revisions"}],"predecessor-version":[{"id":191,"href":"https:\/\/blogs.diariovasco.com\/motor\/wp-json\/wp\/v2\/posts\/182\/revisions\/191"}],"wp:attachment":[{"href":"https:\/\/blogs.diariovasco.com\/motor\/wp-json\/wp\/v2\/media?parent=182"}],"wp:term":[{"taxonomy":"category","embeddable":true,"href":"https:\/\/blogs.diariovasco.com\/motor\/wp-json\/wp\/v2\/categories?post=182"},{"taxonomy":"post_tag","embeddable":true,"href":"https:\/\/blogs.diariovasco.com\/motor\/wp-json\/wp\/v2\/tags?post=182"}],"curies":[{"name":"wp","href":"https:\/\/api.w.org\/{rel}","templated":true}]}}