{"id":192,"date":"2017-10-04T20:36:44","date_gmt":"2017-10-04T19:36:44","guid":{"rendered":"http:\/\/blogs.diariovasco.com\/motor\/?p=192"},"modified":"2017-10-04T20:36:44","modified_gmt":"2017-10-04T19:36:44","slug":"bmw-lanza-un-cargador-inalambrico-domestico-para-sus-coches-electricos","status":"publish","type":"post","link":"https:\/\/blogs.diariovasco.com\/motor\/2017\/10\/04\/bmw-lanza-un-cargador-inalambrico-domestico-para-sus-coches-electricos\/","title":{"rendered":"BMW lanza un cargador inal\u00e1mbrico dom\u00e9stico para sus coches el\u00e9ctricos"},"content":{"rendered":"<p><a href=\"https:\/\/static-blogs.diariovasco.com\/wp-content\/uploads\/sites\/9\/2017\/10\/CARGADOR-INALAMBRICO-BMW.jpg\"><img loading=\"lazy\" class=\"alignnone size-medium wp-image-193\" src=\"https:\/\/static-blogs.diariovasco.com\/wp-content\/uploads\/sites\/9\/2017\/10\/CARGADOR-INALAMBRICO-BMW-300x169.jpg\" alt=\"cargador-inalambrico-bmw\" width=\"300\" height=\"169\" srcset=\"https:\/\/static-blogs.diariovasco.com\/wp-content\/uploads\/sites\/9\/2017\/10\/CARGADOR-INALAMBRICO-BMW-300x169.jpg 300w, https:\/\/static-blogs.diariovasco.com\/wp-content\/uploads\/sites\/9\/2017\/10\/CARGADOR-INALAMBRICO-BMW-768x432.jpg 768w, https:\/\/static-blogs.diariovasco.com\/wp-content\/uploads\/sites\/9\/2017\/10\/CARGADOR-INALAMBRICO-BMW-1024x576.jpg 1024w, https:\/\/static-blogs.diariovasco.com\/wp-content\/uploads\/sites\/9\/2017\/10\/CARGADOR-INALAMBRICO-BMW.jpg 1500w\" sizes=\"(max-width: 300px) 100vw, 300px\" \/><\/a><\/p>\n<p>Los coches el\u00e9ctricos se convertir\u00e1n en la opci\u00f3n por defecto de los conductores a finales de la pr\u00f3xima d\u00e9cada, al menos eso es lo que pretenden los fabricantes de estos veh\u00edculos. Y para facilitarlo nada mejor que ingenios como \u00e9ste. Hablamos de una base de carga inal\u00e1mbrica, similar a la que utilizamos con los m\u00f3viles, y que BMW ha desarrollado para sus veh\u00edculos el\u00e9ctricos. Una base inal\u00e1mbrica que nos permitir\u00e1 dejar cargando el coche con s\u00f3lo aparcarlo sobre ella. Este nuevo cargador inal\u00e1mbrico se ha desarrollado para el BMW 530e iPerformance en exclusiva.<\/p>\n<p>Se trata de un cargador similar al de los m\u00f3viles, pero de un gran tama\u00f1o. Dentro de la interfaz del veh\u00edculo se podr\u00e1 emparejar r\u00e1pidamente el coche con el cargador. Para ello s\u00f3lo tendremos que seguir una se\u00f1al visual mientras lo aparcamos en el garaje de casa. Tendremos que alinear los dos c\u00edrculos para que la carga inal\u00e1mbrica se ponga a funcionar y recargar las bater\u00edas. Algo para lo que necesitar\u00e1 unas 3,5 horas. <a href=\"https:\/\/static-blogs.diariovasco.com\/wp-content\/uploads\/sites\/9\/2017\/10\/FOTO-NOTICIA-CARGADOR-BMW.jpg\"><img loading=\"lazy\" class=\"alignnone size-medium wp-image-194\" src=\"https:\/\/static-blogs.diariovasco.com\/wp-content\/uploads\/sites\/9\/2017\/10\/FOTO-NOTICIA-CARGADOR-BMW-300x200.jpg\" alt=\"foto-noticia-cargador-bmw\" width=\"300\" height=\"200\" srcset=\"https:\/\/static-blogs.diariovasco.com\/wp-content\/uploads\/sites\/9\/2017\/10\/FOTO-NOTICIA-CARGADOR-BMW-300x200.jpg 300w, https:\/\/static-blogs.diariovasco.com\/wp-content\/uploads\/sites\/9\/2017\/10\/FOTO-NOTICIA-CARGADOR-BMW-768x512.jpg 768w, https:\/\/static-blogs.diariovasco.com\/wp-content\/uploads\/sites\/9\/2017\/10\/FOTO-NOTICIA-CARGADOR-BMW.jpg 944w\" sizes=\"(max-width: 300px) 100vw, 300px\" \/><\/a><\/p>\n<!-- AddThis Advanced Settings generic via filter on the_content --><!-- AddThis Share Buttons generic via filter on the_content -->","protected":false},"excerpt":{"rendered":"<p>Los coches el\u00e9ctricos se convertir\u00e1n en la opci\u00f3n por defecto de los conductores a finales de la pr\u00f3xima d\u00e9cada, al menos eso es lo que pretenden los fabricantes de estos veh\u00edculos. Y para facilitarlo nada mejor que ingenios como \u00e9ste. Hablamos de una base de carga inal\u00e1mbrica, similar a la que utilizamos con los m\u00f3viles, [&hellip;]<!-- AddThis Advanced Settings generic via filter on get_the_excerpt --><!-- AddThis Share Buttons generic via filter on get_the_excerpt --><\/p>\n","protected":false},"author":20,"featured_media":0,"comment_status":"open","ping_status":"closed","sticky":false,"template":"","format":"standard","meta":[],"categories":[1],"tags":[],"_links":{"self":[{"href":"https:\/\/blogs.diariovasco.com\/motor\/wp-json\/wp\/v2\/posts\/192"}],"collection":[{"href":"https:\/\/blogs.diariovasco.com\/motor\/wp-json\/wp\/v2\/posts"}],"about":[{"href":"https:\/\/blogs.diariovasco.com\/motor\/wp-json\/wp\/v2\/types\/post"}],"author":[{"embeddable":true,"href":"https:\/\/blogs.diariovasco.com\/motor\/wp-json\/wp\/v2\/users\/20"}],"replies":[{"embeddable":true,"href":"https:\/\/blogs.diariovasco.com\/motor\/wp-json\/wp\/v2\/comments?post=192"}],"version-history":[{"count":1,"href":"https:\/\/blogs.diariovasco.com\/motor\/wp-json\/wp\/v2\/posts\/192\/revisions"}],"predecessor-version":[{"id":195,"href":"https:\/\/blogs.diariovasco.com\/motor\/wp-json\/wp\/v2\/posts\/192\/revisions\/195"}],"wp:attachment":[{"href":"https:\/\/blogs.diariovasco.com\/motor\/wp-json\/wp\/v2\/media?parent=192"}],"wp:term":[{"taxonomy":"category","embeddable":true,"href":"https:\/\/blogs.diariovasco.com\/motor\/wp-json\/wp\/v2\/categories?post=192"},{"taxonomy":"post_tag","embeddable":true,"href":"https:\/\/blogs.diariovasco.com\/motor\/wp-json\/wp\/v2\/tags?post=192"}],"curies":[{"name":"wp","href":"https:\/\/api.w.org\/{rel}","templated":true}]}}