{"id":199,"date":"2017-10-16T17:49:42","date_gmt":"2017-10-16T16:49:42","guid":{"rendered":"http:\/\/blogs.diariovasco.com\/motor\/?p=199"},"modified":"2017-10-16T17:49:42","modified_gmt":"2017-10-16T16:49:42","slug":"la-senalizacion-informa-al-conductor","status":"publish","type":"post","link":"https:\/\/blogs.diariovasco.com\/motor\/2017\/10\/16\/la-senalizacion-informa-al-conductor\/","title":{"rendered":"La se\u00f1alizaci\u00f3n informa al conductor"},"content":{"rendered":"<p>La se\u00f1alizaci\u00f3n horizontal es clave a la hora de obtener informaci\u00f3n de la carretera. El conductor recibe informaci\u00f3n visual de manera continua, incluso en condiciones de baja visibilidad, y esta informaci\u00f3n puede ser su \u00fanica referencia. Es por este motivo que las marcas viales deben ser claramente identificables por el conductor y deben estar a una distancia que le permita reaccionar con tiempo. Marcas viales hay de muchos tipos y en funci\u00f3n de sus prestaciones pueden ser permanentes o temporales, retrorreflectantes para su visibilidad nocturna, resistentes al deslizamiento, sonoras&#8230; Estas marcas no se pueden pintar de cualquier manera. Los sistemas de se\u00f1alizaci\u00f3n horizontal tienen definidas sus caracter\u00edsticas principales en la norma UNE 135200, y se acreditan mediante el Marcado CE. Como material de base se utilizan pinturas con o sin microesferas de vidrio de premezclado a las que se han sometido previamente a ensayos para confirmar su eficacia. Estas microesferas aportan propiedades de agarre del neum\u00e1tico al asfalto. Cuando se aplica una marca sobre la superficie, se modifica su microtextura dependiendo del tipo de marca que se aplique y de su espesor. Para evitar que las propiedades de agarre del asfalto se modifiquen, la normativa europea especifica un valor m\u00ednimo para la resistencia al deslizamiento.<\/p>\n<p>&nbsp;<\/p>\n<p><strong>Los pasos de cebra son cada vez m\u00e1s seguros<\/strong><\/p>\n<p>A pesar de estas caracter\u00edsticas predefinidas, la seguridad para ciertos colectivos de usuarios no siempre ha estado lo bastante cuidada. Si eres motorista seguro que sabes a lo que nos referimos, sobre todo si circulas habitualmente por ciudad. Hablamos de los muchos pasos de cebra se\u00f1alizados con pintura antideslizante que tantos sustos o, peor a\u00fan, accidentes, han provocado y siguen provocando, especialmente en d\u00edas lluviosos. Lo mismo ocurre con las l\u00edneas que delimitan los carriles y l\u00edmites de las carreteras, aunque en menor medida debido a la menor cantidad de asfalto se\u00f1alizado. La buena noticia es que se ha tomado cartas en el asunto, y mucha de esta se\u00f1alizaci\u00f3n est\u00e1 siendo sustituida por otra antideslizante y m\u00e1s segura tanto para motoristas como para ciclistas y peatones. El \u00faltimo Reglamento de Circulaci\u00f3n ya recoge la se\u00f1alizaci\u00f3n de los pasos de cebra con dos l\u00edneas perpendiculares a la calzada. De momento esta medida se est\u00e1 aplicando \u00fanicamente en los pasos de peatones regulados por sem\u00e1foros. Por ejemplo, en Madrid, de los cerca de 5.595 pasos de cebra existentes con las tradicionales bandas, ya se han sustituido 4.389 con el nuevo sistema de l\u00edneas punteadas. Un sistema mucho m\u00e1s seguro y que agradecen no solo estos colectivos, tambi\u00e9n los conductores de veh\u00edculos de cuatro ruedas que ven reducir la distancia de frenado en los d\u00edas de lluvia. Del mismo modo, ya es habitual la instalaci\u00f3n de bandas sonoras longitudinales en carreteras secundarias, autopistas y autov\u00edas. Con este sistema se pretenden evitar choques frontales de veh\u00edculos en direcci\u00f3n contraria y accidentes por salidas de v\u00eda de veh\u00edculos por la izquierda. Diversos estudios demuestran una reducci\u00f3n entre el 38 y 50% de accidentes con v\u00edctimas en carreteras de calzada \u00fanica y doble sentido de circulaci\u00f3n.<\/p>\n<p><a href=\"https:\/\/static-blogs.diariovasco.com\/wp-content\/uploads\/sites\/9\/2017\/10\/FOTO-NOT-SE\u2022AIZACION.jpg\"><img loading=\"lazy\" class=\"alignnone size-medium wp-image-202\" src=\"https:\/\/static-blogs.diariovasco.com\/wp-content\/uploads\/sites\/9\/2017\/10\/FOTO-NOT-SE\u2022AIZACION-300x200.jpg\" alt=\"foto-not-se%e2%80%a2aizacion\" width=\"300\" height=\"200\" srcset=\"https:\/\/static-blogs.diariovasco.com\/wp-content\/uploads\/sites\/9\/2017\/10\/FOTO-NOT-SE\u2022AIZACION-300x200.jpg 300w, https:\/\/static-blogs.diariovasco.com\/wp-content\/uploads\/sites\/9\/2017\/10\/FOTO-NOT-SE\u2022AIZACION.jpg 747w\" sizes=\"(max-width: 300px) 100vw, 300px\" \/><\/a><\/p>\n<!-- AddThis Advanced Settings generic via filter on the_content --><!-- AddThis Share Buttons generic via filter on the_content -->","protected":false},"excerpt":{"rendered":"<p>La se\u00f1alizaci\u00f3n horizontal es clave a la hora de obtener informaci\u00f3n de la carretera. El conductor recibe informaci\u00f3n visual de manera continua, incluso en condiciones de baja visibilidad, y esta informaci\u00f3n puede ser su \u00fanica referencia. Es por este motivo que las marcas viales deben ser claramente identificables por el conductor y deben estar a [&hellip;]<!-- AddThis Advanced Settings generic via filter on get_the_excerpt --><!-- AddThis Share Buttons generic via filter on get_the_excerpt --><\/p>\n","protected":false},"author":20,"featured_media":0,"comment_status":"open","ping_status":"closed","sticky":false,"template":"","format":"standard","meta":[],"categories":[1],"tags":[],"_links":{"self":[{"href":"https:\/\/blogs.diariovasco.com\/motor\/wp-json\/wp\/v2\/posts\/199"}],"collection":[{"href":"https:\/\/blogs.diariovasco.com\/motor\/wp-json\/wp\/v2\/posts"}],"about":[{"href":"https:\/\/blogs.diariovasco.com\/motor\/wp-json\/wp\/v2\/types\/post"}],"author":[{"embeddable":true,"href":"https:\/\/blogs.diariovasco.com\/motor\/wp-json\/wp\/v2\/users\/20"}],"replies":[{"embeddable":true,"href":"https:\/\/blogs.diariovasco.com\/motor\/wp-json\/wp\/v2\/comments?post=199"}],"version-history":[{"count":2,"href":"https:\/\/blogs.diariovasco.com\/motor\/wp-json\/wp\/v2\/posts\/199\/revisions"}],"predecessor-version":[{"id":203,"href":"https:\/\/blogs.diariovasco.com\/motor\/wp-json\/wp\/v2\/posts\/199\/revisions\/203"}],"wp:attachment":[{"href":"https:\/\/blogs.diariovasco.com\/motor\/wp-json\/wp\/v2\/media?parent=199"}],"wp:term":[{"taxonomy":"category","embeddable":true,"href":"https:\/\/blogs.diariovasco.com\/motor\/wp-json\/wp\/v2\/categories?post=199"},{"taxonomy":"post_tag","embeddable":true,"href":"https:\/\/blogs.diariovasco.com\/motor\/wp-json\/wp\/v2\/tags?post=199"}],"curies":[{"name":"wp","href":"https:\/\/api.w.org\/{rel}","templated":true}]}}