{"id":215,"date":"2017-10-23T17:20:44","date_gmt":"2017-10-23T16:20:44","guid":{"rendered":"http:\/\/blogs.diariovasco.com\/motor\/?p=215"},"modified":"2017-10-23T17:20:44","modified_gmt":"2017-10-23T16:20:44","slug":"novedades-importantes-en-la-itv","status":"publish","type":"post","link":"https:\/\/blogs.diariovasco.com\/motor\/2017\/10\/23\/novedades-importantes-en-la-itv\/","title":{"rendered":"Novedades importantes en la ITV"},"content":{"rendered":"<p><a href=\"https:\/\/static-blogs.diariovasco.com\/wp-content\/uploads\/sites\/9\/2017\/10\/FOTO-NOTICIA-ITV.jpg\"><img loading=\"lazy\" class=\"alignnone  wp-image-210\" src=\"https:\/\/static-blogs.diariovasco.com\/wp-content\/uploads\/sites\/9\/2017\/10\/FOTO-NOTICIA-ITV-300x176.jpg\" alt=\"foto-noticia-itv\" width=\"445\" height=\"261\" srcset=\"https:\/\/static-blogs.diariovasco.com\/wp-content\/uploads\/sites\/9\/2017\/10\/FOTO-NOTICIA-ITV-300x176.jpg 300w, https:\/\/static-blogs.diariovasco.com\/wp-content\/uploads\/sites\/9\/2017\/10\/FOTO-NOTICIA-ITV-768x450.jpg 768w, https:\/\/static-blogs.diariovasco.com\/wp-content\/uploads\/sites\/9\/2017\/10\/FOTO-NOTICIA-ITV.jpg 800w\" sizes=\"(max-width: 445px) 100vw, 445px\" \/><\/a><\/p>\n<p>Hay novedades importantes en las Inspecciones T\u00e9cnicas de Veh\u00edculos o ITV. Hay modificaciones con cambios importantes, entre ellos, un mayor control de las emisiones, nuevas normas para pasar las revisiones y adecuaci\u00f3n de los certificados a la normativa europea.<\/p>\n<p>El Consejo de Ministros aprob\u00f3 un Real Decreto que flexibiliza algunos aspectos de la normativa de la ITV\u00a0para cumplir con la legislaci\u00f3n europea. A partir de ahora\u00a0se exigir\u00e1 una cualificaci\u00f3n especial al personal de las estaciones, que adem\u00e1s contar\u00e1n con\u00a0herramientas de diagn\u00f3stico para un mayor control de las emisiones. Los plazos\u00a0para las segundas revisiones por rechazo tambi\u00e9n\u00a0se han modificado.<\/p>\n<p>Uno de los mayores cambios para los propietarios de los veh\u00edculos afecta al\u00a0lugar donde se realizan las segundas revisiones por rechazado de una primera inspecci\u00f3n.\u00a0Hasta ahora era obligatorio acudir a la misma ITV; con el nuevo Real Decreto\u00a0el propietario podr\u00e1 escoger otra estaci\u00f3n diferente a la que le otorg\u00f3 el suspenso siempre que no transcurra m\u00e1s de un mes de la primera inspecci\u00f3n.<\/p>\n<p>Adem\u00e1s,\u00a0se mantendr\u00e1 la fecha de la siguiente revisi\u00f3n de la ITV con independencia del momento en que se produzca la anterior,\u00a0siempre que ese adelanto no supere el mes.<\/p>\n<p>El nuevo Real Decreto tambi\u00e9n norma sobre las emisiones.\u00a0Las estaciones de ITV tendr\u00e1n m\u00e1s medios para controlar posibles fraudes y dispondr\u00e1n de instalaciones, equipos y procedimientos que contribuir\u00e1n a la protecci\u00f3n del medio ambiente\u00a0y, al mismo tiempo, a la mejora de la seguridad vial.<\/p>\n<p>De esta forma, las ITV tendr\u00e1n\u00a0herramientas de lectura de diagn\u00f3stico que se conectar\u00e1n con los ordenadores de a bordo de los veh\u00edculos.\u00a0Fuentes del Ministerio de Econom\u00eda, Industria y Competitividad han destacado que estos medios suponen \u201cun primer paso hacia la inspecci\u00f3n de los sistemas de seguridad electr\u00f3nicos\u00a0y la mejora del control de emisiones\u201d.<\/p>\n<p>El personal y la formaci\u00f3n m\u00ednima que deben cumplir tambi\u00e9n han cambiado con la normativa. Para los inspectores se exige, por primera vez, la titulaci\u00f3n m\u00ednima de T\u00e9cnico Superior de Automoci\u00f3n y se acepta la formaci\u00f3n a distancia.<\/p>\n<p>Con la transposici\u00f3n de la Directiva europea 2014\/45\/UE del 3 de abril de 2014 y de la 2014\/46\/UE de la misma fecha se pretende que haya un\u00a0mayor intercambio de informaci\u00f3n electr\u00f3nica entre estaciones y la Administraci\u00f3n P\u00fablica;\u00a0el fin es fomentar la mejor supervisi\u00f3n de las actuaciones en la inspecci\u00f3n.<\/p>\n<p>Adem\u00e1s\u00a0ser\u00e1 posible el reconocimiento de un certificado de la ITV emitido por otros estados miembros.\u00a0De esta forma ser\u00e1 m\u00e1s sencilla la matriculaci\u00f3n de un coche en Espa\u00f1a tras la compra en el extranjero.<\/p>\n<p>&nbsp;<\/p>\n<!-- AddThis Advanced Settings generic via filter on the_content --><!-- AddThis Share Buttons generic via filter on the_content -->","protected":false},"excerpt":{"rendered":"<p>Hay novedades importantes en las Inspecciones T\u00e9cnicas de Veh\u00edculos o ITV. Hay modificaciones con cambios importantes, entre ellos, un mayor control de las emisiones, nuevas normas para pasar las revisiones y adecuaci\u00f3n de los certificados a la normativa europea. El Consejo de Ministros aprob\u00f3 un Real Decreto que flexibiliza algunos aspectos de la normativa de [&hellip;]<!-- AddThis Advanced Settings generic via filter on get_the_excerpt --><!-- AddThis Share Buttons generic via filter on get_the_excerpt --><\/p>\n","protected":false},"author":20,"featured_media":0,"comment_status":"open","ping_status":"closed","sticky":false,"template":"","format":"standard","meta":[],"categories":[1],"tags":[],"_links":{"self":[{"href":"https:\/\/blogs.diariovasco.com\/motor\/wp-json\/wp\/v2\/posts\/215"}],"collection":[{"href":"https:\/\/blogs.diariovasco.com\/motor\/wp-json\/wp\/v2\/posts"}],"about":[{"href":"https:\/\/blogs.diariovasco.com\/motor\/wp-json\/wp\/v2\/types\/post"}],"author":[{"embeddable":true,"href":"https:\/\/blogs.diariovasco.com\/motor\/wp-json\/wp\/v2\/users\/20"}],"replies":[{"embeddable":true,"href":"https:\/\/blogs.diariovasco.com\/motor\/wp-json\/wp\/v2\/comments?post=215"}],"version-history":[{"count":1,"href":"https:\/\/blogs.diariovasco.com\/motor\/wp-json\/wp\/v2\/posts\/215\/revisions"}],"predecessor-version":[{"id":216,"href":"https:\/\/blogs.diariovasco.com\/motor\/wp-json\/wp\/v2\/posts\/215\/revisions\/216"}],"wp:attachment":[{"href":"https:\/\/blogs.diariovasco.com\/motor\/wp-json\/wp\/v2\/media?parent=215"}],"wp:term":[{"taxonomy":"category","embeddable":true,"href":"https:\/\/blogs.diariovasco.com\/motor\/wp-json\/wp\/v2\/categories?post=215"},{"taxonomy":"post_tag","embeddable":true,"href":"https:\/\/blogs.diariovasco.com\/motor\/wp-json\/wp\/v2\/tags?post=215"}],"curies":[{"name":"wp","href":"https:\/\/api.w.org\/{rel}","templated":true}]}}