{"id":25,"date":"2016-11-19T18:38:25","date_gmt":"2016-11-19T17:38:25","guid":{"rendered":"http:\/\/blogs.diariovasco.com\/motor\/?p=25"},"modified":"2016-11-19T18:38:25","modified_gmt":"2016-11-19T17:38:25","slug":"si-quieres-un-coche-usado-con-garantias-vete-a-ficoba-y-lo-encontraras","status":"publish","type":"post","link":"https:\/\/blogs.diariovasco.com\/motor\/2016\/11\/19\/si-quieres-un-coche-usado-con-garantias-vete-a-ficoba-y-lo-encontraras\/","title":{"rendered":"Si quieres un coche usado con garant\u00edas, vete a Ficoba y lo encontrar\u00e1s"},"content":{"rendered":"<p>Este mediod\u00eda hemos pasado por Ficoba para ver el ambiente y la oferta de autom\u00f3viles que hay. Y la verdad es que hay muchos coches y de muy buen aspecto.<br \/>\nDurante el d\u00eda de hoy s\u00e1bado y ma\u00f1ana domingo est\u00e1n la mayor\u00eda de los concesionarios de Gipuzkoa y compra-ventas exponiendo sus mejores coches de segunda mano. Llama la atenci\u00f3n que hay muchos en muy ben estado y bastante nuevos, as\u00ed como alg\u00fan que otro kilometro cero (coches matriculados pero sin haber sido utilizados y que los concesionarios los venden a precio rebajado).<\/p>\n<p>Comentando con algunos de los responsables de las marcas, est\u00e1n contentos con la afluencia de p\u00fablico que el viernes a la tarde fue bastante numerosa y que durante el d\u00eda de hoy s\u00e1bado por la tarde y ma\u00f1ana domingo se espera aumente. Incluso un gerente de una marca me ha comentado que hab\u00eda vendido ya 6 coches \u201ccuando mi idea no era vender tantos coches\u2026 estamos contentos\u201d.<\/p>\n<p>Se da la circunstancia que en esta Feria del veh\u00edculo de Ocasi\u00f3n, hay muchas ofertas espec\u00edficas para la Feria y es una buena oportunidad de comprar un coche usado, con garant\u00eda de 2 a\u00f1os y con la confianza que ello supone.<\/p>\n<p>Los hay de todo tipo de gamas y niveles, incluso he visto alg\u00fan coche por menos de 6.000 euros y con muy buen aspecto. Tambi\u00e9n hay furgonetas, alg\u00fan comercial, etc.<\/p>\n<p>Si necesitas un coche usado es la oportunidad de comprarlo con garant\u00eda. Ya sabes, en Ficoba, justo al lado del puente de Santiago entre Ir\u00fan y Hendaya, en el recinto ferial de Gipuzkoa.<\/p>\n<!-- AddThis Advanced Settings generic via filter on the_content --><!-- AddThis Share Buttons generic via filter on the_content -->","protected":false},"excerpt":{"rendered":"<p>Este mediod\u00eda hemos pasado por Ficoba para ver el ambiente y la oferta de autom\u00f3viles que hay. Y la verdad es que hay muchos coches y de muy buen aspecto. Durante el d\u00eda de hoy s\u00e1bado y ma\u00f1ana domingo est\u00e1n la mayor\u00eda de los concesionarios de Gipuzkoa y compra-ventas exponiendo sus mejores coches de segunda [&hellip;]<!-- AddThis Advanced Settings generic via filter on get_the_excerpt --><!-- AddThis Share Buttons generic via filter on get_the_excerpt --><\/p>\n","protected":false},"author":20,"featured_media":0,"comment_status":"open","ping_status":"closed","sticky":false,"template":"","format":"standard","meta":[],"categories":[3],"tags":[],"_links":{"self":[{"href":"https:\/\/blogs.diariovasco.com\/motor\/wp-json\/wp\/v2\/posts\/25"}],"collection":[{"href":"https:\/\/blogs.diariovasco.com\/motor\/wp-json\/wp\/v2\/posts"}],"about":[{"href":"https:\/\/blogs.diariovasco.com\/motor\/wp-json\/wp\/v2\/types\/post"}],"author":[{"embeddable":true,"href":"https:\/\/blogs.diariovasco.com\/motor\/wp-json\/wp\/v2\/users\/20"}],"replies":[{"embeddable":true,"href":"https:\/\/blogs.diariovasco.com\/motor\/wp-json\/wp\/v2\/comments?post=25"}],"version-history":[{"count":0,"href":"https:\/\/blogs.diariovasco.com\/motor\/wp-json\/wp\/v2\/posts\/25\/revisions"}],"wp:attachment":[{"href":"https:\/\/blogs.diariovasco.com\/motor\/wp-json\/wp\/v2\/media?parent=25"}],"wp:term":[{"taxonomy":"category","embeddable":true,"href":"https:\/\/blogs.diariovasco.com\/motor\/wp-json\/wp\/v2\/categories?post=25"},{"taxonomy":"post_tag","embeddable":true,"href":"https:\/\/blogs.diariovasco.com\/motor\/wp-json\/wp\/v2\/tags?post=25"}],"curies":[{"name":"wp","href":"https:\/\/api.w.org\/{rel}","templated":true}]}}