{"id":28,"date":"2016-11-22T15:57:47","date_gmt":"2016-11-22T14:57:47","guid":{"rendered":"http:\/\/blogs.diariovasco.com\/motor\/?p=28"},"modified":"2016-11-22T15:57:47","modified_gmt":"2016-11-22T14:57:47","slug":"conducimos-los-mejores-deportivos-de-audi-en-el-circuito-de-ascari","status":"publish","type":"post","link":"https:\/\/blogs.diariovasco.com\/motor\/2016\/11\/22\/conducimos-los-mejores-deportivos-de-audi-en-el-circuito-de-ascari\/","title":{"rendered":"Conducimos los mejores deportivos de Audi en el Circuito de Ascari"},"content":{"rendered":"\n\t\t<style type=\"text\/css\">\n\t\t\t#gallery-1 {\n\t\t\t\tmargin: auto;\n\t\t\t}\n\t\t\t#gallery-1 .gallery-item {\n\t\t\t\tfloat: left;\n\t\t\t\tmargin-top: 10px;\n\t\t\t\ttext-align: center;\n\t\t\t\twidth: 33%;\n\t\t\t}\n\t\t\t#gallery-1 img {\n\t\t\t\tborder: 2px solid #cfcfcf;\n\t\t\t}\n\t\t\t#gallery-1 .gallery-caption {\n\t\t\t\tmargin-left: 0;\n\t\t\t}\n\t\t\t\/* see gallery_shortcode() in wp-includes\/media.php *\/\n\t\t<\/style>\n\t\t<div id='gallery-1' class='gallery galleryid-28 gallery-columns-3 gallery-size-thumbnail'><dl class='gallery-item'>\n\t\t\t<dt class='gallery-icon landscape'>\n\t\t\t\t<a href='https:\/\/blogs.diariovasco.com\/motor\/2016\/11\/22\/conducimos-los-mejores-deportivos-de-audi-en-el-circuito-de-ascari\/_mkp0944low\/'><img width=\"150\" height=\"150\" src=\"https:\/\/static-blogs.diariovasco.com\/wp-content\/uploads\/sites\/9\/2016\/11\/MKP0944LOW-150x150.jpg\" class=\"attachment-thumbnail size-thumbnail\" alt=\"\" loading=\"lazy\" \/><\/a>\n\t\t\t<\/dt><\/dl><dl class='gallery-item'>\n\t\t\t<dt class='gallery-icon landscape'>\n\t\t\t\t<a href='https:\/\/blogs.diariovasco.com\/motor\/2016\/11\/22\/conducimos-los-mejores-deportivos-de-audi-en-el-circuito-de-ascari\/_mkp0756low-copia\/'><img width=\"150\" height=\"150\" src=\"https:\/\/static-blogs.diariovasco.com\/wp-content\/uploads\/sites\/9\/2016\/11\/MKP0756LOW-copia-150x150.jpg\" class=\"attachment-thumbnail size-thumbnail\" alt=\"\" loading=\"lazy\" \/><\/a>\n\t\t\t<\/dt><\/dl><dl class='gallery-item'>\n\t\t\t<dt class='gallery-icon landscape'>\n\t\t\t\t<a href='https:\/\/blogs.diariovasco.com\/motor\/2016\/11\/22\/conducimos-los-mejores-deportivos-de-audi-en-el-circuito-de-ascari\/_mkp0969low\/'><img width=\"150\" height=\"150\" src=\"https:\/\/static-blogs.diariovasco.com\/wp-content\/uploads\/sites\/9\/2016\/11\/MKP0969LOW-150x150.jpg\" class=\"attachment-thumbnail size-thumbnail\" alt=\"\" loading=\"lazy\" \/><\/a>\n\t\t\t<\/dt><\/dl><br style=\"clear: both\" \/><dl class='gallery-item'>\n\t\t\t<dt class='gallery-icon landscape'>\n\t\t\t\t<a href='https:\/\/blogs.diariovasco.com\/motor\/2016\/11\/22\/conducimos-los-mejores-deportivos-de-audi-en-el-circuito-de-ascari\/_mkp0992low\/'><img width=\"150\" height=\"150\" src=\"https:\/\/static-blogs.diariovasco.com\/wp-content\/uploads\/sites\/9\/2016\/11\/MKP0992LOW-150x150.jpg\" class=\"attachment-thumbnail size-thumbnail\" alt=\"\" loading=\"lazy\" \/><\/a>\n\t\t\t<\/dt><\/dl><dl class='gallery-item'>\n\t\t\t<dt class='gallery-icon landscape'>\n\t\t\t\t<a href='https:\/\/blogs.diariovasco.com\/motor\/2016\/11\/22\/conducimos-los-mejores-deportivos-de-audi-en-el-circuito-de-ascari\/_mkp1011low\/'><img width=\"150\" height=\"150\" src=\"https:\/\/static-blogs.diariovasco.com\/wp-content\/uploads\/sites\/9\/2016\/11\/MKP1011LOW-150x150.jpg\" class=\"attachment-thumbnail size-thumbnail\" alt=\"\" loading=\"lazy\" \/><\/a>\n\t\t\t<\/dt><\/dl><dl class='gallery-item'>\n\t\t\t<dt class='gallery-icon landscape'>\n\t\t\t\t<a href='https:\/\/blogs.diariovasco.com\/motor\/2016\/11\/22\/conducimos-los-mejores-deportivos-de-audi-en-el-circuito-de-ascari\/_mkp0806low\/'><img width=\"150\" height=\"150\" src=\"https:\/\/static-blogs.diariovasco.com\/wp-content\/uploads\/sites\/9\/2016\/11\/MKP0806LOW-150x150.jpg\" class=\"attachment-thumbnail size-thumbnail\" alt=\"\" loading=\"lazy\" \/><\/a>\n\t\t\t<\/dt><\/dl><br style=\"clear: both\" \/><dl class='gallery-item'>\n\t\t\t<dt class='gallery-icon landscape'>\n\t\t\t\t<a href='https:\/\/blogs.diariovasco.com\/motor\/2016\/11\/22\/conducimos-los-mejores-deportivos-de-audi-en-el-circuito-de-ascari\/_mkp0529low\/'><img width=\"150\" height=\"150\" src=\"https:\/\/static-blogs.diariovasco.com\/wp-content\/uploads\/sites\/9\/2016\/11\/MKP0529LOW-150x150.jpg\" class=\"attachment-thumbnail size-thumbnail\" alt=\"\" loading=\"lazy\" \/><\/a>\n\t\t\t<\/dt><\/dl><dl class='gallery-item'>\n\t\t\t<dt class='gallery-icon landscape'>\n\t\t\t\t<a href='https:\/\/blogs.diariovasco.com\/motor\/2016\/11\/22\/conducimos-los-mejores-deportivos-de-audi-en-el-circuito-de-ascari\/_mkp0570low\/'><img width=\"150\" height=\"150\" src=\"https:\/\/static-blogs.diariovasco.com\/wp-content\/uploads\/sites\/9\/2016\/11\/MKP0570LOW-150x150.jpg\" class=\"attachment-thumbnail size-thumbnail\" alt=\"\" loading=\"lazy\" \/><\/a>\n\t\t\t<\/dt><\/dl>\n\t\t\t<br style='clear: both' \/>\n\t\t<\/div>\n\n\n\t\t<style type=\"text\/css\">\n\t\t\t#gallery-2 {\n\t\t\t\tmargin: auto;\n\t\t\t}\n\t\t\t#gallery-2 .gallery-item {\n\t\t\t\tfloat: left;\n\t\t\t\tmargin-top: 10px;\n\t\t\t\ttext-align: center;\n\t\t\t\twidth: 33%;\n\t\t\t}\n\t\t\t#gallery-2 img {\n\t\t\t\tborder: 2px solid #cfcfcf;\n\t\t\t}\n\t\t\t#gallery-2 .gallery-caption {\n\t\t\t\tmargin-left: 0;\n\t\t\t}\n\t\t\t\/* see gallery_shortcode() in wp-includes\/media.php *\/\n\t\t<\/style>\n\t\t<div id='gallery-2' class='gallery galleryid-28 gallery-columns-3 gallery-size-thumbnail'><dl class='gallery-item'>\n\t\t\t<dt class='gallery-icon landscape'>\n\t\t\t\t<a href='https:\/\/blogs.diariovasco.com\/motor\/2016\/11\/22\/conducimos-los-mejores-deportivos-de-audi-en-el-circuito-de-ascari\/_mkp0944low\/'><img width=\"150\" height=\"150\" src=\"https:\/\/static-blogs.diariovasco.com\/wp-content\/uploads\/sites\/9\/2016\/11\/MKP0944LOW-150x150.jpg\" class=\"attachment-thumbnail size-thumbnail\" alt=\"\" loading=\"lazy\" \/><\/a>\n\t\t\t<\/dt><\/dl><dl class='gallery-item'>\n\t\t\t<dt class='gallery-icon landscape'>\n\t\t\t\t<a href='https:\/\/blogs.diariovasco.com\/motor\/2016\/11\/22\/conducimos-los-mejores-deportivos-de-audi-en-el-circuito-de-ascari\/_mkp0756low-copia\/'><img width=\"150\" height=\"150\" src=\"https:\/\/static-blogs.diariovasco.com\/wp-content\/uploads\/sites\/9\/2016\/11\/MKP0756LOW-copia-150x150.jpg\" class=\"attachment-thumbnail size-thumbnail\" alt=\"\" loading=\"lazy\" \/><\/a>\n\t\t\t<\/dt><\/dl><dl class='gallery-item'>\n\t\t\t<dt class='gallery-icon landscape'>\n\t\t\t\t<a href='https:\/\/blogs.diariovasco.com\/motor\/2016\/11\/22\/conducimos-los-mejores-deportivos-de-audi-en-el-circuito-de-ascari\/_mkp0969low\/'><img width=\"150\" height=\"150\" src=\"https:\/\/static-blogs.diariovasco.com\/wp-content\/uploads\/sites\/9\/2016\/11\/MKP0969LOW-150x150.jpg\" class=\"attachment-thumbnail size-thumbnail\" alt=\"\" loading=\"lazy\" \/><\/a>\n\t\t\t<\/dt><\/dl><br style=\"clear: both\" \/><dl class='gallery-item'>\n\t\t\t<dt class='gallery-icon landscape'>\n\t\t\t\t<a href='https:\/\/blogs.diariovasco.com\/motor\/2016\/11\/22\/conducimos-los-mejores-deportivos-de-audi-en-el-circuito-de-ascari\/_mkp0992low\/'><img width=\"150\" height=\"150\" src=\"https:\/\/static-blogs.diariovasco.com\/wp-content\/uploads\/sites\/9\/2016\/11\/MKP0992LOW-150x150.jpg\" class=\"attachment-thumbnail size-thumbnail\" alt=\"\" loading=\"lazy\" \/><\/a>\n\t\t\t<\/dt><\/dl><dl class='gallery-item'>\n\t\t\t<dt class='gallery-icon landscape'>\n\t\t\t\t<a href='https:\/\/blogs.diariovasco.com\/motor\/2016\/11\/22\/conducimos-los-mejores-deportivos-de-audi-en-el-circuito-de-ascari\/_mkp1011low\/'><img width=\"150\" height=\"150\" src=\"https:\/\/static-blogs.diariovasco.com\/wp-content\/uploads\/sites\/9\/2016\/11\/MKP1011LOW-150x150.jpg\" class=\"attachment-thumbnail size-thumbnail\" alt=\"\" loading=\"lazy\" \/><\/a>\n\t\t\t<\/dt><\/dl><dl class='gallery-item'>\n\t\t\t<dt class='gallery-icon landscape'>\n\t\t\t\t<a href='https:\/\/blogs.diariovasco.com\/motor\/2016\/11\/22\/conducimos-los-mejores-deportivos-de-audi-en-el-circuito-de-ascari\/_mkp0806low\/'><img width=\"150\" height=\"150\" src=\"https:\/\/static-blogs.diariovasco.com\/wp-content\/uploads\/sites\/9\/2016\/11\/MKP0806LOW-150x150.jpg\" class=\"attachment-thumbnail size-thumbnail\" alt=\"\" loading=\"lazy\" \/><\/a>\n\t\t\t<\/dt><\/dl><br style=\"clear: both\" \/><dl class='gallery-item'>\n\t\t\t<dt class='gallery-icon landscape'>\n\t\t\t\t<a href='https:\/\/blogs.diariovasco.com\/motor\/2016\/11\/22\/conducimos-los-mejores-deportivos-de-audi-en-el-circuito-de-ascari\/_mkp0529low\/'><img width=\"150\" height=\"150\" src=\"https:\/\/static-blogs.diariovasco.com\/wp-content\/uploads\/sites\/9\/2016\/11\/MKP0529LOW-150x150.jpg\" class=\"attachment-thumbnail size-thumbnail\" alt=\"\" loading=\"lazy\" \/><\/a>\n\t\t\t<\/dt><\/dl><dl class='gallery-item'>\n\t\t\t<dt class='gallery-icon landscape'>\n\t\t\t\t<a href='https:\/\/blogs.diariovasco.com\/motor\/2016\/11\/22\/conducimos-los-mejores-deportivos-de-audi-en-el-circuito-de-ascari\/_mkp0570low\/'><img width=\"150\" height=\"150\" src=\"https:\/\/static-blogs.diariovasco.com\/wp-content\/uploads\/sites\/9\/2016\/11\/MKP0570LOW-150x150.jpg\" class=\"attachment-thumbnail size-thumbnail\" alt=\"\" loading=\"lazy\" \/><\/a>\n\t\t\t<\/dt><\/dl>\n\t\t\t<br style='clear: both' \/>\n\t\t<\/div>\n\n<p>Esta semana hemos tenido oportunidad de conducir en el Audi Driving Experience que organiza cada a\u00f1o la marca germana en nuestro pa\u00eds para algunos compradores y para los periodistas expertos del motor.<br \/>\nEs una oportunidad que nos brinda Audi de poder probar en un mismo recinto, en este caso en el circuito Ascari, propiedad de un industrial, Klaas Zwart, holand\u00e9s de 56 a\u00f1os, que se enriqueci\u00f3 con la invenci\u00f3n de unas brocas que se utilizan para agujerear el terreno en las prospecciones petrol\u00edferas.<\/p>\n<p>El industrial es aficionado al mundo del motor y construy\u00f3 este magnifico circuito a pocos km de la bella ciudad de Ronda, en la provincia de M\u00e1laga. Cuenta con varias pistas entre las que destaca la de velocidad con m\u00e1s de 5 km de cuerda, aunque dispone tambi\u00e9n de circuitos de tierra para correr en la especialidad de autocross con unos boogies estupendos. Merece la pena una visita aunque hay que organizarla previamente.<\/p>\n<p>En nuestra jornada, hemos probado lo mejorcito de la marca de los aros: el nuevo Audi R8S V10 que tiene ni m\u00e1s ni menos que 610 caballos, pero manejables con facilidad si llevamos algunos de los controles activados. Sin ellos es complicado tratar de dominar la manada de caballos que propone el R8.<br \/>\nAdem\u00e1s de este superdeportivo, hemos probado el RS6 y el RS7, \u00a1\u00a1casi nada!!<\/p>\n<p>Con el RS6 hemos probado la frenada brusca con conos y pisando el pedal de freno como si no hubiera un ma\u00f1ana. Se trata de comprobar la direccionalidad que te permite el ABS. Es decir, frenar de golpe y direccionar el coche. Una maravilla. Este ejercicio es muy recomendable para todos los conductores porque adquieres confianza y, en un momento de necesidad, te aseguras pisar el freno a tope, sin miedo y con convicci\u00f3n. Es fundamental no mirar el obst\u00e1culo que tienes delante\u2026. Si lo miras, te vas a por el. Sin duda. Lo ideal es mirar a lo lejos, a larga distancia para anteponerte a la que te puede venir encima\u2026<br \/>\nDel coche que podemos decir!! Es un cochazo este RS6, que me encanta en versi\u00f3n familiar, muy atractivo y que corre, acelera, frena y se sujeta de maravilla. Muy recomendable.<\/p>\n<p>Con el otro modelo probado, el RS7, hicimos una prueba para comprobar el paso en curva a velocidad y trazando como es debido. Una prueba sencilla y que te permite asimilar que en circuito hay que aprovechar toda la pista y cerrarse mucho en las curvas: frenar a saco antes d eentrar en la curva y salir abri\u00e9ndote bien y acelerando progresivamente.<br \/>\nCon estos modelos lo cierto es que uno tiene la sensaci\u00f3n de saber conducir mucho mejor de lo que realmente se hace\u2026<\/p>\n<p>Finalmente, en cuanto al R8 V10 Plus, ofrece una potencia de 610 caballos y su precio es de 218.070 euros. Se pone de 0 a 100 km\/h en 3,2 segundos y puede llegar a alcanzar los 330 km\/h\u2026 Cuenta con una caja de cambios autom\u00e1tica denominada S tronic de doble embrague y siete velocidades y tracci\u00f3n a las cuatro ruedas (quattro) y una carrocer\u00eda de 4,42 metros de longitud y dos plazas.<br \/>\nInsisto en la recomendaci\u00f3n de hacer un curso de conducci\u00f3n, a cualquier nivel. Ahora que se acercan las navidades es un buen regalo para regalar y para ser recibido. Fundamentalmente por la confianza que coge uno con el volante y ante situaciones extremas en circulaci\u00f3n. Yo he tenido la suerte de hacer m\u00e1s de una veintena a lo largo de mi vida profesional y siempre aprendo alguna cosa nueva o alg\u00fan truco v\u00e1lido para conducir mejor y m\u00e1s seguro.<\/p>\n<p><object id=\"flashObj\" width=\"486\" height=\"412\" classid=\"clsid:D27CDB6E-AE6D-11cf-96B8-444553540000\" codebase=\"http:\/\/download.macromedia.com\/pub\/shockwave\/cabs\/flash\/swflash.cab#version=9,0,47,0\"><param name=\"movie\" value=\"http:\/\/c.brightcove.com\/services\/viewer\/federated_f9?isVid=1\" \/><param name=\"bgcolor\" value=\"#FFFFFF\" \/><param name=\"flashVars\" value=\"@videoPlayer=5223230703001&#038;playerID=5042121230001&#038;playerKey=AQ~~,AAAAE_NrmnE~,TZ757wAPFQ-eZgRd47Y4KcDu2yKnjVmn&#038;domain=embed&#038;dynamicStreaming=true\" \/><param name=\"base\" value=\"http:\/\/admin.brightcove.com\" \/><param name=\"seamlesstabbing\" value=\"false\" \/><param name=\"allowFullScreen\" value=\"true\" \/><param name=\"swLiveConnect\" value=\"true\" \/><param name=\"allowScriptAccess\" value=\"always\" \/><embed src=\"\/\/c.brightcove.com\/services\/viewer\/federated_f9?isVid=1\" bgcolor=\"#FFFFFF\" flashVars=\"@videoPlayer=5223230703001&#038;playerID=5042121230001&#038;playerKey=AQ~~,AAAAE_NrmnE~,TZ757wAPFQ-eZgRd47Y4KcDu2yKnjVmn&#038;domain=embed&#038;dynamicStreaming=true\" base=\"http:\/\/admin.brightcove.com\" name=\"flashObj\" width=\"486\" height=\"412\" seamlesstabbing=\"false\" type=\"application\/x-shockwave-flash\" allowFullScreen=\"true\" swLiveConnect=\"true\" allowScriptAccess=\"always\" pluginspage=\"http:\/\/www.macromedia.com\/shockwave\/download\/index.cgi?P1_Prod_Version=ShockwaveFlash\"><\/embed><\/object><\/p>\n<p>Andr\u00e9s Viedma<\/p>\n<!-- AddThis Advanced Settings generic via filter on the_content --><!-- AddThis Share Buttons generic via filter on the_content -->","protected":false},"excerpt":{"rendered":"<p>Esta semana hemos tenido oportunidad de conducir en el Audi Driving Experience que organiza cada a\u00f1o la marca germana en nuestro pa\u00eds para algunos compradores y para los periodistas expertos del motor. Es una oportunidad que nos brinda Audi de poder probar en un mismo recinto, en este caso en el circuito Ascari, propiedad de [&hellip;]<!-- AddThis Advanced Settings generic via filter on get_the_excerpt --><!-- AddThis Share Buttons generic via filter on get_the_excerpt --><\/p>\n","protected":false},"author":20,"featured_media":31,"comment_status":"open","ping_status":"closed","sticky":false,"template":"","format":"standard","meta":[],"categories":[3],"tags":[],"_links":{"self":[{"href":"https:\/\/blogs.diariovasco.com\/motor\/wp-json\/wp\/v2\/posts\/28"}],"collection":[{"href":"https:\/\/blogs.diariovasco.com\/motor\/wp-json\/wp\/v2\/posts"}],"about":[{"href":"https:\/\/blogs.diariovasco.com\/motor\/wp-json\/wp\/v2\/types\/post"}],"author":[{"embeddable":true,"href":"https:\/\/blogs.diariovasco.com\/motor\/wp-json\/wp\/v2\/users\/20"}],"replies":[{"embeddable":true,"href":"https:\/\/blogs.diariovasco.com\/motor\/wp-json\/wp\/v2\/comments?post=28"}],"version-history":[{"count":0,"href":"https:\/\/blogs.diariovasco.com\/motor\/wp-json\/wp\/v2\/posts\/28\/revisions"}],"wp:featuredmedia":[{"embeddable":true,"href":"https:\/\/blogs.diariovasco.com\/motor\/wp-json\/wp\/v2\/media\/31"}],"wp:attachment":[{"href":"https:\/\/blogs.diariovasco.com\/motor\/wp-json\/wp\/v2\/media?parent=28"}],"wp:term":[{"taxonomy":"category","embeddable":true,"href":"https:\/\/blogs.diariovasco.com\/motor\/wp-json\/wp\/v2\/categories?post=28"},{"taxonomy":"post_tag","embeddable":true,"href":"https:\/\/blogs.diariovasco.com\/motor\/wp-json\/wp\/v2\/tags?post=28"}],"curies":[{"name":"wp","href":"https:\/\/api.w.org\/{rel}","templated":true}]}}