{"id":29,"date":"2016-12-05T10:20:52","date_gmt":"2016-12-05T09:20:52","guid":{"rendered":"http:\/\/blogs.diariovasco.com\/motor\/?p=29"},"modified":"2016-12-05T10:20:52","modified_gmt":"2016-12-05T09:20:52","slug":"si-sufres-una-inundacion-con-el-coche-quien-cubre-los-danos","status":"publish","type":"post","link":"https:\/\/blogs.diariovasco.com\/motor\/2016\/12\/05\/si-sufres-una-inundacion-con-el-coche-quien-cubre-los-danos\/","title":{"rendered":"Si sufres una inundaci\u00f3n con el coche, \u00bfqui\u00e9n cubre los da\u00f1os?"},"content":{"rendered":"<p>En los \u00faltimos d\u00edas, las lluvias torrenciales han hecho mella en ciudades como M\u00e1laga, Valencia, Barcelona o Sevilla. En Valencia se han vivido situaciones tan tensas como la de una mujer \u2013v\u00eddeo que habr\u00e9is visto casi todos y que fue portada de noticieros- que qued\u00f3 atrapada en su coche mientras \u00e9ste se hund\u00eda en una carretera inundada en Sagunto. El pasado octubre, un hombre falleci\u00f3 tras ser arrastrado por el agua cuando circulaba con su coche en la provincia de Barcelona, y una joven que se dirig\u00eda a un camping tambi\u00e9n falleci\u00f3. Hasta que no ocurren situaciones como estas no se sabe qu\u00e9 pasa con los coches que se ven afectados por una riada o inundaci\u00f3n. Quiz\u00e1s esto que vayas a leer te sorprenda, pero ning\u00fan seguro de coche cubre los da\u00f1os, tanto f\u00edsicos o materiales, que se producen a causa de un riesgo extraordinario: fen\u00f3menos naturales (inundaciones, terremotos o temporales), actos terroristas o acciones de las Fuerzas Armadas y Cuerpos de Seguridad. En estos casos, quien paga las indemnizaciones es el Consorcio de Compensaci\u00f3n de Seguros; se trata de la respuesta que el Estado ofrece para salvar los intereses de los perjudicados. El \u00fanico requisito que se necesita para tener derecho a esta indemnizaci\u00f3n es que el damnificado tenga en vigor el seguro obligatorio de responsabilidad civil. Si hay una muerte o da\u00f1os f\u00edsicos, los beneficiarios s\u00f3lo tendr\u00e1n derecho a la indemnizaci\u00f3n del Consorcio si en el seguro del coche est\u00e1 contratada la cobertura de seguro de conductor. La otra opci\u00f3n es disponer de un seguro de vida o accidentes, que adem\u00e1s lleva consigo la obligaci\u00f3n del Consorcio de indemnizar a los beneficiarios por los da\u00f1os personales.<br \/>\n\u00bfC\u00f3mo reclamar los da\u00f1os?<br \/>\nComo en cualquier accidente, lo primero que hay que hacer es comunicar a la aseguradora lo que ha sucedido. Cuando la compa\u00f1\u00eda de seguros conoce lo ocurrido, deriva al cliente al Consorcio para que realice la reclamaci\u00f3n. El plazo m\u00e1ximo para efectuar la reclamaci\u00f3n es de dos a\u00f1os para da\u00f1os materiales y cinco para da\u00f1os f\u00edsicos a las personas; as\u00ed viene establecido en el art\u00edculo 23 de la Ley del Contrato del Seguro. Aunque, desde el Consorcio se recomienda realizar la reclamaci\u00f3n en el menor plazo posible.<br \/>\n\u00bfCon qu\u00e9 cantidad indemniza el Consorcio? Debe cubrir, al menos, el mismo importe que venga estipulado en la p\u00f3liza del seguro privado. En estas p\u00f3lizas tambi\u00e9n se cubren los gastos sanitarios, de salvamento o de gr\u00faa que hayan sido necesarios.<\/p>\n<p>Juan Ignacio Viedma<\/p>\n<!-- AddThis Advanced Settings generic via filter on the_content --><!-- AddThis Share Buttons generic via filter on the_content -->","protected":false},"excerpt":{"rendered":"<p>En los \u00faltimos d\u00edas, las lluvias torrenciales han hecho mella en ciudades como M\u00e1laga, Valencia, Barcelona o Sevilla. En Valencia se han vivido situaciones tan tensas como la de una mujer \u2013v\u00eddeo que habr\u00e9is visto casi todos y que fue portada de noticieros- que qued\u00f3 atrapada en su coche mientras \u00e9ste se hund\u00eda en una [&hellip;]<!-- AddThis Advanced Settings generic via filter on get_the_excerpt --><!-- AddThis Share Buttons generic via filter on get_the_excerpt --><\/p>\n","protected":false},"author":20,"featured_media":40,"comment_status":"open","ping_status":"closed","sticky":false,"template":"","format":"standard","meta":[],"categories":[3],"tags":[],"_links":{"self":[{"href":"https:\/\/blogs.diariovasco.com\/motor\/wp-json\/wp\/v2\/posts\/29"}],"collection":[{"href":"https:\/\/blogs.diariovasco.com\/motor\/wp-json\/wp\/v2\/posts"}],"about":[{"href":"https:\/\/blogs.diariovasco.com\/motor\/wp-json\/wp\/v2\/types\/post"}],"author":[{"embeddable":true,"href":"https:\/\/blogs.diariovasco.com\/motor\/wp-json\/wp\/v2\/users\/20"}],"replies":[{"embeddable":true,"href":"https:\/\/blogs.diariovasco.com\/motor\/wp-json\/wp\/v2\/comments?post=29"}],"version-history":[{"count":0,"href":"https:\/\/blogs.diariovasco.com\/motor\/wp-json\/wp\/v2\/posts\/29\/revisions"}],"wp:featuredmedia":[{"embeddable":true,"href":"https:\/\/blogs.diariovasco.com\/motor\/wp-json\/wp\/v2\/media\/40"}],"wp:attachment":[{"href":"https:\/\/blogs.diariovasco.com\/motor\/wp-json\/wp\/v2\/media?parent=29"}],"wp:term":[{"taxonomy":"category","embeddable":true,"href":"https:\/\/blogs.diariovasco.com\/motor\/wp-json\/wp\/v2\/categories?post=29"},{"taxonomy":"post_tag","embeddable":true,"href":"https:\/\/blogs.diariovasco.com\/motor\/wp-json\/wp\/v2\/tags?post=29"}],"curies":[{"name":"wp","href":"https:\/\/api.w.org\/{rel}","templated":true}]}}