{"id":384,"date":"2019-01-15T10:17:20","date_gmt":"2019-01-15T09:17:20","guid":{"rendered":"https:\/\/blogs.diariovasco.com\/motor\/?p=384"},"modified":"2019-01-15T10:17:20","modified_gmt":"2019-01-15T09:17:20","slug":"las-ventas-de-coches-usados-subieron-un-66-en-2018-hasta-los-21-millones-de-vehiculos","status":"publish","type":"post","link":"https:\/\/blogs.diariovasco.com\/motor\/2019\/01\/15\/las-ventas-de-coches-usados-subieron-un-66-en-2018-hasta-los-21-millones-de-vehiculos\/","title":{"rendered":"Las ventas de coches usados subieron un 6,6% en 2018, hasta los 2,1 millones de veh\u00edculos"},"content":{"rendered":"<p>El pasado ejercicio cerr\u00f3 con la transacci\u00f3n de\u00a02,1 millones de turismos y todoterrenos de segunda mano, lo que supone un\u00a0alza del 6,6%\u00a0en relaci\u00f3n a 2017, seg\u00fan los datos de la consultora MSI para Faconauto.<\/p>\n<p>Los modelos con\u00a0menos de tres a\u00f1os\u00a0fueron los que tuvieron un incremento mayor, del\u00a021,9%, hasta suponer 440.443 unidades. Un hecho que se ha visto favorecido por la entrada en vigor el pasado 1 de septiembre de la nueva normativa de emisiones (WLTP), que motiv\u00f3\u00a0grandes descuentos por parte de las marcas\u00a0(para deshacerse del\u00a0<em>stock<\/em>\u00a0con la anterior homologaci\u00f3n), as\u00ed como un\u00a0fuerte ascenso de las automatriculaciones. De hecho, los veh\u00edculos de segunda mano procedentes de matriculaciones t\u00e1cticas incrementaron sus ventas un\u00a025,1%, hasta sumar 148.294 unidades.<\/p>\n<p>A pesar de la expansi\u00f3n en las ventas de estos modelos, los\u00a0veh\u00edculos con m\u00e1s de 10 a\u00f1os\u00a0siguen acaparando el mercado, hasta suponer pr\u00e1cticamente\u00a0el 59% de las transacciones. El a\u00f1o pasado se vendieron\u00a01,23 millones de veh\u00edculos con m\u00e1s de una d\u00e9cada, suponiendo un alza del 5,6%. De hecho, la edad media de los coches de segunda mano vendidos rebasa ya los\u00a012 a\u00f1os. Un hecho que, como destacan desde\u00a0Ganvam, &#8220;sigue siendo muy superior a lo que deber\u00eda&#8221;.<\/p>\n<p>Las operaciones entre\u00a0particulares\u00a0son un a\u00f1o m\u00e1s las m\u00e1s comunes, representando\u00a0el 52% de las transacciones\u00a0(1,08 millones de ventas en 2018, un 10,7% m\u00e1s que un a\u00f1o antes). Tras este tipo de transferencias, le siguen las compraventas con 276.110 unidades, a pesar de la ca\u00edda del 18,8% sufrida durante el pasado ejercicio. En tercer lugar se coloc\u00f3 el canal empresarial, con 225.144 ventas (+3,1%). Tras las automatriculaciones, los segmentos que m\u00e1s crecieron fueron el\u00a0<em>rent a car<\/em>\u00a0(181.411 ventas, un 15,2% m\u00e1s) y las empresas de <img loading=\"lazy\" class=\"alignnone size-medium wp-image-385\" src=\"https:\/\/static-blogs.diariovasco.com\/wp-content\/uploads\/sites\/9\/2019\/01\/VENTAS-COCHES-SEGUNDA-MANO-300x200.jpg\" alt=\"ventas-coches-segunda-mano\" width=\"300\" height=\"200\" srcset=\"https:\/\/static-blogs.diariovasco.com\/wp-content\/uploads\/sites\/9\/2019\/01\/VENTAS-COCHES-SEGUNDA-MANO-300x200.jpg 300w, https:\/\/static-blogs.diariovasco.com\/wp-content\/uploads\/sites\/9\/2019\/01\/VENTAS-COCHES-SEGUNDA-MANO-768x512.jpg 768w, https:\/\/static-blogs.diariovasco.com\/wp-content\/uploads\/sites\/9\/2019\/01\/VENTAS-COCHES-SEGUNDA-MANO-628x419.jpg 628w, https:\/\/static-blogs.diariovasco.com\/wp-content\/uploads\/sites\/9\/2019\/01\/VENTAS-COCHES-SEGUNDA-MANO.jpg 990w\" sizes=\"(max-width: 300px) 100vw, 300px\" \/>(103.178, +31,5%).<\/p>\n<p>Para Faconauto, el mercado de coches usados\u00a0&#8220;parece haber alcanzado su techo por el momento&#8221;. Por ello, desde la patronal de concesionarios esperan que el ritmo de ventas se ralentice en 2019,\u00a0hasta situarse en torno al 3%\u00a0a cierre de ejercicio, superando los\u00a02,1 millones de unidades\u00a0de este curso.<\/p>\n<!-- AddThis Advanced Settings generic via filter on the_content --><!-- AddThis Share Buttons generic via filter on the_content -->","protected":false},"excerpt":{"rendered":"<p>El pasado ejercicio cerr\u00f3 con la transacci\u00f3n de\u00a02,1 millones de turismos y todoterrenos de segunda mano, lo que supone un\u00a0alza del 6,6%\u00a0en relaci\u00f3n a 2017, seg\u00fan los datos de la consultora MSI para Faconauto. Los modelos con\u00a0menos de tres a\u00f1os\u00a0fueron los que tuvieron un incremento mayor, del\u00a021,9%, hasta suponer 440.443 unidades. Un hecho que se [&hellip;]<!-- AddThis Advanced Settings generic via filter on get_the_excerpt --><!-- AddThis Share Buttons generic via filter on get_the_excerpt --><\/p>\n","protected":false},"author":20,"featured_media":0,"comment_status":"open","ping_status":"closed","sticky":false,"template":"","format":"standard","meta":[],"categories":[1],"tags":[],"_links":{"self":[{"href":"https:\/\/blogs.diariovasco.com\/motor\/wp-json\/wp\/v2\/posts\/384"}],"collection":[{"href":"https:\/\/blogs.diariovasco.com\/motor\/wp-json\/wp\/v2\/posts"}],"about":[{"href":"https:\/\/blogs.diariovasco.com\/motor\/wp-json\/wp\/v2\/types\/post"}],"author":[{"embeddable":true,"href":"https:\/\/blogs.diariovasco.com\/motor\/wp-json\/wp\/v2\/users\/20"}],"replies":[{"embeddable":true,"href":"https:\/\/blogs.diariovasco.com\/motor\/wp-json\/wp\/v2\/comments?post=384"}],"version-history":[{"count":1,"href":"https:\/\/blogs.diariovasco.com\/motor\/wp-json\/wp\/v2\/posts\/384\/revisions"}],"predecessor-version":[{"id":386,"href":"https:\/\/blogs.diariovasco.com\/motor\/wp-json\/wp\/v2\/posts\/384\/revisions\/386"}],"wp:attachment":[{"href":"https:\/\/blogs.diariovasco.com\/motor\/wp-json\/wp\/v2\/media?parent=384"}],"wp:term":[{"taxonomy":"category","embeddable":true,"href":"https:\/\/blogs.diariovasco.com\/motor\/wp-json\/wp\/v2\/categories?post=384"},{"taxonomy":"post_tag","embeddable":true,"href":"https:\/\/blogs.diariovasco.com\/motor\/wp-json\/wp\/v2\/tags?post=384"}],"curies":[{"name":"wp","href":"https:\/\/api.w.org\/{rel}","templated":true}]}}