{"id":418,"date":"2019-02-05T08:15:05","date_gmt":"2019-02-05T07:15:05","guid":{"rendered":"https:\/\/blogs.diariovasco.com\/motor\/?p=418"},"modified":"2019-02-05T08:18:18","modified_gmt":"2019-02-05T07:18:18","slug":"los-asistentes-a-la-conduccion-reducen-un-57-la-probabilidad-de-accidente","status":"publish","type":"post","link":"https:\/\/blogs.diariovasco.com\/motor\/2019\/02\/05\/los-asistentes-a-la-conduccion-reducen-un-57-la-probabilidad-de-accidente\/","title":{"rendered":"Los asistentes a la conducci\u00f3n reducen un 57 % la probabilidad de accidente"},"content":{"rendered":"<p><img loading=\"lazy\" class=\"alignnone size-medium wp-image-419\" src=\"https:\/\/static-blogs.diariovasco.com\/wp-content\/uploads\/sites\/9\/2019\/01\/ASISTENTE-VISION-NOCTURNA-300x165.jpeg\" alt=\"asistente-vision-nocturna\" width=\"300\" height=\"165\" srcset=\"https:\/\/static-blogs.diariovasco.com\/wp-content\/uploads\/sites\/9\/2019\/01\/ASISTENTE-VISION-NOCTURNA-300x165.jpeg 300w, https:\/\/static-blogs.diariovasco.com\/wp-content\/uploads\/sites\/9\/2019\/01\/ASISTENTE-VISION-NOCTURNA-768x423.jpeg 768w, https:\/\/static-blogs.diariovasco.com\/wp-content\/uploads\/sites\/9\/2019\/01\/ASISTENTE-VISION-NOCTURNA-628x346.jpeg 628w, https:\/\/static-blogs.diariovasco.com\/wp-content\/uploads\/sites\/9\/2019\/01\/ASISTENTE-VISION-NOCTURNA.jpeg 930w\" sizes=\"(max-width: 300px) 100vw, 300px\" \/>\u00a0<img loading=\"lazy\" class=\"alignnone size-medium wp-image-422\" src=\"https:\/\/static-blogs.diariovasco.com\/wp-content\/uploads\/sites\/9\/2019\/01\/control_crucero_adaptativo-2-300x169.jpg\" alt=\"control_crucero_adaptativo-2\" width=\"300\" height=\"169\" srcset=\"https:\/\/static-blogs.diariovasco.com\/wp-content\/uploads\/sites\/9\/2019\/01\/control_crucero_adaptativo-2-300x169.jpg 300w, https:\/\/static-blogs.diariovasco.com\/wp-content\/uploads\/sites\/9\/2019\/01\/control_crucero_adaptativo-2.jpg 768w, https:\/\/static-blogs.diariovasco.com\/wp-content\/uploads\/sites\/9\/2019\/01\/control_crucero_adaptativo-2-628x353.jpg 628w\" sizes=\"(max-width: 300px) 100vw, 300px\" \/><\/p>\n<p>Los coches modernos incorporan cada vez m\u00e1s\u00a0asistentes a la conducci\u00f3n. Estos sistemas\u00a0incrementan notablemente la seguridad en nuestras carreteras\u00a0y suponen los primeros pasos hacia una conducci\u00f3n completamente aut\u00f3noma. En Espa\u00f1a, pr\u00e1cticamente\u00a0uno de cada tres autom\u00f3viles nuevos vendidos en 2017 equipaba frenada autom\u00e1tica de emergencia y ayuda al mantenimiento del carril, dos de los sistemas que se han mostrado m\u00e1s eficaces en la reducci\u00f3n de accidentes. Pero,\u00a0\u00bfhasta qu\u00e9 punto mejoran la seguridad en las carreteras estos sistemas?\u00a0Pues bien, la DGT ha estimado que\u00a0si todos los autom\u00f3viles equiparan estas ayudas\u00a0a la conducci\u00f3n,\u00a0se evitar\u00edan o reducir\u00edan las consecuencias de un 57% de los accidentes en Espa\u00f1a.<\/p>\n<h2><img loading=\"lazy\" class=\"alignnone size-medium wp-image-420\" src=\"https:\/\/static-blogs.diariovasco.com\/wp-content\/uploads\/sites\/9\/2019\/01\/Asistente-mantenimiento-carril-300x180.jpg\" alt=\"asistente-mantenimiento-carril\" width=\"300\" height=\"180\" srcset=\"https:\/\/static-blogs.diariovasco.com\/wp-content\/uploads\/sites\/9\/2019\/01\/Asistente-mantenimiento-carril-300x180.jpg 300w, https:\/\/static-blogs.diariovasco.com\/wp-content\/uploads\/sites\/9\/2019\/01\/Asistente-mantenimiento-carril-628x378.jpg 628w, https:\/\/static-blogs.diariovasco.com\/wp-content\/uploads\/sites\/9\/2019\/01\/Asistente-mantenimiento-carril.jpg 700w\" sizes=\"(max-width: 300px) 100vw, 300px\" \/><\/h2>\n<h2>As\u00ed se reducir\u00edan los accidentes si todos los coches tuvieran asistentes.<\/h2>\n<table width=\"676\">\n<tbody>\n<tr>\n<td width=\"151\">Tipo de accidente<\/td>\n<td width=\"130\">N\u00famero accidentes<\/td>\n<td width=\"233\">Reducci\u00f3n potencial de accidentes<\/td>\n<td width=\"162\">Porcentaje de reducci\u00f3n<\/td>\n<\/tr>\n<tr>\n<td width=\"151\">Atropello<\/td>\n<td width=\"130\">9.604<\/td>\n<td width=\"233\">3.988<\/td>\n<td width=\"162\">58%<\/td>\n<\/tr>\n<tr>\n<td width=\"151\">Colisi\u00f3n frontal<\/td>\n<td width=\"130\">35.333<\/td>\n<td width=\"233\">16.168<\/td>\n<td width=\"162\">54%<\/td>\n<\/tr>\n<tr>\n<td width=\"151\">Salida de carril<\/td>\n<td width=\"130\">28.078<\/td>\n<td width=\"233\">8.933<\/td>\n<td width=\"162\">68%<\/td>\n<\/tr>\n<tr>\n<td width=\"151\">Atropello futuro<\/td>\n<td width=\"130\">771<\/td>\n<td width=\"233\">231<\/td>\n<td width=\"162\">70%<\/td>\n<\/tr>\n<tr>\n<td width=\"151\">Colisi\u00f3n frontal futuro<\/td>\n<td width=\"130\">2.041<\/td>\n<td width=\"233\">612<\/td>\n<td width=\"162\">70%<\/td>\n<\/tr>\n<tr>\n<td width=\"151\">NA<\/td>\n<td width=\"130\">4.223<\/td>\n<td width=\"233\">4.223<\/td>\n<td width=\"162\">0%<\/td>\n<\/tr>\n<tr>\n<td width=\"151\">TOTAL<\/td>\n<td width=\"130\">80.050<\/td>\n<td width=\"233\">34.155<\/td>\n<td width=\"162\">57%<\/td>\n<\/tr>\n<\/tbody>\n<\/table>\n<h2>\u00a0<img loading=\"lazy\" class=\"alignnone size-medium wp-image-421\" src=\"https:\/\/static-blogs.diariovasco.com\/wp-content\/uploads\/sites\/9\/2019\/01\/asistente-vision-nocturna-650x482-300x222.jpg\" alt=\"DISTRONIC PLUS, \u2028Bremsassistent PLUS und Nachtsicht-Assistent\" width=\"300\" height=\"222\" srcset=\"https:\/\/static-blogs.diariovasco.com\/wp-content\/uploads\/sites\/9\/2019\/01\/asistente-vision-nocturna-650x482-300x222.jpg 300w, https:\/\/static-blogs.diariovasco.com\/wp-content\/uploads\/sites\/9\/2019\/01\/asistente-vision-nocturna-650x482-628x466.jpg 628w, https:\/\/static-blogs.diariovasco.com\/wp-content\/uploads\/sites\/9\/2019\/01\/asistente-vision-nocturna-650x482.jpg 650w\" sizes=\"(max-width: 300px) 100vw, 300px\" \/><\/h2>\n<h2>El ahorro econ\u00f3mico que consiguen los asistentes a la conducci\u00f3n.<\/h2>\n<p>Adem\u00e1s de salvar vidas y reducir el n\u00famero de heridos, esta disminuci\u00f3n de la siniestralidad tendr\u00eda un fuerte impacto econ\u00f3mico. Seg\u00fan datos de la DGT,\u00a0el coste directo de accidentes fue de 9.600 millones de euros en 2014, m\u00e1s de un 1% del PIB nacional. Teniendo en cuenta el impacto que en otros pa\u00edses ha tenido la reducci\u00f3n de los accidentes gracias a estos sistemas de seguridad,\u00a0se podr\u00edan ahorrar hasta 4.300 millones de euros al a\u00f1o.<\/p>\n<p><img loading=\"lazy\" class=\"alignnone size-medium wp-image-423\" src=\"https:\/\/static-blogs.diariovasco.com\/wp-content\/uploads\/sites\/9\/2019\/01\/FOTO-NOT-ASISTENTES-CONDUCCION-300x200.jpg\" alt=\"foto-not-asistentes-conduccion\" width=\"300\" height=\"200\" srcset=\"https:\/\/static-blogs.diariovasco.com\/wp-content\/uploads\/sites\/9\/2019\/01\/FOTO-NOT-ASISTENTES-CONDUCCION-300x200.jpg 300w, https:\/\/static-blogs.diariovasco.com\/wp-content\/uploads\/sites\/9\/2019\/01\/FOTO-NOT-ASISTENTES-CONDUCCION-768x513.jpg 768w, https:\/\/static-blogs.diariovasco.com\/wp-content\/uploads\/sites\/9\/2019\/01\/FOTO-NOT-ASISTENTES-CONDUCCION-628x419.jpg 628w, https:\/\/static-blogs.diariovasco.com\/wp-content\/uploads\/sites\/9\/2019\/01\/FOTO-NOT-ASISTENTES-CONDUCCION.jpg 950w\" sizes=\"(max-width: 300px) 100vw, 300px\" \/><\/p>\n<p>Por otro lado, el aumento previsto de la presencia de estos sistemas en el parque automovil\u00edstico va a producir una\u00a0reducci\u00f3n significativa de las reclamaciones a los seguros por siniestros de autom\u00f3vil. Y tambi\u00e9n se producir\u00e1n otros fen\u00f3menos, como una posible\u00a0reducci\u00f3n de las cuotas del seguro\u00a0a los tomadores cuyos autom\u00f3viles equipen estos sistemas. As\u00ed sucede, por ejemplo, en Israel, donde la prima del seguro\u00a0puede bajar hasta un 40%\u00a0en funci\u00f3n de las caracter\u00edsticas de seguridad del veh\u00edculo.<\/p>\n<p><img loading=\"lazy\" class=\"alignnone size-medium wp-image-424\" src=\"https:\/\/static-blogs.diariovasco.com\/wp-content\/uploads\/sites\/9\/2019\/01\/Volvo-Ayudas-conduccion-300x193.jpg\" alt=\"volvo-ayudas-conduccion\" width=\"300\" height=\"193\" srcset=\"https:\/\/static-blogs.diariovasco.com\/wp-content\/uploads\/sites\/9\/2019\/01\/Volvo-Ayudas-conduccion-300x193.jpg 300w, https:\/\/static-blogs.diariovasco.com\/wp-content\/uploads\/sites\/9\/2019\/01\/Volvo-Ayudas-conduccion-628x405.jpg 628w, https:\/\/static-blogs.diariovasco.com\/wp-content\/uploads\/sites\/9\/2019\/01\/Volvo-Ayudas-conduccion.jpg 700w\" sizes=\"(max-width: 300px) 100vw, 300px\" \/><\/p>\n<!-- AddThis Advanced Settings generic via filter on the_content --><!-- AddThis Share Buttons generic via filter on the_content -->","protected":false},"excerpt":{"rendered":"<p>\u00a0 Los coches modernos incorporan cada vez m\u00e1s\u00a0asistentes a la conducci\u00f3n. Estos sistemas\u00a0incrementan notablemente la seguridad en nuestras carreteras\u00a0y suponen los primeros pasos hacia una conducci\u00f3n completamente aut\u00f3noma. En Espa\u00f1a, pr\u00e1cticamente\u00a0uno de cada tres autom\u00f3viles nuevos vendidos en 2017 equipaba frenada autom\u00e1tica de emergencia y ayuda al mantenimiento del carril, dos de los sistemas que [&hellip;]<!-- AddThis Advanced Settings generic via filter on get_the_excerpt --><!-- AddThis Share Buttons generic via filter on get_the_excerpt --><\/p>\n","protected":false},"author":20,"featured_media":0,"comment_status":"open","ping_status":"closed","sticky":false,"template":"","format":"standard","meta":[],"categories":[1],"tags":[],"_links":{"self":[{"href":"https:\/\/blogs.diariovasco.com\/motor\/wp-json\/wp\/v2\/posts\/418"}],"collection":[{"href":"https:\/\/blogs.diariovasco.com\/motor\/wp-json\/wp\/v2\/posts"}],"about":[{"href":"https:\/\/blogs.diariovasco.com\/motor\/wp-json\/wp\/v2\/types\/post"}],"author":[{"embeddable":true,"href":"https:\/\/blogs.diariovasco.com\/motor\/wp-json\/wp\/v2\/users\/20"}],"replies":[{"embeddable":true,"href":"https:\/\/blogs.diariovasco.com\/motor\/wp-json\/wp\/v2\/comments?post=418"}],"version-history":[{"count":3,"href":"https:\/\/blogs.diariovasco.com\/motor\/wp-json\/wp\/v2\/posts\/418\/revisions"}],"predecessor-version":[{"id":427,"href":"https:\/\/blogs.diariovasco.com\/motor\/wp-json\/wp\/v2\/posts\/418\/revisions\/427"}],"wp:attachment":[{"href":"https:\/\/blogs.diariovasco.com\/motor\/wp-json\/wp\/v2\/media?parent=418"}],"wp:term":[{"taxonomy":"category","embeddable":true,"href":"https:\/\/blogs.diariovasco.com\/motor\/wp-json\/wp\/v2\/categories?post=418"},{"taxonomy":"post_tag","embeddable":true,"href":"https:\/\/blogs.diariovasco.com\/motor\/wp-json\/wp\/v2\/tags?post=418"}],"curies":[{"name":"wp","href":"https:\/\/api.w.org\/{rel}","templated":true}]}}