{"id":429,"date":"2019-02-12T12:54:31","date_gmt":"2019-02-12T11:54:31","guid":{"rendered":"https:\/\/blogs.diariovasco.com\/motor\/?p=429"},"modified":"2019-02-12T12:54:31","modified_gmt":"2019-02-12T11:54:31","slug":"el-mapa-de-los-golpes-de-coches-en-espana-ranking-por-provincias","status":"publish","type":"post","link":"https:\/\/blogs.diariovasco.com\/motor\/2019\/02\/12\/el-mapa-de-los-golpes-de-coches-en-espana-ranking-por-provincias\/","title":{"rendered":"El mapa de los golpes de coches en Espa\u00f1a: ranking por provincias"},"content":{"rendered":"<p><img loading=\"lazy\" class=\"alignnone size-medium wp-image-430\" src=\"https:\/\/static-blogs.diariovasco.com\/wp-content\/uploads\/sites\/9\/2019\/02\/FOTO-NOT-MAPA-GOLPES-COCHES-1-300x125.jpg\" alt=\"foto-not-mapa-golpes-coches-1\" width=\"300\" height=\"125\" srcset=\"https:\/\/static-blogs.diariovasco.com\/wp-content\/uploads\/sites\/9\/2019\/02\/FOTO-NOT-MAPA-GOLPES-COCHES-1-300x125.jpg 300w, https:\/\/static-blogs.diariovasco.com\/wp-content\/uploads\/sites\/9\/2019\/02\/FOTO-NOT-MAPA-GOLPES-COCHES-1-768x320.jpg 768w, https:\/\/static-blogs.diariovasco.com\/wp-content\/uploads\/sites\/9\/2019\/02\/FOTO-NOT-MAPA-GOLPES-COCHES-1-628x262.jpg 628w, https:\/\/static-blogs.diariovasco.com\/wp-content\/uploads\/sites\/9\/2019\/02\/FOTO-NOT-MAPA-GOLPES-COCHES-1.jpg 900w\" sizes=\"(max-width: 300px) 100vw, 300px\" \/><\/p>\n<p>Durante 2018, los golpes de chapa en veh\u00edculos alcanzaron su cota m\u00e1s alta en 8 a\u00f1os con 1,93 millones.<\/p>\n<p>Seg\u00fan los datos aportados por\u00a0Unespa, los golpes de chapa en veh\u00edculos\u00a0no han parado de crecer desde 2010. De hecho,\u00a0durante el a\u00f1o pasado alcanzaron su cota m\u00e1s alta en 8 a\u00f1os con 1,93 millones, lo que supuso un incremento interanual del 0,11%.<\/p>\n<p>Los accidentes de tr\u00e1fico leves son t\u00edpicos del tr\u00e1fico en las ciudades y reflejan la situaci\u00f3n econ\u00f3mica de un pa\u00eds\u00a0puesto que, en momento de bonanza, se producen m\u00e1s a menudo debido a que son m\u00e1s numerosos los veh\u00edculos que circulan por las calles.<\/p>\n<p>Sin embargo,\u00a0en a\u00f1os de crisis baja la siniestralidad. Los golpes de chapa registraron su \u00edndice m\u00e1s bajo\u00a0en 2013 con 1,73 millones\u00a0de accidentes leves.<\/p>\n<p><img loading=\"lazy\" class=\"alignnone size-medium wp-image-431\" src=\"https:\/\/static-blogs.diariovasco.com\/wp-content\/uploads\/sites\/9\/2019\/02\/FOTO-NOT-MAPA-GOLPES-COCHES-2-300x225.jpg\" alt=\"foto-not-mapa-golpes-coches-2\" width=\"300\" height=\"225\" srcset=\"https:\/\/static-blogs.diariovasco.com\/wp-content\/uploads\/sites\/9\/2019\/02\/FOTO-NOT-MAPA-GOLPES-COCHES-2-300x225.jpg 300w, https:\/\/static-blogs.diariovasco.com\/wp-content\/uploads\/sites\/9\/2019\/02\/FOTO-NOT-MAPA-GOLPES-COCHES-2-768x576.jpg 768w, https:\/\/static-blogs.diariovasco.com\/wp-content\/uploads\/sites\/9\/2019\/02\/FOTO-NOT-MAPA-GOLPES-COCHES-2-628x471.jpg 628w, https:\/\/static-blogs.diariovasco.com\/wp-content\/uploads\/sites\/9\/2019\/02\/FOTO-NOT-MAPA-GOLPES-COCHES-2.jpg 960w\" sizes=\"(max-width: 300px) 100vw, 300px\" \/><\/p>\n<p>Melilla (5,91%), Castilla y Le\u00f3n (2,59%) y Canarias (2,28%)\u00a0fueron las tres regiones donde m\u00e1s se incrementaron las colisiones durante el pasado ejercicio, mientras que solo disminuyeron en 4 comunidades:\u00a0Asturias (-2,05%), Pa\u00eds Vasco (-0,96%), Castilla-La Mancha (-0,64%) y Navarra (-0,59%). Por provincias, los choques aumentaron en\u00a0Segovia (8,12%), Melilla (5,91%), Soria (5,33%) y Salamanca (4,38%). Por el contrario, en\u00a0Albacete (-2,69%), Teruel (-2,29%), Guip\u00fazcoa (-2,12%) y Asturias (-2,05%).<\/p>\n<p>Debido a su peso demogr\u00e1fico, las zonas m\u00e1s pobladas son las que se anotan una mayor cantidad de percances al volante en t\u00e9rminos absolutos. As\u00ed,\u00a0Madrid (253.206 colisiones), Barcelona (199.338) y Valencia (100.998)\u00a0son las ciudades l\u00edderes en este aspecto.<\/p>\n<p><img loading=\"lazy\" class=\"alignnone size-medium wp-image-432\" src=\"https:\/\/static-blogs.diariovasco.com\/wp-content\/uploads\/sites\/9\/2019\/02\/FOTO-NOT-MAPA-GOLPES-COCHES-300x156.jpg\" alt=\"foto-not-mapa-golpes-coches\" width=\"300\" height=\"156\" srcset=\"https:\/\/static-blogs.diariovasco.com\/wp-content\/uploads\/sites\/9\/2019\/02\/FOTO-NOT-MAPA-GOLPES-COCHES-300x156.jpg 300w, https:\/\/static-blogs.diariovasco.com\/wp-content\/uploads\/sites\/9\/2019\/02\/FOTO-NOT-MAPA-GOLPES-COCHES-768x399.jpg 768w, https:\/\/static-blogs.diariovasco.com\/wp-content\/uploads\/sites\/9\/2019\/02\/FOTO-NOT-MAPA-GOLPES-COCHES-628x326.jpg 628w, https:\/\/static-blogs.diariovasco.com\/wp-content\/uploads\/sites\/9\/2019\/02\/FOTO-NOT-MAPA-GOLPES-COCHES.jpg 780w\" sizes=\"(max-width: 300px) 100vw, 300px\" \/><\/p>\n<p>El panorama es muy distinto si analizamos el n\u00famero de accidentes por cada 100.000 habitantes: las ciudades donde resulta m\u00e1s complicado conducir son\u00a0Melilla (5.320 colisiones), Baleares (5.220) y M\u00e1laga (5.080). Por el contrario,\u00a0Teruel (2.780), Zaragoza (3.210) y Ceuta (3.300)\u00a0son los lugares donde el \u00edndice de siniestralidad en relaci\u00f3n al tama\u00f1o de su poblaci\u00f3n es m\u00e1s bajo.<\/p>\n<p>Por otra parte, los accidentes leves tambi\u00e9n var\u00edan\u00a0en funci\u00f3n de la \u00e9poca del a\u00f1o y los d\u00edas de la semana. As\u00ed, en periodos vacacionales se producen menos, en concreto, en el mes de\u00a0agosto, que fue el mes m\u00e1s tranquilo del a\u00f1o con\u00a0142.296 golpes\u00a0por delante de\u00a0diciembre (147.612).<\/p>\n<p><img loading=\"lazy\" class=\"alignnone size-medium wp-image-433\" src=\"https:\/\/static-blogs.diariovasco.com\/wp-content\/uploads\/sites\/9\/2019\/02\/FOTO-PARA-BLOG-GOLPES-DE-COCHES-300x169.jpg\" alt=\"foto-para-blog-golpes-de-coches\" width=\"300\" height=\"169\" srcset=\"https:\/\/static-blogs.diariovasco.com\/wp-content\/uploads\/sites\/9\/2019\/02\/FOTO-PARA-BLOG-GOLPES-DE-COCHES-300x169.jpg 300w, https:\/\/static-blogs.diariovasco.com\/wp-content\/uploads\/sites\/9\/2019\/02\/FOTO-PARA-BLOG-GOLPES-DE-COCHES-768x434.jpg 768w, https:\/\/static-blogs.diariovasco.com\/wp-content\/uploads\/sites\/9\/2019\/02\/FOTO-PARA-BLOG-GOLPES-DE-COCHES-628x355.jpg 628w, https:\/\/static-blogs.diariovasco.com\/wp-content\/uploads\/sites\/9\/2019\/02\/FOTO-PARA-BLOG-GOLPES-DE-COCHES.jpg 988w\" sizes=\"(max-width: 300px) 100vw, 300px\" \/><\/p>\n<p>Octubre, en contraste, fue el mes m\u00e1s problem\u00e1tico del a\u00f1o con\u00a0177.547 choques.\u00a0Cada mes se produjeron en Espa\u00f1a 160.652 accidentes leves durante 2018, una cifra que supera el promedio hist\u00f3rico disponible para las \u00faltimas dos d\u00e9cadas.<\/p>\n<p>Te mostramos todos los detalles por provincias\u00a0a continuaci\u00f3n.<\/p>\n<p>&nbsp;<\/p>\n<p>&nbsp;<\/p>\n<table width=\"517\">\n<tbody>\n<tr>\n<td width=\"86\"><strong>Provincia<\/strong><\/td>\n<td width=\"86\"><strong>Colisiones leves<\/strong><\/td>\n<td width=\"86\"><strong>Variaci\u00f3n interanual<\/strong><\/td>\n<td width=\"86\"><strong>Provincia<\/strong><\/td>\n<td width=\"86\"><strong>Colisiones leves<\/strong><\/td>\n<td width=\"86\"><strong>Variaci\u00f3n interanual<\/strong><\/td>\n<\/tr>\n<tr>\n<td width=\"86\">\u00c1lava<\/td>\n<td width=\"86\">12.158<\/td>\n<td width=\"86\">-0,28%<\/td>\n<td width=\"86\">La Rioja<\/td>\n<td width=\"86\">12.168<\/td>\n<td width=\"86\">0,10%<\/td>\n<\/tr>\n<tr>\n<td width=\"86\">Albacete<\/td>\n<td width=\"86\">12.979<\/td>\n<td width=\"86\">-2,69%<\/td>\n<td width=\"86\">Las Palmas<\/td>\n<td width=\"86\">48.270<\/td>\n<td width=\"86\">1,05%<\/td>\n<\/tr>\n<tr>\n<td width=\"86\">Alicante<\/td>\n<td width=\"86\">76.383<\/td>\n<td width=\"86\">-0,15%<\/td>\n<td width=\"86\">Le\u00f3n<\/td>\n<td width=\"86\">18.501<\/td>\n<td width=\"86\">0,92%<\/td>\n<\/tr>\n<tr>\n<td width=\"86\">Almer\u00eda<\/td>\n<td width=\"86\">28.532<\/td>\n<td width=\"86\">1,58%<\/td>\n<td width=\"86\">L\u00e9rida<\/td>\n<td width=\"86\">16.209<\/td>\n<td width=\"86\">0,24%<\/td>\n<\/tr>\n<tr>\n<td width=\"86\">Asturias<\/td>\n<td width=\"86\">38.110<\/td>\n<td width=\"86\">-2,05%<\/td>\n<td width=\"86\">Lugo<\/td>\n<td width=\"86\">12.096<\/td>\n<td width=\"86\">1,81%<\/td>\n<\/tr>\n<tr>\n<td width=\"86\">\u00c1vila<\/td>\n<td width=\"86\">6.206<\/td>\n<td width=\"86\">4,03%<\/td>\n<td width=\"86\">Madrid<\/td>\n<td width=\"86\">274.409<\/td>\n<td width=\"86\">2,12%<\/td>\n<\/tr>\n<tr>\n<td width=\"86\">Badajoz<\/td>\n<td width=\"86\">28.954<\/td>\n<td width=\"86\">0,00%<\/td>\n<td width=\"86\">M\u00e1laga<\/td>\n<td width=\"86\">83.758<\/td>\n<td width=\"86\">2,08%<\/td>\n<\/tr>\n<tr>\n<td width=\"86\">Barcelona<\/td>\n<td width=\"86\">215.663<\/td>\n<td width=\"86\">0,31%<\/td>\n<td width=\"86\">Melilla<\/td>\n<td width=\"86\">4.504<\/td>\n<td width=\"86\">5,91%<\/td>\n<\/tr>\n<tr>\n<td width=\"86\">Burgos<\/td>\n<td width=\"86\">15.018<\/td>\n<td width=\"86\">1,87%<\/td>\n<td width=\"86\">Murcia<\/td>\n<td width=\"86\">60.270<\/td>\n<td width=\"86\">1,06%<\/td>\n<\/tr>\n<tr>\n<td width=\"86\">C\u00e1ceres<\/td>\n<td width=\"86\">14.008<\/td>\n<td width=\"86\">0,63%<\/td>\n<td width=\"86\">Navarra<\/td>\n<td width=\"86\">25.516<\/td>\n<td width=\"86\">-0,59%<\/td>\n<\/tr>\n<tr>\n<td width=\"86\">C\u00e1diz<\/td>\n<td width=\"86\">56.232<\/td>\n<td width=\"86\">2,65%<\/td>\n<td width=\"86\">Orense<\/td>\n<td width=\"86\">11.432<\/td>\n<td width=\"86\">3,23%<\/td>\n<\/tr>\n<tr>\n<td width=\"86\">Cantabria<\/td>\n<td width=\"86\">29.196<\/td>\n<td width=\"86\">0,41%<\/td>\n<td width=\"86\">Palencia<\/td>\n<td width=\"86\">5.937<\/td>\n<td width=\"86\">1,08%<\/td>\n<\/tr>\n<tr>\n<td width=\"86\">Castell\u00f3n<\/td>\n<td width=\"86\">23.395<\/td>\n<td width=\"86\">0,71%<\/td>\n<td width=\"86\">Pontevedra<\/td>\n<td width=\"86\">43.348<\/td>\n<td width=\"86\">0,87%<\/td>\n<\/tr>\n<tr>\n<td width=\"86\">Ceuta<\/td>\n<td width=\"86\">2.804<\/td>\n<td width=\"86\">1,79%<\/td>\n<td width=\"86\">Salamanca<\/td>\n<td width=\"86\">11.949<\/td>\n<td width=\"86\">4,38%<\/td>\n<\/tr>\n<tr>\n<td width=\"86\">Ciudad Real<\/td>\n<td width=\"86\">17.168<\/td>\n<td width=\"86\">-1,95%<\/td>\n<td width=\"86\">S. C. Tenerife<\/td>\n<td width=\"86\">49.134<\/td>\n<td width=\"86\">3,53%<\/td>\n<\/tr>\n<tr>\n<td width=\"86\">C\u00f3rdoba<\/td>\n<td width=\"86\">31.128<\/td>\n<td width=\"86\">1,02%<\/td>\n<td width=\"86\">Segovia<\/td>\n<td width=\"86\">6.257<\/td>\n<td width=\"86\">8,12%<\/td>\n<\/tr>\n<tr>\n<td width=\"86\">Cuenca<\/td>\n<td width=\"86\">7.440<\/td>\n<td width=\"86\">-1,31%<\/td>\n<td width=\"86\">Sevilla<\/td>\n<td width=\"86\">90.154<\/td>\n<td width=\"86\">2,00%<\/td>\n<\/tr>\n<tr>\n<td width=\"86\">Gerona<\/td>\n<td width=\"86\">29.367<\/td>\n<td width=\"86\">-0,19%<\/td>\n<td width=\"86\">Soria<\/td>\n<td width=\"86\">3.156<\/td>\n<td width=\"86\">5,33%<\/td>\n<\/tr>\n<tr>\n<td width=\"86\">Granada<\/td>\n<td width=\"86\">39.684<\/td>\n<td width=\"86\">-0,67%<\/td>\n<td width=\"86\">Tarragona<\/td>\n<td width=\"86\">31.744<\/td>\n<td width=\"86\">0,38%<\/td>\n<\/tr>\n<tr>\n<td width=\"86\">Guadalajara<\/td>\n<td width=\"86\">8.860<\/td>\n<td width=\"86\">1,77%<\/td>\n<td width=\"86\">Teruel<\/td>\n<td width=\"86\">3.708<\/td>\n<td width=\"86\">-2,29%<\/td>\n<\/tr>\n<tr>\n<td width=\"86\">Guip\u00fazcoa<\/td>\n<td width=\"86\">23.584<\/td>\n<td width=\"86\">-2,12%<\/td>\n<td width=\"86\">Toledo<\/td>\n<td width=\"86\">24.477<\/td>\n<td width=\"86\">0,77%<\/td>\n<\/tr>\n<tr>\n<td width=\"86\">Huelva<\/td>\n<td width=\"86\">22.759<\/td>\n<td width=\"86\">1,34%<\/td>\n<td width=\"86\">Valencia<\/td>\n<td width=\"86\">109.765<\/td>\n<td width=\"86\">1,20%<\/td>\n<\/tr>\n<tr>\n<td width=\"86\">Huesca<\/td>\n<td width=\"86\">7.734<\/td>\n<td width=\"86\">-0,64%<\/td>\n<td width=\"86\">Valladolid<\/td>\n<td width=\"86\">20.623<\/td>\n<td width=\"86\">2,13%<\/td>\n<\/tr>\n<tr>\n<td width=\"86\">Islas Baleares<\/td>\n<td width=\"86\">61.375<\/td>\n<td width=\"86\">0,34%<\/td>\n<td width=\"86\">Vizcaya<\/td>\n<td width=\"86\">38.823<\/td>\n<td width=\"86\">-0,44%<\/td>\n<\/tr>\n<tr>\n<td width=\"86\">Ja\u00e9n<\/td>\n<td width=\"86\">23.797<\/td>\n<td width=\"86\">-1,45%<\/td>\n<td width=\"86\">Zamora<\/td>\n<td width=\"86\">5.963<\/td>\n<td width=\"86\">0,88%<\/td>\n<\/tr>\n<tr>\n<td width=\"86\">La Coru\u00f1a<\/td>\n<td width=\"86\">49.782<\/td>\n<td width=\"86\">2,38%<\/td>\n<td width=\"86\">Zaragoza<\/td>\n<td width=\"86\">30.898<\/td>\n<td width=\"86\">3,21%<\/td>\n<\/tr>\n<\/tbody>\n<\/table>\n<!-- AddThis Advanced Settings generic via filter on the_content --><!-- AddThis Share Buttons generic via filter on the_content -->","protected":false},"excerpt":{"rendered":"<p>Durante 2018, los golpes de chapa en veh\u00edculos alcanzaron su cota m\u00e1s alta en 8 a\u00f1os con 1,93 millones. Seg\u00fan los datos aportados por\u00a0Unespa, los golpes de chapa en veh\u00edculos\u00a0no han parado de crecer desde 2010. De hecho,\u00a0durante el a\u00f1o pasado alcanzaron su cota m\u00e1s alta en 8 a\u00f1os con 1,93 millones, lo que supuso [&hellip;]<!-- AddThis Advanced Settings generic via filter on get_the_excerpt --><!-- AddThis Share Buttons generic via filter on get_the_excerpt --><\/p>\n","protected":false},"author":20,"featured_media":0,"comment_status":"open","ping_status":"closed","sticky":false,"template":"","format":"standard","meta":[],"categories":[1],"tags":[],"_links":{"self":[{"href":"https:\/\/blogs.diariovasco.com\/motor\/wp-json\/wp\/v2\/posts\/429"}],"collection":[{"href":"https:\/\/blogs.diariovasco.com\/motor\/wp-json\/wp\/v2\/posts"}],"about":[{"href":"https:\/\/blogs.diariovasco.com\/motor\/wp-json\/wp\/v2\/types\/post"}],"author":[{"embeddable":true,"href":"https:\/\/blogs.diariovasco.com\/motor\/wp-json\/wp\/v2\/users\/20"}],"replies":[{"embeddable":true,"href":"https:\/\/blogs.diariovasco.com\/motor\/wp-json\/wp\/v2\/comments?post=429"}],"version-history":[{"count":2,"href":"https:\/\/blogs.diariovasco.com\/motor\/wp-json\/wp\/v2\/posts\/429\/revisions"}],"predecessor-version":[{"id":435,"href":"https:\/\/blogs.diariovasco.com\/motor\/wp-json\/wp\/v2\/posts\/429\/revisions\/435"}],"wp:attachment":[{"href":"https:\/\/blogs.diariovasco.com\/motor\/wp-json\/wp\/v2\/media?parent=429"}],"wp:term":[{"taxonomy":"category","embeddable":true,"href":"https:\/\/blogs.diariovasco.com\/motor\/wp-json\/wp\/v2\/categories?post=429"},{"taxonomy":"post_tag","embeddable":true,"href":"https:\/\/blogs.diariovasco.com\/motor\/wp-json\/wp\/v2\/tags?post=429"}],"curies":[{"name":"wp","href":"https:\/\/api.w.org\/{rel}","templated":true}]}}