{"id":43,"date":"2016-12-20T11:45:52","date_gmt":"2016-12-20T10:45:52","guid":{"rendered":"http:\/\/blogs.diariovasco.com\/motor\/?p=43"},"modified":"2016-12-20T11:45:52","modified_gmt":"2016-12-20T10:45:52","slug":"sor-lucia-o-sor-transit-las-monjas-motorizadas","status":"publish","type":"post","link":"https:\/\/blogs.diariovasco.com\/motor\/2016\/12\/20\/sor-lucia-o-sor-transit-las-monjas-motorizadas\/","title":{"rendered":"Sor Lucia o sor Transit (las monjas motorizadas)"},"content":{"rendered":"<p>Hace unos d\u00edas contact\u00e9 con un grupo de monjas que habitan un convento de Bergara y que utilizan a diario las carreteras de nuestro entorno y traigo a este foro su curiosa historia, que no es que tenga mucho que ver con el autom\u00f3vil, aunque en cierta forma, si&#8230;.<br \/>\nSor Lucia es la Superiora de la Congregaci\u00f3n de las Hermanas de Mar\u00eda Stella Matutina desde 2012, que lo forman 50 monjas y habitan el Convento de la Sant\u00edsima Trinidad de las Clarisas en Bergara, un complejo que data de 1556.<\/p>\n<p><a href=\"\/motor\/wp-content\/uploads\/sites\/9\/2016\/12\/rac1.jpg\"><img loading=\"lazy\" class=\"aligncenter size-large wp-image-63\" title=\"rac1\" src=\"\/motor\/wp-content\/uploads\/sites\/9\/2016\/12\/rac1.jpg\" alt=\"\" width=\"1024\" height=\"763\" srcset=\"https:\/\/static-blogs.diariovasco.com\/wp-content\/uploads\/sites\/9\/2016\/12\/rac1.jpg 1417w, https:\/\/static-blogs.diariovasco.com\/wp-content\/uploads\/sites\/9\/2016\/12\/rac1-300x224.jpg 300w, https:\/\/static-blogs.diariovasco.com\/wp-content\/uploads\/sites\/9\/2016\/12\/rac1-768x572.jpg 768w, https:\/\/static-blogs.diariovasco.com\/wp-content\/uploads\/sites\/9\/2016\/12\/rac1-1024x763.jpg 1024w\" sizes=\"(max-width: 1024px) 100vw, 1024px\" \/><\/a><br \/>\nSor Lucia es italiana, tiene 39 a\u00f1os y conduce una Ford Transit en la que trasladan los productos que elaboran artesanalmente en el convento (mermeladas, zumo de manzana, pastas y galletas, artesan\u00eda en cer\u00e1mica) que luego venden como pueden a la salida de las iglesias que se lo permiten, como la Catedral del Buen Pastor de San Sebasti\u00e1n, por ejemplo.<br \/>\nElla es la soeur o hermana (al tratarse de una congregaci\u00f3n francesa, utilizan como idioma oficial el franc\u00e9s) que fue en su vida seglar profesora de educaci\u00f3n f\u00edsica y ahora, adem\u00e1s de rezar y contribuir al mantenimiento de la congregaci\u00f3n tambi\u00e9n instruye a sus hermanas. En este peculiar convento -en el que todo el trabajo lo realizan ellas, se mantienen de forma aut\u00f3noma y con las ayudas y limosnas de la comunidad- habitan de forma semi-clausural m\u00e1s de 20 nacionalidades, monjas de todos los continentes, incluido Ocean\u00eda.<\/p>\n<p>Tienen una edad media de 27 a\u00f1os, la m\u00e1s joven tiene 21 a\u00f1os, y viven de la caridad fraterna. Se levantan a las 5 de la ma\u00f1ana, para \u201corar, dedicarse a la adoraci\u00f3n eucar\u00edstica, a las misas y la liturgia de las horas, la lectura de la Palabra de Dios, el estudio de la filosof\u00eda y la teolog\u00eda, encuentros fraternos y al deporte\u201d. Por eso es f\u00e1cil verlas, una vez a la semana correr con sus h\u00e1bitos por la zonas de monta\u00f1a que rodean Bergara.<\/p>\n<p><a href=\"\/motor\/wp-content\/uploads\/sites\/9\/2016\/12\/rac22.jpg\"><img loading=\"lazy\" class=\"alignright size-medium wp-image-67\" title=\"rac2\" src=\"\/motor\/wp-content\/uploads\/sites\/9\/2016\/12\/rac22.jpg\" alt=\"\" width=\"300\" height=\"229\" srcset=\"https:\/\/static-blogs.diariovasco.com\/wp-content\/uploads\/sites\/9\/2016\/12\/rac22.jpg 1417w, https:\/\/static-blogs.diariovasco.com\/wp-content\/uploads\/sites\/9\/2016\/12\/rac22-300x230.jpg 300w, https:\/\/static-blogs.diariovasco.com\/wp-content\/uploads\/sites\/9\/2016\/12\/rac22-768x588.jpg 768w, https:\/\/static-blogs.diariovasco.com\/wp-content\/uploads\/sites\/9\/2016\/12\/rac22-1024x784.jpg 1024w\" sizes=\"(max-width: 300px) 100vw, 300px\" \/><\/a><\/p>\n<p>Son de vocaci\u00f3n contemplativa aunque ellas mismas se dedican a recoger alimentos sobrantes de comercios o supermercados de la zona e incluso acuden una vez a la semana a una fruter\u00eda de San Juan de Luz que les regala los restos de frutas y verduras que no se han vendido. Disponen de unas instalaciones en el centro de Bergara que no dejan de renovar y cuidar, tienen su propio huerto y disfrutan del uso de otro coche, un Renault Megane que tiene 500 mil kil\u00f3metros y lo trajo una monja a su llegada desde Francia. Con el coche y con la Ford Transit que utilizan para recolectar alimentos que les regalan por caridad, transportan tambi\u00e9n los productos que manufacturan. Una de las hermana fue panadera en su vida seglar y ahora es la encargada de hacer las pastas. Doy fe de que son muy nutritivas y sabrosas\u2026 s\u00f3lo te puedes comer una porque te dejan saciado\u2026<br \/>\nTuvieron un accidente bastante llamativo que afortunadamente no revisti\u00f3 gravedad extrema aunque si dej\u00f3 a una de las hermanas en el hospital durante unas semanas.<br \/>\nLa corta visita que realizamos al convento nos llen\u00f3 de pac\u00edfica alegr\u00eda y sin duda volveremos a comprar pastas y zumo de manzana. Todo el que quiera contactar con estas monjitas at\u00edpicas y muy simp\u00e1ticas lo puede hacer a trav\u00e9s de Sor Lucia: soeurlucia@gmail.com<\/p>\n<p><a href=\"\/motor\/wp-content\/uploads\/sites\/9\/2016\/12\/rac-3.jpg\"><img loading=\"lazy\" class=\"aligncenter size-large wp-image-64\" title=\"rac-3\" src=\"\/motor\/wp-content\/uploads\/sites\/9\/2016\/12\/rac-3.jpg\" alt=\"\" width=\"1024\" height=\"731\" srcset=\"https:\/\/static-blogs.diariovasco.com\/wp-content\/uploads\/sites\/9\/2016\/12\/rac-3.jpg 1654w, https:\/\/static-blogs.diariovasco.com\/wp-content\/uploads\/sites\/9\/2016\/12\/rac-3-300x214.jpg 300w, https:\/\/static-blogs.diariovasco.com\/wp-content\/uploads\/sites\/9\/2016\/12\/rac-3-768x548.jpg 768w, https:\/\/static-blogs.diariovasco.com\/wp-content\/uploads\/sites\/9\/2016\/12\/rac-3-1024x731.jpg 1024w\" sizes=\"(max-width: 1024px) 100vw, 1024px\" \/><\/a><\/p>\n<p>&nbsp;<\/p>\n<!-- AddThis Advanced Settings generic via filter on the_content --><!-- AddThis Share Buttons generic via filter on the_content -->","protected":false},"excerpt":{"rendered":"<p>Hace unos d\u00edas contact\u00e9 con un grupo de monjas que habitan un convento de Bergara y que utilizan a diario las carreteras de nuestro entorno y traigo a este foro su curiosa historia, que no es que tenga mucho que ver con el autom\u00f3vil, aunque en cierta forma, si&#8230;. Sor Lucia es la Superiora de [&hellip;]<!-- AddThis Advanced Settings generic via filter on get_the_excerpt --><!-- AddThis Share Buttons generic via filter on get_the_excerpt --><\/p>\n","protected":false},"author":20,"featured_media":0,"comment_status":"open","ping_status":"closed","sticky":false,"template":"","format":"standard","meta":[],"categories":[3],"tags":[],"_links":{"self":[{"href":"https:\/\/blogs.diariovasco.com\/motor\/wp-json\/wp\/v2\/posts\/43"}],"collection":[{"href":"https:\/\/blogs.diariovasco.com\/motor\/wp-json\/wp\/v2\/posts"}],"about":[{"href":"https:\/\/blogs.diariovasco.com\/motor\/wp-json\/wp\/v2\/types\/post"}],"author":[{"embeddable":true,"href":"https:\/\/blogs.diariovasco.com\/motor\/wp-json\/wp\/v2\/users\/20"}],"replies":[{"embeddable":true,"href":"https:\/\/blogs.diariovasco.com\/motor\/wp-json\/wp\/v2\/comments?post=43"}],"version-history":[{"count":0,"href":"https:\/\/blogs.diariovasco.com\/motor\/wp-json\/wp\/v2\/posts\/43\/revisions"}],"wp:attachment":[{"href":"https:\/\/blogs.diariovasco.com\/motor\/wp-json\/wp\/v2\/media?parent=43"}],"wp:term":[{"taxonomy":"category","embeddable":true,"href":"https:\/\/blogs.diariovasco.com\/motor\/wp-json\/wp\/v2\/categories?post=43"},{"taxonomy":"post_tag","embeddable":true,"href":"https:\/\/blogs.diariovasco.com\/motor\/wp-json\/wp\/v2\/tags?post=43"}],"curies":[{"name":"wp","href":"https:\/\/api.w.org\/{rel}","templated":true}]}}