{"id":436,"date":"2019-02-21T17:26:45","date_gmt":"2019-02-21T16:26:45","guid":{"rendered":"https:\/\/blogs.diariovasco.com\/motor\/?p=436"},"modified":"2019-02-21T17:26:45","modified_gmt":"2019-02-21T16:26:45","slug":"tecnologia-para-que-cargar-un-coche-electrico-sea-tan-rapido-como-echar-gasolina","status":"publish","type":"post","link":"https:\/\/blogs.diariovasco.com\/motor\/2019\/02\/21\/tecnologia-para-que-cargar-un-coche-electrico-sea-tan-rapido-como-echar-gasolina\/","title":{"rendered":"Tecnolog\u00eda para que cargar un coche el\u00e9ctrico sea tan r\u00e1pido como echar gasolina"},"content":{"rendered":"<p><img loading=\"lazy\" class=\"alignnone size-medium wp-image-439\" src=\"https:\/\/static-blogs.diariovasco.com\/wp-content\/uploads\/sites\/9\/2019\/02\/FOTO-NOT-CARGAR-COCHES-ELECTRICOS...-300x200.jpg\" alt=\"foto-not-cargar-coches-electricos\" width=\"300\" height=\"200\" srcset=\"https:\/\/static-blogs.diariovasco.com\/wp-content\/uploads\/sites\/9\/2019\/02\/FOTO-NOT-CARGAR-COCHES-ELECTRICOS...-300x200.jpg 300w, https:\/\/static-blogs.diariovasco.com\/wp-content\/uploads\/sites\/9\/2019\/02\/FOTO-NOT-CARGAR-COCHES-ELECTRICOS...-768x512.jpg 768w, https:\/\/static-blogs.diariovasco.com\/wp-content\/uploads\/sites\/9\/2019\/02\/FOTO-NOT-CARGAR-COCHES-ELECTRICOS...-628x419.jpg 628w, https:\/\/static-blogs.diariovasco.com\/wp-content\/uploads\/sites\/9\/2019\/02\/FOTO-NOT-CARGAR-COCHES-ELECTRICOS....jpg 960w\" sizes=\"(max-width: 300px) 100vw, 300px\" \/><\/p>\n<p>Uno de los principales puntos en contra de los coches el\u00e9ctricos es sin duda el repostaje o recarga de sus bater\u00edas. Estas cada vez tienen una mayor capacidad para ofrecer m\u00e1s autonom\u00eda, pero sigue adoleciendo del mismo problema, necesitan de tiempos de carga que superan con creces a los cinco minutos de media que nos lleva llenar el dep\u00f3sito de un coche de combusti\u00f3n tradicional. Pues bien, una nueva tecnolog\u00eda en desarrollo,\u00a0creada por la startup GBatteries, promete en un futuro cercano poder\u00a0cargar las bater\u00edas de los coches el\u00e9ctricos\u00a0de una manera tan r\u00e1pida como el repostaje de un coche de gasolina.<\/p>\n<p><img loading=\"lazy\" class=\"alignnone size-medium wp-image-438\" src=\"https:\/\/static-blogs.diariovasco.com\/wp-content\/uploads\/sites\/9\/2019\/02\/foto-Blog-carga-r\u00e1pida-300x169.jpg\" alt=\"foto-blog-carga-rapida\" width=\"300\" height=\"169\" srcset=\"https:\/\/static-blogs.diariovasco.com\/wp-content\/uploads\/sites\/9\/2019\/02\/foto-Blog-carga-r\u00e1pida-300x169.jpg 300w, https:\/\/static-blogs.diariovasco.com\/wp-content\/uploads\/sites\/9\/2019\/02\/foto-Blog-carga-r\u00e1pida-628x353.jpg 628w, https:\/\/static-blogs.diariovasco.com\/wp-content\/uploads\/sites\/9\/2019\/02\/foto-Blog-carga-r\u00e1pida.jpg 700w\" sizes=\"(max-width: 300px) 100vw, 300px\" \/><\/p>\n<p>Esta tecnolog\u00eda podr\u00eda cambiar por completo el concepto que tenemos de los coches el\u00e9ctricos, facilitando su uso de una manera m\u00e1s parecida a la de los coches actuales. Y todo gracias a una forma distinta de ver las cosas por parte de esta startup. Esta se apoya en grandes socios como\u00a0Airbus Ventures, Initialized Capital, Plug and Play y SV Angel, y se basa en una mezcla de\u00a0algoritmos de software y electr\u00f3nica\u00a0que pueden trabajar incluso con las bater\u00edas tradicionales que montan actualmente estos veh\u00edculos. Gracias a estos algoritmos se puede optimizar el proceso de carga, incluso con la ayuda de la Inteligencia Artificial.<\/p>\n<p><img loading=\"lazy\" class=\"alignnone size-medium wp-image-437\" src=\"https:\/\/static-blogs.diariovasco.com\/wp-content\/uploads\/sites\/9\/2019\/02\/FOTO-BLOG-CARGA-R\u00c1PIDA-1-300x120.jpg\" alt=\"foto-blog-carga-rapida-1\" width=\"300\" height=\"120\" srcset=\"https:\/\/static-blogs.diariovasco.com\/wp-content\/uploads\/sites\/9\/2019\/02\/FOTO-BLOG-CARGA-R\u00c1PIDA-1-300x120.jpg 300w, https:\/\/static-blogs.diariovasco.com\/wp-content\/uploads\/sites\/9\/2019\/02\/FOTO-BLOG-CARGA-R\u00c1PIDA-1-768x307.jpg 768w, https:\/\/static-blogs.diariovasco.com\/wp-content\/uploads\/sites\/9\/2019\/02\/FOTO-BLOG-CARGA-R\u00c1PIDA-1-628x251.jpg 628w, https:\/\/static-blogs.diariovasco.com\/wp-content\/uploads\/sites\/9\/2019\/02\/FOTO-BLOG-CARGA-R\u00c1PIDA-1.jpg 960w\" sizes=\"(max-width: 300px) 100vw, 300px\" \/><\/p>\n<p>De hecho la nueva tecnolog\u00eda funcionar\u00eda con los cargadores r\u00e1pidos actuales gracias a un adaptador en el puerto de carga. Una tecnolog\u00eda que de momento no tiene una fecha de llegada al mercado.<\/p>\n<!-- AddThis Advanced Settings generic via filter on the_content --><!-- AddThis Share Buttons generic via filter on the_content -->","protected":false},"excerpt":{"rendered":"<p>Uno de los principales puntos en contra de los coches el\u00e9ctricos es sin duda el repostaje o recarga de sus bater\u00edas. Estas cada vez tienen una mayor capacidad para ofrecer m\u00e1s autonom\u00eda, pero sigue adoleciendo del mismo problema, necesitan de tiempos de carga que superan con creces a los cinco minutos de media que nos [&hellip;]<!-- AddThis Advanced Settings generic via filter on get_the_excerpt --><!-- AddThis Share Buttons generic via filter on get_the_excerpt --><\/p>\n","protected":false},"author":20,"featured_media":0,"comment_status":"open","ping_status":"closed","sticky":false,"template":"","format":"standard","meta":[],"categories":[1],"tags":[],"_links":{"self":[{"href":"https:\/\/blogs.diariovasco.com\/motor\/wp-json\/wp\/v2\/posts\/436"}],"collection":[{"href":"https:\/\/blogs.diariovasco.com\/motor\/wp-json\/wp\/v2\/posts"}],"about":[{"href":"https:\/\/blogs.diariovasco.com\/motor\/wp-json\/wp\/v2\/types\/post"}],"author":[{"embeddable":true,"href":"https:\/\/blogs.diariovasco.com\/motor\/wp-json\/wp\/v2\/users\/20"}],"replies":[{"embeddable":true,"href":"https:\/\/blogs.diariovasco.com\/motor\/wp-json\/wp\/v2\/comments?post=436"}],"version-history":[{"count":2,"href":"https:\/\/blogs.diariovasco.com\/motor\/wp-json\/wp\/v2\/posts\/436\/revisions"}],"predecessor-version":[{"id":448,"href":"https:\/\/blogs.diariovasco.com\/motor\/wp-json\/wp\/v2\/posts\/436\/revisions\/448"}],"wp:attachment":[{"href":"https:\/\/blogs.diariovasco.com\/motor\/wp-json\/wp\/v2\/media?parent=436"}],"wp:term":[{"taxonomy":"category","embeddable":true,"href":"https:\/\/blogs.diariovasco.com\/motor\/wp-json\/wp\/v2\/categories?post=436"},{"taxonomy":"post_tag","embeddable":true,"href":"https:\/\/blogs.diariovasco.com\/motor\/wp-json\/wp\/v2\/tags?post=436"}],"curies":[{"name":"wp","href":"https:\/\/api.w.org\/{rel}","templated":true}]}}