{"id":467,"date":"2019-03-01T16:27:41","date_gmt":"2019-03-01T15:27:41","guid":{"rendered":"https:\/\/blogs.diariovasco.com\/motor\/?p=467"},"modified":"2019-03-01T16:27:41","modified_gmt":"2019-03-01T15:27:41","slug":"cual-es-la-primera-causa-de-muerte-en-carretera","status":"publish","type":"post","link":"https:\/\/blogs.diariovasco.com\/motor\/2019\/03\/01\/cual-es-la-primera-causa-de-muerte-en-carretera\/","title":{"rendered":"\u00bfCu\u00e1l es la primera causa de muerte en carretera?"},"content":{"rendered":"<p><img loading=\"lazy\" class=\"alignnone size-medium wp-image-469\" src=\"https:\/\/static-blogs.diariovasco.com\/wp-content\/uploads\/sites\/9\/2019\/03\/blog-somnolencia-2-300x178.jpg\" alt=\"blog-somnolencia-2\" width=\"300\" height=\"178\" srcset=\"https:\/\/static-blogs.diariovasco.com\/wp-content\/uploads\/sites\/9\/2019\/03\/blog-somnolencia-2-300x178.jpg 300w, https:\/\/static-blogs.diariovasco.com\/wp-content\/uploads\/sites\/9\/2019\/03\/blog-somnolencia-2-768x455.jpg 768w, https:\/\/static-blogs.diariovasco.com\/wp-content\/uploads\/sites\/9\/2019\/03\/blog-somnolencia-2-628x372.jpg 628w, https:\/\/static-blogs.diariovasco.com\/wp-content\/uploads\/sites\/9\/2019\/03\/blog-somnolencia-2.jpg 931w\" sizes=\"(max-width: 300px) 100vw, 300px\" \/><\/p>\n<p>Las muertes en carretera se siguen produciendo pero las medidas para reducirlas no siempre dan resultado. Esta es la conclusi\u00f3n a la que llega un estudio realizado por la\u00a0Fundaci\u00f3n de\u00a0Lineadirecta y la\u00a0Fundaci\u00f3n Espa\u00f1ola para la Seguridad Vial (FESVIAL) llamado\u00a0\u201cInfluencia de la somnolencia en los accidentes de tr\u00e1fico en Espa\u00f1a\u201d.<\/p>\n<p>En \u00e9l se alerta que mientras que las campa\u00f1as contra el consumo de drogas y alcohol o el uso del cintur\u00f3n han calado en la poblaci\u00f3n, otras promociones como\u00a0la lucha contra la somnolencia al volante no han tenido los resultados esperados. Y es que las cifras son alarmantes:\u00a017 millones de conductores espa\u00f1oles aseguran haber tenido somnolencia al volante y 8 millones haber sufrido microsue\u00f1os\u00a0mientras conduc\u00edan.<\/p>\n<p>Las\u00a0salidas de la v\u00eda\u00a0son el principal causante de muertes en la carretera, pues engloban al\u00a036 por ciento de los accidentes totales que se producen en nuestro pa\u00eds. Hablamos de 601 personas fallecidas en la carretera y 1.710 heridas graves en Espa\u00f1a durante 2017, siempre consecuencia de este problema.<\/p>\n<p><img loading=\"lazy\" class=\"alignnone size-medium wp-image-468\" src=\"https:\/\/static-blogs.diariovasco.com\/wp-content\/uploads\/sites\/9\/2019\/03\/blog-somnolencia-1-300x132.jpg\" alt=\"blog-somnolencia-1\" width=\"300\" height=\"132\" srcset=\"https:\/\/static-blogs.diariovasco.com\/wp-content\/uploads\/sites\/9\/2019\/03\/blog-somnolencia-1-300x132.jpg 300w, https:\/\/static-blogs.diariovasco.com\/wp-content\/uploads\/sites\/9\/2019\/03\/blog-somnolencia-1-768x337.jpg 768w, https:\/\/static-blogs.diariovasco.com\/wp-content\/uploads\/sites\/9\/2019\/03\/blog-somnolencia-1-628x275.jpg 628w, https:\/\/static-blogs.diariovasco.com\/wp-content\/uploads\/sites\/9\/2019\/03\/blog-somnolencia-1.jpg 798w\" sizes=\"(max-width: 300px) 100vw, 300px\" \/><\/p>\n<p>En ellos, la somnolencia ha jugado un papel fundamental, pues\u00a0de los 20.600 accidentes ocurridos en los \u00faltimos cinco a\u00f1os, 800 personas murieron, 3.300 fueron heridas de gravedad y otras 24.000 resultaron heridas leves. Y es que, las posibilidades de fallecer en un accidente pasan del 1,9 por ciento al 3,9 por ciento cuando la somnolencia tiene un papel protagonista. De hecho,\u00a0a pesar de que los accidentes producidos por la somnolencia representan el 4,6 por ciento de los siniestros totales, su \u00edndice de mortalidad se eleva hasta el 9 por ciento.<\/p>\n<p><img loading=\"lazy\" class=\"alignnone size-medium wp-image-470\" src=\"https:\/\/static-blogs.diariovasco.com\/wp-content\/uploads\/sites\/9\/2019\/03\/blog-somnolencia-300x185.jpg\" alt=\"blog-somnolencia\" width=\"300\" height=\"185\" srcset=\"https:\/\/static-blogs.diariovasco.com\/wp-content\/uploads\/sites\/9\/2019\/03\/blog-somnolencia-300x185.jpg 300w, https:\/\/static-blogs.diariovasco.com\/wp-content\/uploads\/sites\/9\/2019\/03\/blog-somnolencia-768x472.jpg 768w, https:\/\/static-blogs.diariovasco.com\/wp-content\/uploads\/sites\/9\/2019\/03\/blog-somnolencia-628x386.jpg 628w, https:\/\/static-blogs.diariovasco.com\/wp-content\/uploads\/sites\/9\/2019\/03\/blog-somnolencia.jpg 800w\" sizes=\"(max-width: 300px) 100vw, 300px\" \/><\/p>\n<p>En el estudio se hace referencia a uno de los principales avances en materia de seguridad en los \u00faltimos a\u00f1os. Seg\u00fan los datos de dicho estudio,\u00a0los sistemas de alerta de cambio de carril y de mantenimiento en el mismo han reducido las v\u00edctimas mortales en un 80 por ciento, los accidentes con heridos en un 24 por ciento y el total de accidentes en un 18 por ciento.<\/p>\n<p>Hay que tener en cuenta que cuando se produce un siniestro por somnolencia, el conductor apenas tiene tiempo para reaccionar y mitigar el golpe, o ni si quiera llega a ello. Por tanto,\u00a0en el estudio tambi\u00e9n recuerdan la importancia de descansar bien antes de coger el coche, realizar paradas de descanso cada dos horas y conducir en nuestras horas habitual, evitando madrugar o trasnochar en exceso durante viajes largos.<\/p>\n<!-- AddThis Advanced Settings generic via filter on the_content --><!-- AddThis Share Buttons generic via filter on the_content -->","protected":false},"excerpt":{"rendered":"<p>Las muertes en carretera se siguen produciendo pero las medidas para reducirlas no siempre dan resultado. Esta es la conclusi\u00f3n a la que llega un estudio realizado por la\u00a0Fundaci\u00f3n de\u00a0Lineadirecta y la\u00a0Fundaci\u00f3n Espa\u00f1ola para la Seguridad Vial (FESVIAL) llamado\u00a0\u201cInfluencia de la somnolencia en los accidentes de tr\u00e1fico en Espa\u00f1a\u201d. En \u00e9l se alerta que mientras [&hellip;]<!-- AddThis Advanced Settings generic via filter on get_the_excerpt --><!-- AddThis Share Buttons generic via filter on get_the_excerpt --><\/p>\n","protected":false},"author":20,"featured_media":0,"comment_status":"open","ping_status":"closed","sticky":false,"template":"","format":"standard","meta":[],"categories":[1],"tags":[],"_links":{"self":[{"href":"https:\/\/blogs.diariovasco.com\/motor\/wp-json\/wp\/v2\/posts\/467"}],"collection":[{"href":"https:\/\/blogs.diariovasco.com\/motor\/wp-json\/wp\/v2\/posts"}],"about":[{"href":"https:\/\/blogs.diariovasco.com\/motor\/wp-json\/wp\/v2\/types\/post"}],"author":[{"embeddable":true,"href":"https:\/\/blogs.diariovasco.com\/motor\/wp-json\/wp\/v2\/users\/20"}],"replies":[{"embeddable":true,"href":"https:\/\/blogs.diariovasco.com\/motor\/wp-json\/wp\/v2\/comments?post=467"}],"version-history":[{"count":2,"href":"https:\/\/blogs.diariovasco.com\/motor\/wp-json\/wp\/v2\/posts\/467\/revisions"}],"predecessor-version":[{"id":472,"href":"https:\/\/blogs.diariovasco.com\/motor\/wp-json\/wp\/v2\/posts\/467\/revisions\/472"}],"wp:attachment":[{"href":"https:\/\/blogs.diariovasco.com\/motor\/wp-json\/wp\/v2\/media?parent=467"}],"wp:term":[{"taxonomy":"category","embeddable":true,"href":"https:\/\/blogs.diariovasco.com\/motor\/wp-json\/wp\/v2\/categories?post=467"},{"taxonomy":"post_tag","embeddable":true,"href":"https:\/\/blogs.diariovasco.com\/motor\/wp-json\/wp\/v2\/tags?post=467"}],"curies":[{"name":"wp","href":"https:\/\/api.w.org\/{rel}","templated":true}]}}