{"id":497,"date":"2019-03-13T14:24:43","date_gmt":"2019-03-13T13:24:43","guid":{"rendered":"https:\/\/blogs.diariovasco.com\/motor\/?p=497"},"modified":"2019-03-13T14:24:43","modified_gmt":"2019-03-13T13:24:43","slug":"cuidado-con-madrid-central-a-partir-del-15-de-marzo","status":"publish","type":"post","link":"https:\/\/blogs.diariovasco.com\/motor\/2019\/03\/13\/cuidado-con-madrid-central-a-partir-del-15-de-marzo\/","title":{"rendered":"Cuidado con \u2018Madrid Central\u2019 a partir del 15 de marzo."},"content":{"rendered":"<p><img loading=\"lazy\" class=\"alignnone size-medium wp-image-498\" src=\"https:\/\/static-blogs.diariovasco.com\/wp-content\/uploads\/sites\/9\/2019\/03\/blog-madrid-central-300x200.jpg\" alt=\"blog-madrid-central\" width=\"300\" height=\"200\" srcset=\"https:\/\/static-blogs.diariovasco.com\/wp-content\/uploads\/sites\/9\/2019\/03\/blog-madrid-central-300x200.jpg 300w, https:\/\/static-blogs.diariovasco.com\/wp-content\/uploads\/sites\/9\/2019\/03\/blog-madrid-central-628x418.jpg 628w, https:\/\/static-blogs.diariovasco.com\/wp-content\/uploads\/sites\/9\/2019\/03\/blog-madrid-central.jpg 660w\" sizes=\"(max-width: 300px) 100vw, 300px\" \/><\/p>\n<p>Ya que las temperaturas y el tiempo parece que mejoran \u2013aunque no nos podemos quejar- y los d\u00edas se alargan, seguramente estaremos pensando en iniciar alguna escapada de fin de semana o m\u00e1s larga estancia. Madrid siempre es atractiva. Ojo con la denominada \u2018Almendra\u2019, el centro de la ciudad.<\/p>\n<p>Tras tres meses y medio de prueba y de notificaciones sin castigo a los conductores, el Ayuntamiento de la capital ha anunciado que comenzar\u00e1 a multar por incumplir las restricciones de Madrid Central.<\/p>\n<p><img loading=\"lazy\" class=\"alignnone size-medium wp-image-499\" src=\"https:\/\/static-blogs.diariovasco.com\/wp-content\/uploads\/sites\/9\/2019\/03\/FOTO-NOT-CUIDADO-CON-MADRID-CENTRAL-300x200.jpg\" alt=\"foto-not-cuidado-con-madrid-central\" width=\"300\" height=\"200\" srcset=\"https:\/\/static-blogs.diariovasco.com\/wp-content\/uploads\/sites\/9\/2019\/03\/FOTO-NOT-CUIDADO-CON-MADRID-CENTRAL-300x200.jpg 300w, https:\/\/static-blogs.diariovasco.com\/wp-content\/uploads\/sites\/9\/2019\/03\/FOTO-NOT-CUIDADO-CON-MADRID-CENTRAL-768x511.jpg 768w, https:\/\/static-blogs.diariovasco.com\/wp-content\/uploads\/sites\/9\/2019\/03\/FOTO-NOT-CUIDADO-CON-MADRID-CENTRAL-628x418.jpg 628w, https:\/\/static-blogs.diariovasco.com\/wp-content\/uploads\/sites\/9\/2019\/03\/FOTO-NOT-CUIDADO-CON-MADRID-CENTRAL.jpg 937w\" sizes=\"(max-width: 300px) 100vw, 300px\" \/><\/p>\n<p>Madrid Central entrar\u00e1 en pleno funcionamiento a partir del pr\u00f3ximo 15 de marzo. Desde ese d\u00eda, todos aquellos que sobrepasen los l\u00edmites marcados por la doble franja roja pintada en el asfalto, y que incumplan los requisitos para ello, ser\u00e1n sancionados.<\/p>\n<p>Sobre el descenso del tr\u00e1fico en el centro de la capital,\u00a0seg\u00fan el Ayuntamiento el volumen de veh\u00edculos en la Gran V\u00eda ha descendido un 25,8 por ciento\u00a0(sin tener en cuenta la huelga de taxis) y en el per\u00edmetro de la zona delimitada en un 3,7 por ciento. Adem\u00e1s, se ha se\u00f1alado que la demanda en transporte p\u00fablico ha aumentado en un 3 por ciento los d\u00edas laborables y un 6 por ciento los festivos.<\/p>\n<p>Si quieres saber si puedes circular por Madrid Central, lo primero que debes hacer es poner la etiqueta de la DGT a tu coche. A partir de ah\u00ed,\u00a0las restricciones que encontrar\u00e1s en el camin\u00f3 ser\u00e1n variables en funci\u00f3n de las emisiones contaminantes de tu coche.<\/p>\n<p>En el caso de que seas residente, lo primero que debes tener en cuenta es que, tengas pegatina o no, no tendr\u00e1s ning\u00fan problema para acceder al centro de Madrid. Al menos hasta 2025, momento en el que los veh\u00edculos de gasolina anterior al a\u00f1o 2000 y los di\u00e9sel anteriores a 2006 (es decir, aquellos que no llevan etiqueta de la DGT) tambi\u00e9n tendr\u00e1n restringido el paso.<\/p>\n<p>Si, por el contrario, no eres residente pero s\u00ed un invitado\u00a0por \u00e9l, tendr\u00e1s permitido el acceso con cualquier veh\u00edculo con etiqueta, aunque los B y los C s\u00f3lo podr\u00e1n aparcar en el barrio de la persona que invita. En el caso de que no cuentes con etiqueta, s\u00f3lo podr\u00e1s acceder al centro de Madrid con tu coche hasta 2020.<\/p>\n<p>Por \u00faltimo,\u00a0los que ni son residentes ni invitados, no podr\u00e1n acceder si no cuentan con etiqueta. En el caso de que tu coche cuente con el distintivo B o C, s\u00f3lo podr\u00e1s entrar en el \u00e1rea restringida si el destino es un garaje, tanto p\u00fablico como privado. Por \u00faltimo, con las pegatinas Eco y Cero emisiones, no tendr\u00e1s restricciones al paso, aunque con la Eco s\u00f3lo puedes aparcar dos horas en zona SER.<\/p>\n<p>Otro caso a tener en cuenta es el de las motos, de libre circulaci\u00f3n con las etiquetas B o C entre las 7:00 horas y las 22:00 horas (fuera de este horario tendr\u00e1n que tener como destino un garaje) y sin restricciones para las Eco y Cero emisiones. Por el contrario, aquellas sin pegatina no podr\u00e1n acceder, aunque los requisitos para no conceder pegatina a estos veh\u00edculos son m\u00e1s flexibles que en el caso de los coches.<\/p>\n<!-- AddThis Advanced Settings generic via filter on the_content --><!-- AddThis Share Buttons generic via filter on the_content -->","protected":false},"excerpt":{"rendered":"<p>Ya que las temperaturas y el tiempo parece que mejoran \u2013aunque no nos podemos quejar- y los d\u00edas se alargan, seguramente estaremos pensando en iniciar alguna escapada de fin de semana o m\u00e1s larga estancia. Madrid siempre es atractiva. Ojo con la denominada \u2018Almendra\u2019, el centro de la ciudad. Tras tres meses y medio de [&hellip;]<!-- AddThis Advanced Settings generic via filter on get_the_excerpt --><!-- AddThis Share Buttons generic via filter on get_the_excerpt --><\/p>\n","protected":false},"author":20,"featured_media":0,"comment_status":"open","ping_status":"closed","sticky":false,"template":"","format":"standard","meta":[],"categories":[1],"tags":[],"_links":{"self":[{"href":"https:\/\/blogs.diariovasco.com\/motor\/wp-json\/wp\/v2\/posts\/497"}],"collection":[{"href":"https:\/\/blogs.diariovasco.com\/motor\/wp-json\/wp\/v2\/posts"}],"about":[{"href":"https:\/\/blogs.diariovasco.com\/motor\/wp-json\/wp\/v2\/types\/post"}],"author":[{"embeddable":true,"href":"https:\/\/blogs.diariovasco.com\/motor\/wp-json\/wp\/v2\/users\/20"}],"replies":[{"embeddable":true,"href":"https:\/\/blogs.diariovasco.com\/motor\/wp-json\/wp\/v2\/comments?post=497"}],"version-history":[{"count":2,"href":"https:\/\/blogs.diariovasco.com\/motor\/wp-json\/wp\/v2\/posts\/497\/revisions"}],"predecessor-version":[{"id":501,"href":"https:\/\/blogs.diariovasco.com\/motor\/wp-json\/wp\/v2\/posts\/497\/revisions\/501"}],"wp:attachment":[{"href":"https:\/\/blogs.diariovasco.com\/motor\/wp-json\/wp\/v2\/media?parent=497"}],"wp:term":[{"taxonomy":"category","embeddable":true,"href":"https:\/\/blogs.diariovasco.com\/motor\/wp-json\/wp\/v2\/categories?post=497"},{"taxonomy":"post_tag","embeddable":true,"href":"https:\/\/blogs.diariovasco.com\/motor\/wp-json\/wp\/v2\/tags?post=497"}],"curies":[{"name":"wp","href":"https:\/\/api.w.org\/{rel}","templated":true}]}}