{"id":506,"date":"2019-03-25T13:42:13","date_gmt":"2019-03-25T12:42:13","guid":{"rendered":"https:\/\/blogs.diariovasco.com\/motor\/?p=506"},"modified":"2019-03-25T13:42:13","modified_gmt":"2019-03-25T12:42:13","slug":"4-446-personas-sin-cinturon-o-sillita-infantil-en-una-semana","status":"publish","type":"post","link":"https:\/\/blogs.diariovasco.com\/motor\/2019\/03\/25\/4-446-personas-sin-cinturon-o-sillita-infantil-en-una-semana\/","title":{"rendered":"4.446 personas sin cintur\u00f3n o sillita infantil en una semana"},"content":{"rendered":"<p><img loading=\"lazy\" class=\"alignnone size-medium wp-image-507\" src=\"https:\/\/static-blogs.diariovasco.com\/wp-content\/uploads\/sites\/9\/2019\/03\/FOTO-NOT-WEB-CAMPA\u00d1A-TRAFICO-300x176.jpg\" alt=\"foto-not-web-campana-trafico\" width=\"300\" height=\"176\" srcset=\"https:\/\/static-blogs.diariovasco.com\/wp-content\/uploads\/sites\/9\/2019\/03\/FOTO-NOT-WEB-CAMPA\u00d1A-TRAFICO-300x176.jpg 300w, https:\/\/static-blogs.diariovasco.com\/wp-content\/uploads\/sites\/9\/2019\/03\/FOTO-NOT-WEB-CAMPA\u00d1A-TRAFICO-628x367.jpg 628w, https:\/\/static-blogs.diariovasco.com\/wp-content\/uploads\/sites\/9\/2019\/03\/FOTO-NOT-WEB-CAMPA\u00d1A-TRAFICO.jpg 646w\" sizes=\"(max-width: 300px) 100vw, 300px\" \/><\/p>\n<p>La \u00faltima campa\u00f1a de seguridad de la DGT, realizada entre los d\u00edas 11 y 17 de marzo, se ha saldado con una cifra incre\u00edble dado lo que se ha insistido en este tipo de temas: han encontrado a 4.446 personas que iban en el coche\u00a0sin cintur\u00f3n\u00a0o que no utilizaban una\u00a0sillita infantil\u00a0con el sistema de retenci\u00f3n adecuado. La campa\u00f1a se sald\u00f3 con controles a un total de 377.602 veh\u00edculos, pero que sigue sorprendiendo el resultado porque hasta los propios coches a d\u00eda de hoy ya recuerdan a sus ocupantes que no llevan el cintur\u00f3n abrochado.<\/p>\n<p>Atendiendo al tipo de v\u00eda por el que circulaban los infractores, el 75% de ellos (3.361) fueron detectados en carreteras secundarias, precisamente las carreteras que acumulan mayor siniestralidad (8 de cada 10 fallecidos), siendo los 1.085 restantes encontrados en autov\u00edas y autopistas. En cuanto al tipo de denunciado, 3.563 iban en un turismo, 117 circulaban en un taxi, 741 eran transportistas y 25 iban en autob\u00fas, ya fueran el conductor o un pasajero.<\/p>\n<p>Llama la atenci\u00f3n tambi\u00e9n el n\u00famero de ni\u00f1os que no iban en el veh\u00edculo correctamente equipados. 262 con una estatura de 1,35 metros o menor, el l\u00edmite legal para llevar una sillita, no utilizaban ning\u00fan tipo de sistema de retenci\u00f3n infantil y, adem\u00e1s, 60 de ellos iban sentados en el asiento del copiloto. Los ni\u00f1os de ese tama\u00f1o deben ir en los asientos traseros de manera obligatoria excepto en contadas excepciones y, aun cuando se den estas, es obligatorio que utilicen una silla aunque vayan en la plaza delantera.<\/p>\n<!-- AddThis Advanced Settings generic via filter on the_content --><!-- AddThis Share Buttons generic via filter on the_content -->","protected":false},"excerpt":{"rendered":"<p>La \u00faltima campa\u00f1a de seguridad de la DGT, realizada entre los d\u00edas 11 y 17 de marzo, se ha saldado con una cifra incre\u00edble dado lo que se ha insistido en este tipo de temas: han encontrado a 4.446 personas que iban en el coche\u00a0sin cintur\u00f3n\u00a0o que no utilizaban una\u00a0sillita infantil\u00a0con el sistema de retenci\u00f3n [&hellip;]<!-- AddThis Advanced Settings generic via filter on get_the_excerpt --><!-- AddThis Share Buttons generic via filter on get_the_excerpt --><\/p>\n","protected":false},"author":20,"featured_media":0,"comment_status":"open","ping_status":"closed","sticky":false,"template":"","format":"standard","meta":[],"categories":[1],"tags":[],"_links":{"self":[{"href":"https:\/\/blogs.diariovasco.com\/motor\/wp-json\/wp\/v2\/posts\/506"}],"collection":[{"href":"https:\/\/blogs.diariovasco.com\/motor\/wp-json\/wp\/v2\/posts"}],"about":[{"href":"https:\/\/blogs.diariovasco.com\/motor\/wp-json\/wp\/v2\/types\/post"}],"author":[{"embeddable":true,"href":"https:\/\/blogs.diariovasco.com\/motor\/wp-json\/wp\/v2\/users\/20"}],"replies":[{"embeddable":true,"href":"https:\/\/blogs.diariovasco.com\/motor\/wp-json\/wp\/v2\/comments?post=506"}],"version-history":[{"count":1,"href":"https:\/\/blogs.diariovasco.com\/motor\/wp-json\/wp\/v2\/posts\/506\/revisions"}],"predecessor-version":[{"id":508,"href":"https:\/\/blogs.diariovasco.com\/motor\/wp-json\/wp\/v2\/posts\/506\/revisions\/508"}],"wp:attachment":[{"href":"https:\/\/blogs.diariovasco.com\/motor\/wp-json\/wp\/v2\/media?parent=506"}],"wp:term":[{"taxonomy":"category","embeddable":true,"href":"https:\/\/blogs.diariovasco.com\/motor\/wp-json\/wp\/v2\/categories?post=506"},{"taxonomy":"post_tag","embeddable":true,"href":"https:\/\/blogs.diariovasco.com\/motor\/wp-json\/wp\/v2\/tags?post=506"}],"curies":[{"name":"wp","href":"https:\/\/api.w.org\/{rel}","templated":true}]}}