{"id":559,"date":"2019-06-21T09:32:30","date_gmt":"2019-06-21T08:32:30","guid":{"rendered":"https:\/\/blogs.diariovasco.com\/motor\/?p=559"},"modified":"2019-06-21T09:32:30","modified_gmt":"2019-06-21T08:32:30","slug":"cinco-conceptos-que-han-marcado-el-futuro-de-seat","status":"publish","type":"post","link":"https:\/\/blogs.diariovasco.com\/motor\/2019\/06\/21\/cinco-conceptos-que-han-marcado-el-futuro-de-seat\/","title":{"rendered":"Cinco conceptos que han marcado el futuro de SEAT"},"content":{"rendered":"<p>Ya se sabe que los concept cars son ejercicios de dise\u00f1o que marcan el futuro. El momento perfecto para que los dise\u00f1adores dejen volar su imaginaci\u00f3n y dibujen las l\u00edneas que est\u00e1n por venir. Es cierto que los concept cars avanzan los modelos que pisar\u00e1n la calle unos a\u00f1os despu\u00e9s. Estas cinco creaciones de SEAT lo demuestran.<\/p>\n<p><img loading=\"lazy\" class=\"alignnone size-medium wp-image-560\" src=\"https:\/\/static-blogs.diariovasco.com\/wp-content\/uploads\/sites\/9\/2019\/06\/SEAT-TOLEDO-300x157.jpg\" alt=\"seat-toledo\" width=\"300\" height=\"157\" srcset=\"https:\/\/static-blogs.diariovasco.com\/wp-content\/uploads\/sites\/9\/2019\/06\/SEAT-TOLEDO-300x157.jpg 300w, https:\/\/static-blogs.diariovasco.com\/wp-content\/uploads\/sites\/9\/2019\/06\/SEAT-TOLEDO-768x401.jpg 768w, https:\/\/static-blogs.diariovasco.com\/wp-content\/uploads\/sites\/9\/2019\/06\/SEAT-TOLEDO-628x328.jpg 628w, https:\/\/static-blogs.diariovasco.com\/wp-content\/uploads\/sites\/9\/2019\/06\/SEAT-TOLEDO.jpg 800w\" sizes=\"(max-width: 300px) 100vw, 300px\" \/><\/p>\n<p>Un el\u00e9ctrico en el Olimpo: 1992<\/p>\n<p>Mientras Barcelona se sumerge en plena fiebre ol\u00edmpica, SEAT se prepara para un reto apasionante: preparar un veh\u00edculo el\u00e9ctrico para que acompa\u00f1e el recorrido de la llama ol\u00edmpica y de la prueba de Marat\u00f3n. El resultado, un Toledo el\u00e9ctrico, con bater\u00edas que pesaban 500 kilogramos y una autonom\u00eda de 65 kil\u00f3metros.\u00a0<em>\u201cNo es estrictamente un concepto, sino un prototipo que a inicios de los a\u00f1os 90 muestra que otros sistemas de propulsi\u00f3n son posibles\u201d, recuerda Isidre L\u00f3pez, responsable de la Colecci\u00f3n Hist\u00f3rica de SEAT. <\/em>Con bater\u00edas de 500 kg y una autonom\u00eda de 65 KM, el prototipo acompa\u00f1\u00f3 la llama ol\u00edmpica de los Juegos de Barcelona demostrando que otros sistemas de propulsi\u00f3n eran posibles.<\/p>\n<p><img loading=\"lazy\" class=\"alignnone size-full wp-image-561\" src=\"https:\/\/static-blogs.diariovasco.com\/wp-content\/uploads\/sites\/9\/2019\/06\/SEAT-BOLERO.jpg\" alt=\"seat-bolero\" width=\"298\" height=\"169\" \/><\/p>\n<p style=\"margin: 0cm; margin-bottom: .0001pt; background: white;\"><span style=\"font-family: 'Verdana','sans-serif';\">1998 Bolero: Se hizo la luz<\/span><\/p>\n<p style=\"margin: 0cm; margin-bottom: .0001pt; background: white;\"><span style=\"font-family: 'Verdana','sans-serif'; background: white;\">Fue presentado en el Sal\u00f3n de Ginebra de 1998. Se trata de un sed\u00e1n coup\u00e9 con un motor de 330 CV; pero lo que destac\u00f3 de \u00e9l fueron sus faros. De hecho, el modelo marca la iluminaci\u00f3n de los coches del futuro con \u00f3pticas independientes tras una pantalla de policarbonato en lugar del t\u00edpico cristal.<\/span><\/p>\n<p style=\"margin: 0cm; margin-bottom: .0001pt; background: white;\"><img loading=\"lazy\" class=\"alignnone size-medium wp-image-562\" src=\"https:\/\/static-blogs.diariovasco.com\/wp-content\/uploads\/sites\/9\/2019\/06\/SEAT-TRIBU-300x171.jpg\" alt=\"seat-tribu\" width=\"300\" height=\"171\" srcset=\"https:\/\/static-blogs.diariovasco.com\/wp-content\/uploads\/sites\/9\/2019\/06\/SEAT-TRIBU-300x171.jpg 300w, https:\/\/static-blogs.diariovasco.com\/wp-content\/uploads\/sites\/9\/2019\/06\/SEAT-TRIBU.jpg 387w\" sizes=\"(max-width: 300px) 100vw, 300px\" \/><\/p>\n<p>2007 Tribu: Camino a los SUV<\/p>\n<p>Este\u00a0prototipo de SEAT\u00a0 fue el\u00a0primer modelo en el que se ve claramente la intenci\u00f3n de construir un SUV en el futuro. SEAT cuenta actualmente con una gama de tres SUV, el Arona, el Ateca y el Tarraco, pero mucho antes y a inici\u00f3 su andadura hacia este segmento.<\/p>\n<p><img loading=\"lazy\" class=\"alignnone size-medium wp-image-563\" src=\"https:\/\/static-blogs.diariovasco.com\/wp-content\/uploads\/sites\/9\/2019\/06\/SEAT-IBE-300x200.jpg\" alt=\"seat-ibe\" width=\"300\" height=\"200\" srcset=\"https:\/\/static-blogs.diariovasco.com\/wp-content\/uploads\/sites\/9\/2019\/06\/SEAT-IBE-300x200.jpg 300w, https:\/\/static-blogs.diariovasco.com\/wp-content\/uploads\/sites\/9\/2019\/06\/SEAT-IBE.jpg 600w\" sizes=\"(max-width: 300px) 100vw, 300px\" \/><\/p>\n<p style=\"margin: 0cm; margin-bottom: .0001pt; background: white;\"><span style=\"font-family: 'Verdana','sans-serif'; background: white;\">2010 IBE<\/span><\/p>\n<p style=\"margin: 0cm; margin-bottom: .0001pt; background: white;\"><span style=\"font-family: 'Verdana','sans-serif'; background: white;\">Supuso un antes y un despu\u00e9s en el dise\u00f1o de la marca con una clara apuesta por la electrificaci\u00f3n de la movilidad.<\/span><span style=\"font-family: 'Verdana','sans-serif';\"> 2010, en el Sal\u00f3n del Autom\u00f3vil de Par\u00eds, SEAT presenta un concepto que donde todos sus elementos marcan el ADN de dise\u00f1o de la futura gama y define claramente el lenguaje de dise\u00f1o de la tercera generaci\u00f3n del Le\u00f3n.<\/span><\/p>\n<p style=\"margin: 0cm; margin-bottom: .0001pt; background: white;\"><img loading=\"lazy\" class=\"alignnone size-medium wp-image-564\" src=\"https:\/\/static-blogs.diariovasco.com\/wp-content\/uploads\/sites\/9\/2019\/06\/SEAT-20V20-300x165.jpg\" alt=\"seat-20v20\" width=\"300\" height=\"165\" srcset=\"https:\/\/static-blogs.diariovasco.com\/wp-content\/uploads\/sites\/9\/2019\/06\/SEAT-20V20-300x165.jpg 300w, https:\/\/static-blogs.diariovasco.com\/wp-content\/uploads\/sites\/9\/2019\/06\/SEAT-20V20.jpg 303w\" sizes=\"(max-width: 300px) 100vw, 300px\" \/><\/p>\n<p>20v20 (2015)<\/p>\n<p>Su\u00a0Personal Drive, un dispositivo t\u00e1ctil para la navegaci\u00f3n m\u00f3vil y el control remoto de la climatizaci\u00f3n, fue una futurista aproximaci\u00f3n a la conectividad.<\/p>\n<!-- AddThis Advanced Settings generic via filter on the_content --><!-- AddThis Share Buttons generic via filter on the_content -->","protected":false},"excerpt":{"rendered":"<p>Ya se sabe que los concept cars son ejercicios de dise\u00f1o que marcan el futuro. El momento perfecto para que los dise\u00f1adores dejen volar su imaginaci\u00f3n y dibujen las l\u00edneas que est\u00e1n por venir. Es cierto que los concept cars avanzan los modelos que pisar\u00e1n la calle unos a\u00f1os despu\u00e9s. Estas cinco creaciones de SEAT [&hellip;]<!-- AddThis Advanced Settings generic via filter on get_the_excerpt --><!-- AddThis Share Buttons generic via filter on get_the_excerpt --><\/p>\n","protected":false},"author":20,"featured_media":0,"comment_status":"open","ping_status":"closed","sticky":false,"template":"","format":"standard","meta":[],"categories":[1],"tags":[],"_links":{"self":[{"href":"https:\/\/blogs.diariovasco.com\/motor\/wp-json\/wp\/v2\/posts\/559"}],"collection":[{"href":"https:\/\/blogs.diariovasco.com\/motor\/wp-json\/wp\/v2\/posts"}],"about":[{"href":"https:\/\/blogs.diariovasco.com\/motor\/wp-json\/wp\/v2\/types\/post"}],"author":[{"embeddable":true,"href":"https:\/\/blogs.diariovasco.com\/motor\/wp-json\/wp\/v2\/users\/20"}],"replies":[{"embeddable":true,"href":"https:\/\/blogs.diariovasco.com\/motor\/wp-json\/wp\/v2\/comments?post=559"}],"version-history":[{"count":1,"href":"https:\/\/blogs.diariovasco.com\/motor\/wp-json\/wp\/v2\/posts\/559\/revisions"}],"predecessor-version":[{"id":565,"href":"https:\/\/blogs.diariovasco.com\/motor\/wp-json\/wp\/v2\/posts\/559\/revisions\/565"}],"wp:attachment":[{"href":"https:\/\/blogs.diariovasco.com\/motor\/wp-json\/wp\/v2\/media?parent=559"}],"wp:term":[{"taxonomy":"category","embeddable":true,"href":"https:\/\/blogs.diariovasco.com\/motor\/wp-json\/wp\/v2\/categories?post=559"},{"taxonomy":"post_tag","embeddable":true,"href":"https:\/\/blogs.diariovasco.com\/motor\/wp-json\/wp\/v2\/tags?post=559"}],"curies":[{"name":"wp","href":"https:\/\/api.w.org\/{rel}","templated":true}]}}