{"id":606,"date":"2019-08-01T09:24:32","date_gmt":"2019-08-01T08:24:32","guid":{"rendered":"https:\/\/blogs.diariovasco.com\/motor\/?p=606"},"modified":"2019-08-01T09:24:32","modified_gmt":"2019-08-01T08:24:32","slug":"airbags-frontales-traseros-asi-es-la-ultima-innovacion-en-seguridad","status":"publish","type":"post","link":"https:\/\/blogs.diariovasco.com\/motor\/2019\/08\/01\/airbags-frontales-traseros-asi-es-la-ultima-innovacion-en-seguridad\/","title":{"rendered":"Airbags frontales traseros: as\u00ed es la \u00faltima innovaci\u00f3n en seguridad"},"content":{"rendered":"<p><img loading=\"lazy\" class=\"alignnone size-medium wp-image-607\" src=\"https:\/\/static-blogs.diariovasco.com\/wp-content\/uploads\/sites\/9\/2019\/08\/FOTO-NOT-WEB-AIRBAGS-FRONTALES-TRASEROS-300x169.jpg\" alt=\"foto-not-web-airbags-frontales-traseros\" width=\"300\" height=\"169\" srcset=\"https:\/\/static-blogs.diariovasco.com\/wp-content\/uploads\/sites\/9\/2019\/08\/FOTO-NOT-WEB-AIRBAGS-FRONTALES-TRASEROS-300x169.jpg 300w, https:\/\/static-blogs.diariovasco.com\/wp-content\/uploads\/sites\/9\/2019\/08\/FOTO-NOT-WEB-AIRBAGS-FRONTALES-TRASEROS-768x432.jpg 768w, https:\/\/static-blogs.diariovasco.com\/wp-content\/uploads\/sites\/9\/2019\/08\/FOTO-NOT-WEB-AIRBAGS-FRONTALES-TRASEROS-628x353.jpg 628w, https:\/\/static-blogs.diariovasco.com\/wp-content\/uploads\/sites\/9\/2019\/08\/FOTO-NOT-WEB-AIRBAGS-FRONTALES-TRASEROS.jpg 980w\" sizes=\"(max-width: 300px) 100vw, 300px\" \/><\/p>\n<p>La ESV Safety Conference, que se ha celebrado en Endhoven (Holanda), es el encuentro en seguridad m\u00e1s importante del mundo.<\/p>\n<p>Bajo el lema \u201cTecnolog\u00eda: Por un ma\u00f1ana m\u00e1s seguro\u201d, hasta un total de 100 expertos mundiales en seguridad han participado en una\u00a0nueva edici\u00f3n de la ESV Safety Conference. Ese marco lo \u00a0aprovech\u00f3\u00a0Mercedes para mostrar al p\u00fablico nuevos proyectos en seguridad y conducci\u00f3n aut\u00f3noma. Todos los avances mostrados en las conferencias se presentan con el objetivo de\u00a0implementar en el futuro nuevas medidas para proteger a las personas en accidentes de tr\u00e1fico. Entre otras innovaciones, se han podido ver all\u00ed importantes novedades en seguridad al conductor (cambiando por ejemplo la posici\u00f3n del asiento y del volante), en iluminaci\u00f3n, en la comunicaci\u00f3n del veh\u00edculo con su entorno, en seguridad infantil y en seguridad activa.<\/p>\n<p>Con el objetivo as\u00ed de mejorar tambi\u00e9n la protecci\u00f3n en futuros coches aut\u00f3nomos, donde los pasajeros es posible que circulen m\u00e1s distra\u00eddos\u00a0e incluso sentados m\u00e1s c\u00f3modamente en los asientos, la marca germana est\u00e1 desarrollando\u00a0unos novedosos\u00a0airbags frontales, tanto para las plazas delanteras\u00a0(cuando el volante se encuentre retra\u00eddo),\u00a0como sobre todo para las plazas traseras, con elementos tubulares inflables que, como en una tienda de campa\u00f1a, crean la estructura que dar\u00e1 forma al airbag.<\/p>\n<p>Con\u00a0120 litros y \u201ctridimensionales\u201d, aseguran que las\u00a0cargas sobre el ocupante podr\u00edan reducirse hasta en un 30 por ciento durante un impacto. La marca alemana confirma tambi\u00e9n que, en esta nueva movilidad, nuevos airbags laterales integrales podr\u00e1n emerger de cada lado de los asientos, fundamentalmente de los delanteros.<\/p>\n<!-- AddThis Advanced Settings generic via filter on the_content --><!-- AddThis Share Buttons generic via filter on the_content -->","protected":false},"excerpt":{"rendered":"<p>La ESV Safety Conference, que se ha celebrado en Endhoven (Holanda), es el encuentro en seguridad m\u00e1s importante del mundo. Bajo el lema \u201cTecnolog\u00eda: Por un ma\u00f1ana m\u00e1s seguro\u201d, hasta un total de 100 expertos mundiales en seguridad han participado en una\u00a0nueva edici\u00f3n de la ESV Safety Conference. Ese marco lo \u00a0aprovech\u00f3\u00a0Mercedes para mostrar al [&hellip;]<!-- AddThis Advanced Settings generic via filter on get_the_excerpt --><!-- AddThis Share Buttons generic via filter on get_the_excerpt --><\/p>\n","protected":false},"author":20,"featured_media":0,"comment_status":"open","ping_status":"closed","sticky":false,"template":"","format":"standard","meta":[],"categories":[1],"tags":[],"_links":{"self":[{"href":"https:\/\/blogs.diariovasco.com\/motor\/wp-json\/wp\/v2\/posts\/606"}],"collection":[{"href":"https:\/\/blogs.diariovasco.com\/motor\/wp-json\/wp\/v2\/posts"}],"about":[{"href":"https:\/\/blogs.diariovasco.com\/motor\/wp-json\/wp\/v2\/types\/post"}],"author":[{"embeddable":true,"href":"https:\/\/blogs.diariovasco.com\/motor\/wp-json\/wp\/v2\/users\/20"}],"replies":[{"embeddable":true,"href":"https:\/\/blogs.diariovasco.com\/motor\/wp-json\/wp\/v2\/comments?post=606"}],"version-history":[{"count":1,"href":"https:\/\/blogs.diariovasco.com\/motor\/wp-json\/wp\/v2\/posts\/606\/revisions"}],"predecessor-version":[{"id":608,"href":"https:\/\/blogs.diariovasco.com\/motor\/wp-json\/wp\/v2\/posts\/606\/revisions\/608"}],"wp:attachment":[{"href":"https:\/\/blogs.diariovasco.com\/motor\/wp-json\/wp\/v2\/media?parent=606"}],"wp:term":[{"taxonomy":"category","embeddable":true,"href":"https:\/\/blogs.diariovasco.com\/motor\/wp-json\/wp\/v2\/categories?post=606"},{"taxonomy":"post_tag","embeddable":true,"href":"https:\/\/blogs.diariovasco.com\/motor\/wp-json\/wp\/v2\/tags?post=606"}],"curies":[{"name":"wp","href":"https:\/\/api.w.org\/{rel}","templated":true}]}}