{"id":628,"date":"2019-08-09T10:07:28","date_gmt":"2019-08-09T09:07:28","guid":{"rendered":"https:\/\/blogs.diariovasco.com\/motor\/?p=628"},"modified":"2019-08-09T10:07:28","modified_gmt":"2019-08-09T09:07:28","slug":"la-dgt-permitira-llevar-el-carne-de-conducir-en-el-movil","status":"publish","type":"post","link":"https:\/\/blogs.diariovasco.com\/motor\/2019\/08\/09\/la-dgt-permitira-llevar-el-carne-de-conducir-en-el-movil\/","title":{"rendered":"La DGT permitir\u00e1 llevar el carn\u00e9 de conducir en el m\u00f3vil"},"content":{"rendered":"<p><img loading=\"lazy\" class=\"alignnone size-full wp-image-629\" src=\"https:\/\/static-blogs.diariovasco.com\/wp-content\/uploads\/sites\/9\/2019\/08\/FOTO-NOT-WEB-CARNTE-CONDUCIR-EN-MOVIL.jpg\" alt=\"foto-not-web-carnte-conducir-en-movil\" width=\"259\" height=\"194\" \/><\/p>\n<p>La Direcci\u00f3n General de Tr\u00e1fico moderniza toda su \u00e1rea online y permitir\u00e1 llevar el carn\u00e9 de conducir en el tel\u00e9fono m\u00f3vil, gracias a la aplicaci\u00f3n que sacar\u00e1n para el mismo pr\u00f3ximamente.<\/p>\n<p>La\u00a0DGT\u00a0ha iniciado un profundo proceso de modernizaci\u00f3n y ya ha empezado a dar sus primeros pasos. Ya ha lanzado una\u00a0nueva sede electr\u00f3nica\u00a0que puedes encontrar en\u00a0<a href=\"https:\/\/sede-org.dgt.gob.es\/sede-electronica\/es\/\">sede.dgt.gob.es<\/a>. Con ella se facilitan los tr\u00e1mites entre los ciudadanos y el organismo, con el objetivo de agilizar algunos procesos o facilitar informaci\u00f3n a los conductores.<\/p>\n<p>Entre estos cambios encontramos el\u00a0espacio MiDGT, un portal en el que podremos poner al d\u00eda todos los datos relativos a la conducci\u00f3n. Ahora, podremos pedir el carn\u00e9 internacional sin la necesidad de acordar una cita previa o podremos cambiar algunos de nuestros datos personales para mantener nuestro carn\u00e9 de conducir siempre al d\u00eda.<\/p>\n<p>Pero una de las novedades m\u00e1s interesantes llegar\u00e1 con la pr\u00f3xima\u00a0aplicaci\u00f3n para el m\u00f3vil, que mantendr\u00e1 el nombre del portal web. En \u00e9l tendremos al alcance de la mano nuestro\u00a0carn\u00e9 de conducir. Y es que, desde el momento que se lance este sistema, ya no ser\u00e1 necesario llevar el carn\u00e9 encima porque con el tel\u00e9fono m\u00f3vil ser\u00e1 suficiente, evitando posibles p\u00e9rdidas o robos del mismo.<\/p>\n<p>Adem\u00e1s, para mejorar la informaci\u00f3n para el conductor, la aplicaci\u00f3n para el m\u00f3vil tambi\u00e9n podr\u00e1\u00a0gestionar notificaciones y avisos, por lo que seremos informados de noticias de inter\u00e9s, pero tambi\u00e9n realizar los principales tr\u00e1mites con el organismo, saber si hemos sido multados o tener en formato digital la documentaci\u00f3n de los veh\u00edculos.<\/p>\n<!-- AddThis Advanced Settings generic via filter on the_content --><!-- AddThis Share Buttons generic via filter on the_content -->","protected":false},"excerpt":{"rendered":"<p>La Direcci\u00f3n General de Tr\u00e1fico moderniza toda su \u00e1rea online y permitir\u00e1 llevar el carn\u00e9 de conducir en el tel\u00e9fono m\u00f3vil, gracias a la aplicaci\u00f3n que sacar\u00e1n para el mismo pr\u00f3ximamente. La\u00a0DGT\u00a0ha iniciado un profundo proceso de modernizaci\u00f3n y ya ha empezado a dar sus primeros pasos. Ya ha lanzado una\u00a0nueva sede electr\u00f3nica\u00a0que puedes encontrar [&hellip;]<!-- AddThis Advanced Settings generic via filter on get_the_excerpt --><!-- AddThis Share Buttons generic via filter on get_the_excerpt --><\/p>\n","protected":false},"author":20,"featured_media":0,"comment_status":"open","ping_status":"closed","sticky":false,"template":"","format":"standard","meta":[],"categories":[1],"tags":[],"_links":{"self":[{"href":"https:\/\/blogs.diariovasco.com\/motor\/wp-json\/wp\/v2\/posts\/628"}],"collection":[{"href":"https:\/\/blogs.diariovasco.com\/motor\/wp-json\/wp\/v2\/posts"}],"about":[{"href":"https:\/\/blogs.diariovasco.com\/motor\/wp-json\/wp\/v2\/types\/post"}],"author":[{"embeddable":true,"href":"https:\/\/blogs.diariovasco.com\/motor\/wp-json\/wp\/v2\/users\/20"}],"replies":[{"embeddable":true,"href":"https:\/\/blogs.diariovasco.com\/motor\/wp-json\/wp\/v2\/comments?post=628"}],"version-history":[{"count":1,"href":"https:\/\/blogs.diariovasco.com\/motor\/wp-json\/wp\/v2\/posts\/628\/revisions"}],"predecessor-version":[{"id":630,"href":"https:\/\/blogs.diariovasco.com\/motor\/wp-json\/wp\/v2\/posts\/628\/revisions\/630"}],"wp:attachment":[{"href":"https:\/\/blogs.diariovasco.com\/motor\/wp-json\/wp\/v2\/media?parent=628"}],"wp:term":[{"taxonomy":"category","embeddable":true,"href":"https:\/\/blogs.diariovasco.com\/motor\/wp-json\/wp\/v2\/categories?post=628"},{"taxonomy":"post_tag","embeddable":true,"href":"https:\/\/blogs.diariovasco.com\/motor\/wp-json\/wp\/v2\/tags?post=628"}],"curies":[{"name":"wp","href":"https:\/\/api.w.org\/{rel}","templated":true}]}}