{"id":650,"date":"2019-08-22T09:41:27","date_gmt":"2019-08-22T08:41:27","guid":{"rendered":"https:\/\/blogs.diariovasco.com\/motor\/?p=650"},"modified":"2019-08-22T09:41:27","modified_gmt":"2019-08-22T08:41:27","slug":"que-es-el-efecto-elefante-y-como-evitarlo","status":"publish","type":"post","link":"https:\/\/blogs.diariovasco.com\/motor\/2019\/08\/22\/que-es-el-efecto-elefante-y-como-evitarlo\/","title":{"rendered":"Qu\u00e9 es el \u201cefecto elefante\u201d, y c\u00f3mo evitarlo"},"content":{"rendered":"<p><img loading=\"lazy\" class=\"alignnone size-medium wp-image-651\" src=\"https:\/\/static-blogs.diariovasco.com\/wp-content\/uploads\/sites\/9\/2019\/08\/BLOG-EFECTO-ELEFANTE-300x169.jpg\" alt=\"blog-efecto-elefante\" width=\"300\" height=\"169\" srcset=\"https:\/\/static-blogs.diariovasco.com\/wp-content\/uploads\/sites\/9\/2019\/08\/BLOG-EFECTO-ELEFANTE-300x169.jpg 300w, https:\/\/static-blogs.diariovasco.com\/wp-content\/uploads\/sites\/9\/2019\/08\/BLOG-EFECTO-ELEFANTE-768x432.jpg 768w, https:\/\/static-blogs.diariovasco.com\/wp-content\/uploads\/sites\/9\/2019\/08\/BLOG-EFECTO-ELEFANTE-628x353.jpg 628w, https:\/\/static-blogs.diariovasco.com\/wp-content\/uploads\/sites\/9\/2019\/08\/BLOG-EFECTO-ELEFANTE.jpg 980w\" sizes=\"(max-width: 300px) 100vw, 300px\" \/><\/p>\n<p>Quiz\u00e1 nunca hayas o\u00eddo hablar del \u201cefecto elefante\u201d que se puede producir en un autom\u00f3vil en caso de accidente o frenazo brusco. La DGT alerta sobre su peligro para evitar m\u00e1s v\u00edctimas en carretera.<\/p>\n<p>Pero, \u00bfqu\u00e9 es exactamente? A trav\u00e9s de distintas publicaciones en sus redes sociales, la Direcci\u00f3n General de Tr\u00e1fico avisa as\u00ed del\u00a0peligro que acarrea viajar en los asientos de un coche sin cintur\u00f3n de seguridad. S\u00ed, porque esta mala e ilegal pr\u00e1ctica no puede suponer solo que el\u00a0propio pasajero pueda ser v\u00edctima de lesiones\u00a0o incluso fallecimiento en caso de un accidente de tr\u00e1fico: no, adem\u00e1s,\u00a0puede ocasionar graves da\u00f1os a quienes viajan delante.<\/p>\n<p>La explicaci\u00f3n es muy sencilla: cuando un pasajero trasero no se abrocha el cintur\u00f3n de seguridad y ocurre, por desgracia,\u00a0un frenazo brusco o un accidente de tr\u00e1fico, al salir\u00a0despedido puede golpear al que marcha en el asiento delantero\u00a0con una\u00a0fuerza\u00a0que equivale, en funci\u00f3n al peso que tenga y a la velocidad que marche el veh\u00edculo,\u00a0al peso de un gran elefante.<\/p>\n<p><img loading=\"lazy\" class=\"alignnone size-medium wp-image-652\" src=\"https:\/\/static-blogs.diariovasco.com\/wp-content\/uploads\/sites\/9\/2019\/08\/FOTO-NOT-WEB-EFECTO-ELEFANTE-300x175.jpg\" alt=\"foto-not-web-efecto-elefante\" width=\"300\" height=\"175\" srcset=\"https:\/\/static-blogs.diariovasco.com\/wp-content\/uploads\/sites\/9\/2019\/08\/FOTO-NOT-WEB-EFECTO-ELEFANTE-300x175.jpg 300w, https:\/\/static-blogs.diariovasco.com\/wp-content\/uploads\/sites\/9\/2019\/08\/FOTO-NOT-WEB-EFECTO-ELEFANTE-768x448.jpg 768w, https:\/\/static-blogs.diariovasco.com\/wp-content\/uploads\/sites\/9\/2019\/08\/FOTO-NOT-WEB-EFECTO-ELEFANTE-628x367.jpg 628w, https:\/\/static-blogs.diariovasco.com\/wp-content\/uploads\/sites\/9\/2019\/08\/FOTO-NOT-WEB-EFECTO-ELEFANTE.jpg 769w\" sizes=\"(max-width: 300px) 100vw, 300px\" \/><\/p>\n<p>Al no ser retenidos por el cintur\u00f3n de seguridad, estos pasajeros golpear\u00e1n a los delanteros con\u00a0la fuerza de su peso multiplicada por la velocidad del coche. Es decir, a una velocidad incluso de \u201csolo\u201d 60 km\/h, un pasajero sin cintur\u00f3n que pese 75 kilos\u00a0embestir\u00eda con una\u00a0fuerza equivalente a 4,2 toneladas, el peso aproximado de un elefante.<\/p>\n<p>Evidentemente hay que insistir:\u00a0evitar este gran peligro llamado \u201cefecto elefante\u201d\u00a0es\u00a0tan sencillo como viajar siempre con\u00a0cintur\u00f3n de seguridad abrochado\u00a0en cualquier plaza del coche. A estas alturas parece rid\u00edculo recordarlo, pero solo damos un dato para ver todav\u00eda la magnitud del problema: en una campa\u00f1a llevada a cabo entre los d\u00edas solo 11 y 17 del pasado mes de marzo, la Guardia Civil detect\u00f3 a casi 4.500 personas sin hacer uso del cintur\u00f3n de seguridad o de un sistema de retenci\u00f3n infantil en menores.<\/p>\n<!-- AddThis Advanced Settings generic via filter on the_content --><!-- AddThis Share Buttons generic via filter on the_content -->","protected":false},"excerpt":{"rendered":"<p>Quiz\u00e1 nunca hayas o\u00eddo hablar del \u201cefecto elefante\u201d que se puede producir en un autom\u00f3vil en caso de accidente o frenazo brusco. La DGT alerta sobre su peligro para evitar m\u00e1s v\u00edctimas en carretera. Pero, \u00bfqu\u00e9 es exactamente? A trav\u00e9s de distintas publicaciones en sus redes sociales, la Direcci\u00f3n General de Tr\u00e1fico avisa as\u00ed del\u00a0peligro [&hellip;]<!-- AddThis Advanced Settings generic via filter on get_the_excerpt --><!-- AddThis Share Buttons generic via filter on get_the_excerpt --><\/p>\n","protected":false},"author":20,"featured_media":0,"comment_status":"open","ping_status":"closed","sticky":false,"template":"","format":"standard","meta":[],"categories":[1],"tags":[],"_links":{"self":[{"href":"https:\/\/blogs.diariovasco.com\/motor\/wp-json\/wp\/v2\/posts\/650"}],"collection":[{"href":"https:\/\/blogs.diariovasco.com\/motor\/wp-json\/wp\/v2\/posts"}],"about":[{"href":"https:\/\/blogs.diariovasco.com\/motor\/wp-json\/wp\/v2\/types\/post"}],"author":[{"embeddable":true,"href":"https:\/\/blogs.diariovasco.com\/motor\/wp-json\/wp\/v2\/users\/20"}],"replies":[{"embeddable":true,"href":"https:\/\/blogs.diariovasco.com\/motor\/wp-json\/wp\/v2\/comments?post=650"}],"version-history":[{"count":1,"href":"https:\/\/blogs.diariovasco.com\/motor\/wp-json\/wp\/v2\/posts\/650\/revisions"}],"predecessor-version":[{"id":653,"href":"https:\/\/blogs.diariovasco.com\/motor\/wp-json\/wp\/v2\/posts\/650\/revisions\/653"}],"wp:attachment":[{"href":"https:\/\/blogs.diariovasco.com\/motor\/wp-json\/wp\/v2\/media?parent=650"}],"wp:term":[{"taxonomy":"category","embeddable":true,"href":"https:\/\/blogs.diariovasco.com\/motor\/wp-json\/wp\/v2\/categories?post=650"},{"taxonomy":"post_tag","embeddable":true,"href":"https:\/\/blogs.diariovasco.com\/motor\/wp-json\/wp\/v2\/tags?post=650"}],"curies":[{"name":"wp","href":"https:\/\/api.w.org\/{rel}","templated":true}]}}