{"id":668,"date":"2019-08-29T10:26:42","date_gmt":"2019-08-29T09:26:42","guid":{"rendered":"https:\/\/blogs.diariovasco.com\/motor\/?p=668"},"modified":"2019-08-29T10:26:42","modified_gmt":"2019-08-29T09:26:42","slug":"nuevo-airbag-de-honda","status":"publish","type":"post","link":"https:\/\/blogs.diariovasco.com\/motor\/2019\/08\/29\/nuevo-airbag-de-honda\/","title":{"rendered":"Nuevo airbag de Honda"},"content":{"rendered":"<p><img loading=\"lazy\" class=\"alignnone size-medium wp-image-669\" src=\"https:\/\/static-blogs.diariovasco.com\/wp-content\/uploads\/sites\/9\/2019\/08\/foto-blog-airbag-honda-300x149.jpg\" alt=\"foto-blog-airbag-honda\" width=\"300\" height=\"149\" srcset=\"https:\/\/static-blogs.diariovasco.com\/wp-content\/uploads\/sites\/9\/2019\/08\/foto-blog-airbag-honda-300x149.jpg 300w, https:\/\/static-blogs.diariovasco.com\/wp-content\/uploads\/sites\/9\/2019\/08\/foto-blog-airbag-honda.jpg 319w\" sizes=\"(max-width: 300px) 100vw, 300px\" \/> <img loading=\"lazy\" class=\"alignnone size-medium wp-image-670\" src=\"https:\/\/static-blogs.diariovasco.com\/wp-content\/uploads\/sites\/9\/2019\/08\/FOTO-NOT-WEB-NUEVO-AIRBAG-DE-HONDA-300x200.jpg\" alt=\"foto-not-web-nuevo-airbag-de-honda\" width=\"300\" height=\"200\" srcset=\"https:\/\/static-blogs.diariovasco.com\/wp-content\/uploads\/sites\/9\/2019\/08\/FOTO-NOT-WEB-NUEVO-AIRBAG-DE-HONDA-300x200.jpg 300w, https:\/\/static-blogs.diariovasco.com\/wp-content\/uploads\/sites\/9\/2019\/08\/FOTO-NOT-WEB-NUEVO-AIRBAG-DE-HONDA-768x512.jpg 768w, https:\/\/static-blogs.diariovasco.com\/wp-content\/uploads\/sites\/9\/2019\/08\/FOTO-NOT-WEB-NUEVO-AIRBAG-DE-HONDA-628x419.jpg 628w, https:\/\/static-blogs.diariovasco.com\/wp-content\/uploads\/sites\/9\/2019\/08\/FOTO-NOT-WEB-NUEVO-AIRBAG-DE-HONDA.jpg 900w\" sizes=\"(max-width: 300px) 100vw, 300px\" \/><\/p>\n<p>Los futuros coches de Honda llevar\u00e1n un nuevo airbag para el acompa\u00f1ante especialmente desarrollado para incrementar la seguridad en los choques frontales y frontolaterales.<\/p>\n<p>El\u00a0centro de Investigaci\u00f3n y Desarrollo de Honda\u00a0es el encargado de este\u00a0nuevo desarrollo, en colaboraci\u00f3n con la compa\u00f1\u00eda\u00a0Autoliv. Se trata de un\u00a0nuevo airbag para el asiento delantero del pasajero: cuenta con hasta\u00a0tres c\u00e1maras de aire\u00a0y\u00a0cuatro elementos\u00a0distintos, a diferencia del airbag habitual del conductor que cuenta con un \u00fanico elemento inflable.<\/p>\n<p>Este nuevo y\u00a0revolucionario airbag\u00a0para el acompa\u00f1ante de la fila delantera funciona, podr\u00edamos decir,\u00a0como un guante de b\u00e9isbol. Cuenta con una bolsa central y otras dos laterales que se abren hacia afuera; adem\u00e1s, un &#8220;panel vela&#8221; entre estas dos \u00faltimas las une y\u00a0permite \u201catrapar\u201d la cabeza\u00a0del pasajero cuando entra en funcionamiento. De esta forma, se<\/p>\n<p>Este nuevo airbag incrementa el espectro de impactos frontales\u00a0sobre los que puede ser m\u00e1s efectivo, ofreciendo una\u00a0mayor protecci\u00f3n al pasajero en colisiones frontales, frontolaterales\u00a0y, especialmente, en\u00a0choques en \u00e1ngulo. El airbag es capaz de reducir los movimientos de la cabeza en caso de impacto, impidiendo que esta gire de forma grave o incluso se deslice por fuera del airbags. En consecuencia,\u00a0reducir\u00e1 el riesgo de sufrir lesiones graves.<\/p>\n<p>Inicialmente, este airbag\u00a0llegar\u00e1 al mercado norteamericano durante el pr\u00f3ximo a\u00f1o 2020.<\/p>\n<p>&nbsp;<\/p>\n<!-- AddThis Advanced Settings generic via filter on the_content --><!-- AddThis Share Buttons generic via filter on the_content -->","protected":false},"excerpt":{"rendered":"<p>Los futuros coches de Honda llevar\u00e1n un nuevo airbag para el acompa\u00f1ante especialmente desarrollado para incrementar la seguridad en los choques frontales y frontolaterales. El\u00a0centro de Investigaci\u00f3n y Desarrollo de Honda\u00a0es el encargado de este\u00a0nuevo desarrollo, en colaboraci\u00f3n con la compa\u00f1\u00eda\u00a0Autoliv. Se trata de un\u00a0nuevo airbag para el asiento delantero del pasajero: cuenta con hasta\u00a0tres [&hellip;]<!-- AddThis Advanced Settings generic via filter on get_the_excerpt --><!-- AddThis Share Buttons generic via filter on get_the_excerpt --><\/p>\n","protected":false},"author":20,"featured_media":0,"comment_status":"open","ping_status":"closed","sticky":false,"template":"","format":"standard","meta":[],"categories":[1],"tags":[],"_links":{"self":[{"href":"https:\/\/blogs.diariovasco.com\/motor\/wp-json\/wp\/v2\/posts\/668"}],"collection":[{"href":"https:\/\/blogs.diariovasco.com\/motor\/wp-json\/wp\/v2\/posts"}],"about":[{"href":"https:\/\/blogs.diariovasco.com\/motor\/wp-json\/wp\/v2\/types\/post"}],"author":[{"embeddable":true,"href":"https:\/\/blogs.diariovasco.com\/motor\/wp-json\/wp\/v2\/users\/20"}],"replies":[{"embeddable":true,"href":"https:\/\/blogs.diariovasco.com\/motor\/wp-json\/wp\/v2\/comments?post=668"}],"version-history":[{"count":2,"href":"https:\/\/blogs.diariovasco.com\/motor\/wp-json\/wp\/v2\/posts\/668\/revisions"}],"predecessor-version":[{"id":673,"href":"https:\/\/blogs.diariovasco.com\/motor\/wp-json\/wp\/v2\/posts\/668\/revisions\/673"}],"wp:attachment":[{"href":"https:\/\/blogs.diariovasco.com\/motor\/wp-json\/wp\/v2\/media?parent=668"}],"wp:term":[{"taxonomy":"category","embeddable":true,"href":"https:\/\/blogs.diariovasco.com\/motor\/wp-json\/wp\/v2\/categories?post=668"},{"taxonomy":"post_tag","embeddable":true,"href":"https:\/\/blogs.diariovasco.com\/motor\/wp-json\/wp\/v2\/tags?post=668"}],"curies":[{"name":"wp","href":"https:\/\/api.w.org\/{rel}","templated":true}]}}