{"id":751,"date":"2019-10-21T09:01:15","date_gmt":"2019-10-21T08:01:15","guid":{"rendered":"https:\/\/blogs.diariovasco.com\/motor\/?p=751"},"modified":"2019-10-21T09:01:15","modified_gmt":"2019-10-21T08:01:15","slug":"la-dgt-prohibira-usar-el-patinete-sin-casco-y-aparcarlo-en-la-acera","status":"publish","type":"post","link":"https:\/\/blogs.diariovasco.com\/motor\/2019\/10\/21\/la-dgt-prohibira-usar-el-patinete-sin-casco-y-aparcarlo-en-la-acera\/","title":{"rendered":"La DGT prohibir\u00e1 usar el patinete sin casco y aparcarlo en la acera"},"content":{"rendered":"<p><img loading=\"lazy\" class=\"alignnone size-medium wp-image-752\" src=\"https:\/\/static-blogs.diariovasco.com\/wp-content\/uploads\/sites\/9\/2019\/10\/FOTO-NOT-WEB-DGT-Y-PATINETES-ELECTRICOS-300x169.jpg\" alt=\"\" width=\"300\" height=\"169\" srcset=\"https:\/\/static-blogs.diariovasco.com\/wp-content\/uploads\/sites\/9\/2019\/10\/FOTO-NOT-WEB-DGT-Y-PATINETES-ELECTRICOS-300x169.jpg 300w, https:\/\/static-blogs.diariovasco.com\/wp-content\/uploads\/sites\/9\/2019\/10\/FOTO-NOT-WEB-DGT-Y-PATINETES-ELECTRICOS-768x432.jpg 768w, https:\/\/static-blogs.diariovasco.com\/wp-content\/uploads\/sites\/9\/2019\/10\/FOTO-NOT-WEB-DGT-Y-PATINETES-ELECTRICOS-628x353.jpg 628w, https:\/\/static-blogs.diariovasco.com\/wp-content\/uploads\/sites\/9\/2019\/10\/FOTO-NOT-WEB-DGT-Y-PATINETES-ELECTRICOS.jpg 992w\" sizes=\"(max-width: 300px) 100vw, 300px\" \/><\/p>\n<p>La Direcci\u00f3n General de Tr\u00e1fico har\u00e1 obligatoria la circulaci\u00f3n con casco para los usuarios de patinete y bicicleta en zonas urbanas. As\u00ed se confirm\u00f3 desde la subdirecci\u00f3n de Movilidad, quien defendi\u00f3 como necesaria esta medida para incrementar la seguridad. Tambi\u00e9n se se\u00f1al\u00f3 que no deber\u00eda quedar mucho para la publicaci\u00f3n del Real Decreto de Veh\u00edculos de Movilidad Personal, que se encuentra paralizada debido a que el Gobierno a\u00fan contin\u00faa en funciones. Siguiendo el mismo camino, se incidi\u00f3 en la intenci\u00f3n de prohibir que los patinetes estacionen en las zonas peatonales. Dicho precepto tambi\u00e9n se incluye en el texto del Real Decreto, sum\u00e1ndose a la imposibilidad de circular por las aceras y la limitaci\u00f3n de la velocidad m\u00e1xima a 25 km\/h.<\/p>\n<!-- AddThis Advanced Settings generic via filter on the_content --><!-- AddThis Share Buttons generic via filter on the_content -->","protected":false},"excerpt":{"rendered":"<p>La Direcci\u00f3n General de Tr\u00e1fico har\u00e1 obligatoria la circulaci\u00f3n con casco para los usuarios de patinete y bicicleta en zonas urbanas. As\u00ed se confirm\u00f3 desde la subdirecci\u00f3n de Movilidad, quien defendi\u00f3 como necesaria esta medida para incrementar la seguridad. Tambi\u00e9n se se\u00f1al\u00f3 que no deber\u00eda quedar mucho para la publicaci\u00f3n del Real Decreto de Veh\u00edculos [&hellip;]<!-- AddThis Advanced Settings generic via filter on get_the_excerpt --><!-- AddThis Share Buttons generic via filter on get_the_excerpt --><\/p>\n","protected":false},"author":20,"featured_media":0,"comment_status":"open","ping_status":"closed","sticky":false,"template":"","format":"standard","meta":[],"categories":[1],"tags":[],"_links":{"self":[{"href":"https:\/\/blogs.diariovasco.com\/motor\/wp-json\/wp\/v2\/posts\/751"}],"collection":[{"href":"https:\/\/blogs.diariovasco.com\/motor\/wp-json\/wp\/v2\/posts"}],"about":[{"href":"https:\/\/blogs.diariovasco.com\/motor\/wp-json\/wp\/v2\/types\/post"}],"author":[{"embeddable":true,"href":"https:\/\/blogs.diariovasco.com\/motor\/wp-json\/wp\/v2\/users\/20"}],"replies":[{"embeddable":true,"href":"https:\/\/blogs.diariovasco.com\/motor\/wp-json\/wp\/v2\/comments?post=751"}],"version-history":[{"count":1,"href":"https:\/\/blogs.diariovasco.com\/motor\/wp-json\/wp\/v2\/posts\/751\/revisions"}],"predecessor-version":[{"id":753,"href":"https:\/\/blogs.diariovasco.com\/motor\/wp-json\/wp\/v2\/posts\/751\/revisions\/753"}],"wp:attachment":[{"href":"https:\/\/blogs.diariovasco.com\/motor\/wp-json\/wp\/v2\/media?parent=751"}],"wp:term":[{"taxonomy":"category","embeddable":true,"href":"https:\/\/blogs.diariovasco.com\/motor\/wp-json\/wp\/v2\/categories?post=751"},{"taxonomy":"post_tag","embeddable":true,"href":"https:\/\/blogs.diariovasco.com\/motor\/wp-json\/wp\/v2\/tags?post=751"}],"curies":[{"name":"wp","href":"https:\/\/api.w.org\/{rel}","templated":true}]}}