{"id":774,"date":"2019-10-30T12:02:51","date_gmt":"2019-10-30T11:02:51","guid":{"rendered":"https:\/\/blogs.diariovasco.com\/motor\/?p=774"},"modified":"2019-10-30T12:02:51","modified_gmt":"2019-10-30T11:02:51","slug":"mercedes-tendra-que-revisar-centenares-de-miles-de-sprinter","status":"publish","type":"post","link":"https:\/\/blogs.diariovasco.com\/motor\/2019\/10\/30\/mercedes-tendra-que-revisar-centenares-de-miles-de-sprinter\/","title":{"rendered":"Mercedes tendr\u00e1 que revisar centenares de miles de &#8220;Sprinter&#8221;"},"content":{"rendered":"<p><img loading=\"lazy\" class=\"alignnone size-medium wp-image-775\" src=\"https:\/\/static-blogs.diariovasco.com\/wp-content\/uploads\/sites\/9\/2019\/10\/FOTO-NOT-WEB-VEH\u00cdCULOS-MERCEDES-A-REVISION-300x225.jpg\" alt=\"\" width=\"300\" height=\"225\" srcset=\"https:\/\/static-blogs.diariovasco.com\/wp-content\/uploads\/sites\/9\/2019\/10\/FOTO-NOT-WEB-VEH\u00cdCULOS-MERCEDES-A-REVISION-300x225.jpg 300w, https:\/\/static-blogs.diariovasco.com\/wp-content\/uploads\/sites\/9\/2019\/10\/FOTO-NOT-WEB-VEH\u00cdCULOS-MERCEDES-A-REVISION-628x471.jpg 628w, https:\/\/static-blogs.diariovasco.com\/wp-content\/uploads\/sites\/9\/2019\/10\/FOTO-NOT-WEB-VEH\u00cdCULOS-MERCEDES-A-REVISION.jpg 640w\" sizes=\"(max-width: 300px) 100vw, 300px\" \/><\/p>\n<p>La agencia alemana del autom\u00f3vil (KBA) ha ordenado a\u00a0Daimler AG,\u00a0fabricante de\u00a0Mercedes Benz, que llame a revisi\u00f3n a centenares de miles de\u00a0coches di\u00e9sel\u00a0suplementarios que podr\u00edan estar equipados con un programa trucado, seg\u00fan ha anunciado el fabricante. Al menos 260.000 furgonetas de tipo &#8220;Sprinter&#8221; est\u00e1n afectadas por\u00a0esta orden en Europa, y que fueron fabricados antes de\u00a0junio de 2016. La agencia sospecha que Daimler instal\u00f3\u00a0en esos veh\u00edculos un &#8220;programa inform\u00e1tico il\u00edcito&#8221; para lograr que durante las\u00a0pruebas en el laboratorio aparecieran como menos contaminantes de lo que\u00a0en realidad son.<\/p>\n<p>A finales de septiembre, la Fiscal\u00eda de Stuttgart impuso una multa de 870 millones de euros a Daimler por manipulaci\u00f3n de las emisiones contaminantes de sus veh\u00edculos. La decisi\u00f3n cerr\u00f3 el procedimiento abierto contra Daimler, ya que la compa\u00f1\u00eda asegur\u00f3 tras conocer la multa que no presentar\u00eda alegaciones, con lo que tambi\u00e9n evit\u00f3 un proceso judicial. La Fiscal\u00eda argumentaba que las incongruencias entre las emisiones reales de \u00f3xidos de nitr\u00f3geno (NOx) de ciertos modelos di\u00e9sel del fabricante y los niveles que Daimler hab\u00eda consignado sobre el papel implicaban a su juicio un &#8220;incumplimiento negligente de la obligaci\u00f3n de supervisi\u00f3n de la direcci\u00f3n&#8221;. La compa\u00f1\u00eda logr\u00f3 as\u00ed que modelos di\u00e9sel obtuvieran el permiso de circulaci\u00f3n pese a no cumplir en parte con los l\u00edmites de emisiones.<\/p>\n<p>La investigaci\u00f3n en Daimler comenz\u00f3 con la llamada a talleres con la que la Oficina Federal de Veh\u00edculos a Motor (KBA) oblig\u00f3 a revisar 684.000 veh\u00edculos, medida contra la que la compa\u00f1\u00eda present\u00f3 alegaciones.<\/p>\n<!-- AddThis Advanced Settings generic via filter on the_content --><!-- AddThis Share Buttons generic via filter on the_content -->","protected":false},"excerpt":{"rendered":"<p>La agencia alemana del autom\u00f3vil (KBA) ha ordenado a\u00a0Daimler AG,\u00a0fabricante de\u00a0Mercedes Benz, que llame a revisi\u00f3n a centenares de miles de\u00a0coches di\u00e9sel\u00a0suplementarios que podr\u00edan estar equipados con un programa trucado, seg\u00fan ha anunciado el fabricante. Al menos 260.000 furgonetas de tipo &#8220;Sprinter&#8221; est\u00e1n afectadas por\u00a0esta orden en Europa, y que fueron fabricados antes de\u00a0junio de [&hellip;]<!-- AddThis Advanced Settings generic via filter on get_the_excerpt --><!-- AddThis Share Buttons generic via filter on get_the_excerpt --><\/p>\n","protected":false},"author":20,"featured_media":0,"comment_status":"open","ping_status":"closed","sticky":false,"template":"","format":"standard","meta":[],"categories":[1],"tags":[],"_links":{"self":[{"href":"https:\/\/blogs.diariovasco.com\/motor\/wp-json\/wp\/v2\/posts\/774"}],"collection":[{"href":"https:\/\/blogs.diariovasco.com\/motor\/wp-json\/wp\/v2\/posts"}],"about":[{"href":"https:\/\/blogs.diariovasco.com\/motor\/wp-json\/wp\/v2\/types\/post"}],"author":[{"embeddable":true,"href":"https:\/\/blogs.diariovasco.com\/motor\/wp-json\/wp\/v2\/users\/20"}],"replies":[{"embeddable":true,"href":"https:\/\/blogs.diariovasco.com\/motor\/wp-json\/wp\/v2\/comments?post=774"}],"version-history":[{"count":1,"href":"https:\/\/blogs.diariovasco.com\/motor\/wp-json\/wp\/v2\/posts\/774\/revisions"}],"predecessor-version":[{"id":776,"href":"https:\/\/blogs.diariovasco.com\/motor\/wp-json\/wp\/v2\/posts\/774\/revisions\/776"}],"wp:attachment":[{"href":"https:\/\/blogs.diariovasco.com\/motor\/wp-json\/wp\/v2\/media?parent=774"}],"wp:term":[{"taxonomy":"category","embeddable":true,"href":"https:\/\/blogs.diariovasco.com\/motor\/wp-json\/wp\/v2\/categories?post=774"},{"taxonomy":"post_tag","embeddable":true,"href":"https:\/\/blogs.diariovasco.com\/motor\/wp-json\/wp\/v2\/tags?post=774"}],"curies":[{"name":"wp","href":"https:\/\/api.w.org\/{rel}","templated":true}]}}