{"id":777,"date":"2019-10-31T08:45:00","date_gmt":"2019-10-31T07:45:00","guid":{"rendered":"https:\/\/blogs.diariovasco.com\/motor\/?p=777"},"modified":"2019-10-31T08:45:00","modified_gmt":"2019-10-31T07:45:00","slug":"quienes-compran-los-coches-mas-potentes-en-espana","status":"publish","type":"post","link":"https:\/\/blogs.diariovasco.com\/motor\/2019\/10\/31\/quienes-compran-los-coches-mas-potentes-en-espana\/","title":{"rendered":"\u00bfQui\u00e9nes compran los coches m\u00e1s potentes en Espa\u00f1a?"},"content":{"rendered":"<p><img loading=\"lazy\" class=\"alignnone size-medium wp-image-778\" src=\"https:\/\/static-blogs.diariovasco.com\/wp-content\/uploads\/sites\/9\/2019\/10\/FOTO-NOT-WEB-COCHES-DE-M\u00c1S-DE-150-CV-300x169.jpg\" alt=\"\" width=\"300\" height=\"169\" srcset=\"https:\/\/static-blogs.diariovasco.com\/wp-content\/uploads\/sites\/9\/2019\/10\/FOTO-NOT-WEB-COCHES-DE-M\u00c1S-DE-150-CV-300x169.jpg 300w, https:\/\/static-blogs.diariovasco.com\/wp-content\/uploads\/sites\/9\/2019\/10\/FOTO-NOT-WEB-COCHES-DE-M\u00c1S-DE-150-CV-768x432.jpg 768w, https:\/\/static-blogs.diariovasco.com\/wp-content\/uploads\/sites\/9\/2019\/10\/FOTO-NOT-WEB-COCHES-DE-M\u00c1S-DE-150-CV-628x353.jpg 628w, https:\/\/static-blogs.diariovasco.com\/wp-content\/uploads\/sites\/9\/2019\/10\/FOTO-NOT-WEB-COCHES-DE-M\u00c1S-DE-150-CV.jpg 980w\" sizes=\"(max-width: 300px) 100vw, 300px\" \/><\/p>\n<p>La potencia en los coches sigue siendo uno de los aspectos relevantes tanto para los amantes de las prestaciones, como para los que buscan un coche nuevo aunque, para ser justos, est\u00e1 perdiendo cierto protagonismo.<\/p>\n<p>Galicia es la comunidad aut\u00f3noma donde se compran &#8216;online&#8217; los coches de mayor potencia, con 142 CV de media, mientras que Extremadura se sit\u00faa en el lado opuesto, con 113 CV de media.<\/p>\n<p>La media nacional es de 126 CV de potencia y tan solo dos comunidades se encuentran justo en esta media: Catalu\u00f1a y Pa\u00eds Vasco, seg\u00fan datos del estudio &#8216;El mercado online de veh\u00edculo nuevo en Espa\u00f1a: potencia media por Comunidades Aut\u00f3nomas&#8217;, realizado por la empresa europea de venta de veh\u00edculos &#8216;online&#8217; Carwow.<\/p>\n<p>Del informe se desprende tambi\u00e9n que por encima de la media se encuentran, adem\u00e1s de Galicia, la Comunidad de Madrid y Cantabria (128 CV), Castilla-La Mancha (129), Castilla y Le\u00f3n, y Navarra (131).<\/p>\n<p>En el lado contrario se encuentran Asturias (124 CV), Andaluc\u00eda y Comunidad Valenciana (122), La Rioja (120) y Murcia (117). Extremadura es la regi\u00f3n donde se compran &#8216;online&#8217; los veh\u00edculos nuevos de menor potencia, con una diferencia de 29 CV (113) respecto a Galicia.<\/p>\n<p>Carwow ha realizado este estudio en funci\u00f3n a las ventas generadas por 275.790 usuarios, y en un periodo que va de agosto de 2018 a agosto de este a\u00f1o. No est\u00e1n incluidas en el informe las Islas Baleares, las Islas Canarias, ni las ciudades aut\u00f3nomas de Ceuta y Melilla, al no tener, de momento, presencia comercial.<\/p>\n<!-- AddThis Advanced Settings generic via filter on the_content --><!-- AddThis Share Buttons generic via filter on the_content -->","protected":false},"excerpt":{"rendered":"<p>La potencia en los coches sigue siendo uno de los aspectos relevantes tanto para los amantes de las prestaciones, como para los que buscan un coche nuevo aunque, para ser justos, est\u00e1 perdiendo cierto protagonismo. Galicia es la comunidad aut\u00f3noma donde se compran &#8216;online&#8217; los coches de mayor potencia, con 142 CV de media, mientras [&hellip;]<!-- AddThis Advanced Settings generic via filter on get_the_excerpt --><!-- AddThis Share Buttons generic via filter on get_the_excerpt --><\/p>\n","protected":false},"author":20,"featured_media":0,"comment_status":"open","ping_status":"closed","sticky":false,"template":"","format":"standard","meta":[],"categories":[1],"tags":[],"_links":{"self":[{"href":"https:\/\/blogs.diariovasco.com\/motor\/wp-json\/wp\/v2\/posts\/777"}],"collection":[{"href":"https:\/\/blogs.diariovasco.com\/motor\/wp-json\/wp\/v2\/posts"}],"about":[{"href":"https:\/\/blogs.diariovasco.com\/motor\/wp-json\/wp\/v2\/types\/post"}],"author":[{"embeddable":true,"href":"https:\/\/blogs.diariovasco.com\/motor\/wp-json\/wp\/v2\/users\/20"}],"replies":[{"embeddable":true,"href":"https:\/\/blogs.diariovasco.com\/motor\/wp-json\/wp\/v2\/comments?post=777"}],"version-history":[{"count":1,"href":"https:\/\/blogs.diariovasco.com\/motor\/wp-json\/wp\/v2\/posts\/777\/revisions"}],"predecessor-version":[{"id":779,"href":"https:\/\/blogs.diariovasco.com\/motor\/wp-json\/wp\/v2\/posts\/777\/revisions\/779"}],"wp:attachment":[{"href":"https:\/\/blogs.diariovasco.com\/motor\/wp-json\/wp\/v2\/media?parent=777"}],"wp:term":[{"taxonomy":"category","embeddable":true,"href":"https:\/\/blogs.diariovasco.com\/motor\/wp-json\/wp\/v2\/categories?post=777"},{"taxonomy":"post_tag","embeddable":true,"href":"https:\/\/blogs.diariovasco.com\/motor\/wp-json\/wp\/v2\/tags?post=777"}],"curies":[{"name":"wp","href":"https:\/\/api.w.org\/{rel}","templated":true}]}}