{"id":780,"date":"2019-11-05T12:20:40","date_gmt":"2019-11-05T11:20:40","guid":{"rendered":"https:\/\/blogs.diariovasco.com\/motor\/?p=780"},"modified":"2019-11-05T12:20:40","modified_gmt":"2019-11-05T11:20:40","slug":"por-que-hay-que-revisar-la-bateria-del-coche-antes-de-que-llegue-el-frio","status":"publish","type":"post","link":"https:\/\/blogs.diariovasco.com\/motor\/2019\/11\/05\/por-que-hay-que-revisar-la-bateria-del-coche-antes-de-que-llegue-el-frio\/","title":{"rendered":"\u00bfPor qu\u00e9 hay que revisar la bater\u00eda del coche antes de que llegue el fr\u00edo?"},"content":{"rendered":"<p><img loading=\"lazy\" class=\"alignnone size-medium wp-image-781\" src=\"https:\/\/static-blogs.diariovasco.com\/wp-content\/uploads\/sites\/9\/2019\/11\/FOTO-NOT-WEB-REVISAR-LA-BATER\u00cdA-300x189.jpg\" alt=\"\" width=\"300\" height=\"189\" srcset=\"https:\/\/static-blogs.diariovasco.com\/wp-content\/uploads\/sites\/9\/2019\/11\/FOTO-NOT-WEB-REVISAR-LA-BATER\u00cdA-300x189.jpg 300w, https:\/\/static-blogs.diariovasco.com\/wp-content\/uploads\/sites\/9\/2019\/11\/FOTO-NOT-WEB-REVISAR-LA-BATER\u00cdA-628x396.jpg 628w, https:\/\/static-blogs.diariovasco.com\/wp-content\/uploads\/sites\/9\/2019\/11\/FOTO-NOT-WEB-REVISAR-LA-BATER\u00cdA.jpg 646w\" sizes=\"(max-width: 300px) 100vw, 300px\" \/><\/p>\n<p>La duraci\u00f3n media de la bater\u00eda del coche\u00a0est\u00e1 entre tres y cinco a\u00f1os, una cifra que aumenta a ocho en\u00a0el caso de los el\u00e9ctricos. Es fundamental conocer su duraci\u00f3n aproximada, ya que\u00a0es un elemento imprescindible en el veh\u00edculo: es el sistema que permite arrancar al motor\u00a0y que todo comienza a funcionar, ya que en \u00e9l se almacena toda la energ\u00eda necesaria para ello. A pesar de la durabilidad estimada, las temperaturas, la forma y el uso que se hace del coche y\u00a0las costumbres que se pueden tener al volante\u00a0tambi\u00e9n afectan al estado de esta pieza. As\u00ed, lo m\u00e1s recomendable es realizar un mantenimiento peri\u00f3dico para evitar cualquier imprevisto.<\/p>\n<p>No es un sistema que haya que revisar solo una vez al a\u00f1o, es decir, cuando\u00a0toque pasar la ITV. Los cambios de estaci\u00f3n y, por tanto, de temperatura, son el mejor momento para comprobar su estado,\u00a0puesto que tanto el fr\u00edo como el calor pueden afectar a su correcto funcionamiento. De hecho, en verano,\u00a0los fallos en las bater\u00edas son la causa de una de cada dos asistencias en carretera.<\/p>\n<p>\u00bfPor qu\u00e9 ha llegado el momento de revisar la bater\u00eda?<\/p>\n<p>La bater\u00eda tiene un rango de temperaturas ideal en lo que a la eficacia de su trabajo se refiere. As\u00ed, este elemento funciona a la perfecci\u00f3n entre 10 y 40 grados.\u00a0Por debajo de los primeros, la bater\u00eda tendr\u00e1 menos capacidad para dar energ\u00eda y, por tanto, para arrancar el coche.<\/p>\n<p>Para saber cu\u00e1l es el estado de tu bater\u00eda, lo m\u00e1s aconsejable es acudir a un taller. Sin embargo,\u00a0el coche puede estar mand\u00e1ndote se\u00f1ales de que algo no funciona correctamente.\u00a0Si hay descontrol en los sistemas de climatizaci\u00f3n (se apagan, cambian de fr\u00edo a calor de repente\u2026), si al coche le cuesta arrancar e, incluso, si el limpiaparabrisas cambia de velocidad constantemente puede significar que algo est\u00e1 fallando.<\/p>\n<p>\u00bfC\u00f3mo comprobar el estado de la bater\u00eda?<\/p>\n<p>Lo m\u00e1s recomendable es acudir a un taller, donde emplear\u00e1n un medidor de intensidad instant\u00e1nea para comprobar cu\u00e1ntos amperios puede suministrar. Tambi\u00e9n se puede verificar a trav\u00e9s de un medidor de carga. Tambi\u00e9n hay veh\u00edculos modernos que, sobre las bater\u00edas, disponen de un testigo luminoso que orienta sobre\u00a0la vida \u00fatil de la bater\u00eda. Lo mismo ocurre con los botones de este elemento: si est\u00e1n blanquecinos, quiere decir que no est\u00e1 funcionando bien.<\/p>\n<!-- AddThis Advanced Settings generic via filter on the_content --><!-- AddThis Share Buttons generic via filter on the_content -->","protected":false},"excerpt":{"rendered":"<p>La duraci\u00f3n media de la bater\u00eda del coche\u00a0est\u00e1 entre tres y cinco a\u00f1os, una cifra que aumenta a ocho en\u00a0el caso de los el\u00e9ctricos. Es fundamental conocer su duraci\u00f3n aproximada, ya que\u00a0es un elemento imprescindible en el veh\u00edculo: es el sistema que permite arrancar al motor\u00a0y que todo comienza a funcionar, ya que en \u00e9l [&hellip;]<!-- AddThis Advanced Settings generic via filter on get_the_excerpt --><!-- AddThis Share Buttons generic via filter on get_the_excerpt --><\/p>\n","protected":false},"author":20,"featured_media":0,"comment_status":"open","ping_status":"closed","sticky":false,"template":"","format":"standard","meta":[],"categories":[1],"tags":[],"_links":{"self":[{"href":"https:\/\/blogs.diariovasco.com\/motor\/wp-json\/wp\/v2\/posts\/780"}],"collection":[{"href":"https:\/\/blogs.diariovasco.com\/motor\/wp-json\/wp\/v2\/posts"}],"about":[{"href":"https:\/\/blogs.diariovasco.com\/motor\/wp-json\/wp\/v2\/types\/post"}],"author":[{"embeddable":true,"href":"https:\/\/blogs.diariovasco.com\/motor\/wp-json\/wp\/v2\/users\/20"}],"replies":[{"embeddable":true,"href":"https:\/\/blogs.diariovasco.com\/motor\/wp-json\/wp\/v2\/comments?post=780"}],"version-history":[{"count":1,"href":"https:\/\/blogs.diariovasco.com\/motor\/wp-json\/wp\/v2\/posts\/780\/revisions"}],"predecessor-version":[{"id":782,"href":"https:\/\/blogs.diariovasco.com\/motor\/wp-json\/wp\/v2\/posts\/780\/revisions\/782"}],"wp:attachment":[{"href":"https:\/\/blogs.diariovasco.com\/motor\/wp-json\/wp\/v2\/media?parent=780"}],"wp:term":[{"taxonomy":"category","embeddable":true,"href":"https:\/\/blogs.diariovasco.com\/motor\/wp-json\/wp\/v2\/categories?post=780"},{"taxonomy":"post_tag","embeddable":true,"href":"https:\/\/blogs.diariovasco.com\/motor\/wp-json\/wp\/v2\/tags?post=780"}],"curies":[{"name":"wp","href":"https:\/\/api.w.org\/{rel}","templated":true}]}}