{"id":794,"date":"2019-11-12T09:48:44","date_gmt":"2019-11-12T08:48:44","guid":{"rendered":"https:\/\/blogs.diariovasco.com\/motor\/?p=794"},"modified":"2019-11-12T09:48:44","modified_gmt":"2019-11-12T08:48:44","slug":"mas-de-31-millones-de-coches-circulan-por-espana-con-seguro","status":"publish","type":"post","link":"https:\/\/blogs.diariovasco.com\/motor\/2019\/11\/12\/mas-de-31-millones-de-coches-circulan-por-espana-con-seguro\/","title":{"rendered":"M\u00e1s de 31 millones de coches circulan por Espa\u00f1a con seguro"},"content":{"rendered":"<p><img loading=\"lazy\" class=\"alignnone size-medium wp-image-795\" src=\"https:\/\/static-blogs.diariovasco.com\/wp-content\/uploads\/sites\/9\/2019\/11\/FOTO-NOT-WEB-MAS-DE-31-MILLONES-300x167.jpg\" alt=\"\" width=\"300\" height=\"167\" srcset=\"https:\/\/static-blogs.diariovasco.com\/wp-content\/uploads\/sites\/9\/2019\/11\/FOTO-NOT-WEB-MAS-DE-31-MILLONES-300x167.jpg 300w, https:\/\/static-blogs.diariovasco.com\/wp-content\/uploads\/sites\/9\/2019\/11\/FOTO-NOT-WEB-MAS-DE-31-MILLONES-768x428.jpg 768w, https:\/\/static-blogs.diariovasco.com\/wp-content\/uploads\/sites\/9\/2019\/11\/FOTO-NOT-WEB-MAS-DE-31-MILLONES-628x350.jpg 628w, https:\/\/static-blogs.diariovasco.com\/wp-content\/uploads\/sites\/9\/2019\/11\/FOTO-NOT-WEB-MAS-DE-31-MILLONES.jpg 807w\" sizes=\"(max-width: 300px) 100vw, 300px\" \/><\/p>\n<p>El n\u00famero de veh\u00edculos asegurados en Espa\u00f1a se situ\u00f3 en 31.772.953 unidades a cierre del tercer trimestre de 2019. Esta cifra supone un\u00a0incremento interanual del 1,89%, seg\u00fan los datos del\u00a0Fichero Informativo de Veh\u00edculos Asegurados\u00a0(FIVA).<\/p>\n<p>De este modo, el parque de veh\u00edculos a motor que circulan por las calles y carreteras del pa\u00eds se ha incrementado en 587.907 unidades en los \u00faltimos 12 meses.<\/p>\n<p>El parque asegurado se ha mantenido pr\u00e1cticamente estable en t\u00e9rminos intertrimestrales. El periodo formado por los meses de julio, agosto y septiembre de este a\u00f1o presenta una tasa de crecimiento del 0,60% respecto del trimestre formado por los meses de abril, mayo y junio. El aumento ha sido de 190.544 unidades entre uno y otro.<\/p>\n<p>En lo que va de a\u00f1o, se han producido 8.890.687 altas de veh\u00edculos y 8.572.766 bajas. Esto se traduce en un\u00a0saldo positivo de 317.921 unidades\u00a0en lo que va de a\u00f1o.<\/p>\n<p>&nbsp;<\/p>\n<!-- AddThis Advanced Settings generic via filter on the_content --><!-- AddThis Share Buttons generic via filter on the_content -->","protected":false},"excerpt":{"rendered":"<p>El n\u00famero de veh\u00edculos asegurados en Espa\u00f1a se situ\u00f3 en 31.772.953 unidades a cierre del tercer trimestre de 2019. Esta cifra supone un\u00a0incremento interanual del 1,89%, seg\u00fan los datos del\u00a0Fichero Informativo de Veh\u00edculos Asegurados\u00a0(FIVA). De este modo, el parque de veh\u00edculos a motor que circulan por las calles y carreteras del pa\u00eds se ha incrementado [&hellip;]<!-- AddThis Advanced Settings generic via filter on get_the_excerpt --><!-- AddThis Share Buttons generic via filter on get_the_excerpt --><\/p>\n","protected":false},"author":20,"featured_media":0,"comment_status":"open","ping_status":"closed","sticky":false,"template":"","format":"standard","meta":[],"categories":[1],"tags":[],"_links":{"self":[{"href":"https:\/\/blogs.diariovasco.com\/motor\/wp-json\/wp\/v2\/posts\/794"}],"collection":[{"href":"https:\/\/blogs.diariovasco.com\/motor\/wp-json\/wp\/v2\/posts"}],"about":[{"href":"https:\/\/blogs.diariovasco.com\/motor\/wp-json\/wp\/v2\/types\/post"}],"author":[{"embeddable":true,"href":"https:\/\/blogs.diariovasco.com\/motor\/wp-json\/wp\/v2\/users\/20"}],"replies":[{"embeddable":true,"href":"https:\/\/blogs.diariovasco.com\/motor\/wp-json\/wp\/v2\/comments?post=794"}],"version-history":[{"count":1,"href":"https:\/\/blogs.diariovasco.com\/motor\/wp-json\/wp\/v2\/posts\/794\/revisions"}],"predecessor-version":[{"id":796,"href":"https:\/\/blogs.diariovasco.com\/motor\/wp-json\/wp\/v2\/posts\/794\/revisions\/796"}],"wp:attachment":[{"href":"https:\/\/blogs.diariovasco.com\/motor\/wp-json\/wp\/v2\/media?parent=794"}],"wp:term":[{"taxonomy":"category","embeddable":true,"href":"https:\/\/blogs.diariovasco.com\/motor\/wp-json\/wp\/v2\/categories?post=794"},{"taxonomy":"post_tag","embeddable":true,"href":"https:\/\/blogs.diariovasco.com\/motor\/wp-json\/wp\/v2\/tags?post=794"}],"curies":[{"name":"wp","href":"https:\/\/api.w.org\/{rel}","templated":true}]}}