{"id":80,"date":"2017-01-17T11:52:19","date_gmt":"2017-01-17T10:52:19","guid":{"rendered":"http:\/\/blogs.diariovasco.com\/motor\/?p=80"},"modified":"2017-01-17T11:52:19","modified_gmt":"2017-01-17T10:52:19","slug":"como-conducir-de-noche-con-seguridad","status":"publish","type":"post","link":"https:\/\/blogs.diariovasco.com\/motor\/2017\/01\/17\/como-conducir-de-noche-con-seguridad\/","title":{"rendered":"C\u00f3mo conducir de noche con seguridad"},"content":{"rendered":"<p>La \u00e9poca invernal tiene caracter\u00edsticas propias, y una de ellas es la menor cantidad de horas de luz ya que anochece antes que en otras estaciones. Es conveniente tener en cuenta que un alto porcentaje de los accidentes de tr\u00e1fico se producen por la noche, debido a los riesgos que conllevan la menor visibilidad y la fatiga del conductor, entre otros factores.<br \/>\nSi no est\u00e1s acostumbrado a desplazarte en estas horas del d\u00eda, te contamos c\u00f3mo puedes aprender a identificar los agentes de riesgo y evitarlos para conducir de noche con una mayor seguridad.<br \/>\nEn el caso de que tengas que conducir de noche por necesidad o simplemente lo hagas porque es m\u00e1s pr\u00e1ctico o por placer, debes ser consciente de que durante esta franja horaria las probabilidades de correr riesgos son m\u00e1s altas en comparaci\u00f3n con la conducci\u00f3n de d\u00eda. Las posibilidades de accidente por la noche aumentan por diferentes causas como el cansancio, la menor visibilidad o la tentaci\u00f3n de ir m\u00e1s r\u00e1pido de lo normal ante la ausencia de tr\u00e1fico o la mayor fluidez del mismo respecto al d\u00eda.<br \/>\nEs fundamental saber reconocer los s\u00edntomas de la fatiga para combatirla en cuanto aparezca. Los m\u00e1s comunes son dolores por sobrecarga en los hombros y espalda en general, picor de ojos e incluso lagrimeo, sensaci\u00f3n de pesadez en la cabeza y picor en el cuero cabelludo.<br \/>\nRecuerda que es imprescindible descansar todo lo posible antes de viajar por la noche y que es muy importante tanto ver correctamente como ser visto para evitar posibles incidentes. Presta atenci\u00f3n y pon los cinco sentidos cuando conduzcas de noche, tambi\u00e9n esto sirve para la conducci\u00f3n diurna, ya que seg\u00fan la DGT, entre las 21:00  y las 5:00 de la madrugada se producen casi el 50% de los muertos en accidentes de tr\u00e1fico en nuestro pa\u00eds.<br \/>\nNo excedas la velocidad m\u00e1xima y ten cuidado con los deslumbramientos: nuestros ojos necesitan un tiempo de adaptaci\u00f3n de entre cinco y siete segundos a la oscuridad para conseguir el 95% de la capacidad visual. Lleva siempre limpios los cristales del parabrisas, ventanillas y luneta posterior, as\u00ed como los faros bien reglados. <\/p>\n<!-- AddThis Advanced Settings generic via filter on the_content --><!-- AddThis Share Buttons generic via filter on the_content -->","protected":false},"excerpt":{"rendered":"<p>La \u00e9poca invernal tiene caracter\u00edsticas propias, y una de ellas es la menor cantidad de horas de luz ya que anochece antes que en otras estaciones. Es conveniente tener en cuenta que un alto porcentaje de los accidentes de tr\u00e1fico se producen por la noche, debido a los riesgos que conllevan la menor visibilidad y [&hellip;]<!-- AddThis Advanced Settings generic via filter on get_the_excerpt --><!-- AddThis Share Buttons generic via filter on get_the_excerpt --><\/p>\n","protected":false},"author":20,"featured_media":82,"comment_status":"open","ping_status":"closed","sticky":false,"template":"","format":"standard","meta":[],"categories":[3],"tags":[],"_links":{"self":[{"href":"https:\/\/blogs.diariovasco.com\/motor\/wp-json\/wp\/v2\/posts\/80"}],"collection":[{"href":"https:\/\/blogs.diariovasco.com\/motor\/wp-json\/wp\/v2\/posts"}],"about":[{"href":"https:\/\/blogs.diariovasco.com\/motor\/wp-json\/wp\/v2\/types\/post"}],"author":[{"embeddable":true,"href":"https:\/\/blogs.diariovasco.com\/motor\/wp-json\/wp\/v2\/users\/20"}],"replies":[{"embeddable":true,"href":"https:\/\/blogs.diariovasco.com\/motor\/wp-json\/wp\/v2\/comments?post=80"}],"version-history":[{"count":0,"href":"https:\/\/blogs.diariovasco.com\/motor\/wp-json\/wp\/v2\/posts\/80\/revisions"}],"wp:featuredmedia":[{"embeddable":true,"href":"https:\/\/blogs.diariovasco.com\/motor\/wp-json\/wp\/v2\/media\/82"}],"wp:attachment":[{"href":"https:\/\/blogs.diariovasco.com\/motor\/wp-json\/wp\/v2\/media?parent=80"}],"wp:term":[{"taxonomy":"category","embeddable":true,"href":"https:\/\/blogs.diariovasco.com\/motor\/wp-json\/wp\/v2\/categories?post=80"},{"taxonomy":"post_tag","embeddable":true,"href":"https:\/\/blogs.diariovasco.com\/motor\/wp-json\/wp\/v2\/tags?post=80"}],"curies":[{"name":"wp","href":"https:\/\/api.w.org\/{rel}","templated":true}]}}