{"id":816,"date":"2019-11-29T08:47:18","date_gmt":"2019-11-29T07:47:18","guid":{"rendered":"https:\/\/blogs.diariovasco.com\/motor\/?p=816"},"modified":"2019-11-29T08:47:18","modified_gmt":"2019-11-29T07:47:18","slug":"no-hay-que-abusar-de-la-calefaccion","status":"publish","type":"post","link":"https:\/\/blogs.diariovasco.com\/motor\/2019\/11\/29\/no-hay-que-abusar-de-la-calefaccion\/","title":{"rendered":"No hay que abusar de la calefacci\u00f3n"},"content":{"rendered":"<p><img loading=\"lazy\" class=\"alignnone size-medium wp-image-817\" src=\"https:\/\/static-blogs.diariovasco.com\/wp-content\/uploads\/sites\/9\/2019\/11\/FOTO-NOT-WEB-NO-ABUSAR-CALEFACCION-300x144.jpeg\" alt=\"\" width=\"300\" height=\"144\" srcset=\"https:\/\/static-blogs.diariovasco.com\/wp-content\/uploads\/sites\/9\/2019\/11\/FOTO-NOT-WEB-NO-ABUSAR-CALEFACCION-300x144.jpeg 300w, https:\/\/static-blogs.diariovasco.com\/wp-content\/uploads\/sites\/9\/2019\/11\/FOTO-NOT-WEB-NO-ABUSAR-CALEFACCION-628x302.jpeg 628w, https:\/\/static-blogs.diariovasco.com\/wp-content\/uploads\/sites\/9\/2019\/11\/FOTO-NOT-WEB-NO-ABUSAR-CALEFACCION.jpeg 750w\" sizes=\"(max-width: 300px) 100vw, 300px\" \/><\/p>\n<p>La calefacci\u00f3n es un enemigo de nuestra salud y de la del veh\u00edculo,\u00a0por ello, existen varias razones para dejar de abusar de ella. Estar\u00edan:<\/p>\n<ol>\n<li>Falta de visibilidad.\u00a0Hay que tener en cuenta que cuanto mayor es la diferencia de temperatura entre el interior y el exterior,\u00a0m\u00e1s dif\u00edcil ser\u00e1 que el parabrisas no se empa\u00f1e y nos reste visi\u00f3n, pudiendo provocar un accidente. No hay que olvidar que el Reglamento General de Circulaci\u00f3n obliga a que todas las superficies acristaladas del coche permitan la visibilidad di\u00e1fana y que,\u00a0en caso de desobediencia, las autoridades pertinentes puedan ponernos una buena sanci\u00f3n.<\/li>\n<li>Aumento del consumo.\u00a0Entre\u00a0los malos h\u00e1bitos que provocan que gastemos m\u00e1s combustible del debido y necesario\u00a0est\u00e1 el abuso de calefacci\u00f3n. As\u00ed, conviene\u00a0evitar que la temperatura interior supere los 24\u00ba en ning\u00fan momento.<\/li>\n<li>Suciedad en el filtro.Cuanto m\u00e1s tiempo utilicemos el climatizador, m\u00e1s part\u00edculas de polvo conseguiremos que se acumulen en el filtro. Y,\u00a0si no sabemos limpiarlo, provocaremos la\u00a0aparici\u00f3n de bacterias, hongos y malos olores.<\/li>\n<li>Problemas de salud.S\u00ed, aunque creamos que la calefacci\u00f3n en el coche nos ayuda a evitar catarros y enfriamientos varios, nada m\u00e1s lejos de la realidad. Si\u00a0las salidas de aire est\u00e1n orientadas hacia el pecho o la cara, pueden provocarnos sequedad en los ojos, congesti\u00f3n o dolor de cabeza. Adem\u00e1s, un ambiente excesivamente seco\u00a0acabar\u00e1 provocando malestar en el conductor, quien, entre otros peligros, puede\u00a0acabar durmi\u00e9ndose al volante.<\/li>\n<\/ol>\n<!-- AddThis Advanced Settings generic via filter on the_content --><!-- AddThis Share Buttons generic via filter on the_content -->","protected":false},"excerpt":{"rendered":"<p>La calefacci\u00f3n es un enemigo de nuestra salud y de la del veh\u00edculo,\u00a0por ello, existen varias razones para dejar de abusar de ella. Estar\u00edan: Falta de visibilidad.\u00a0Hay que tener en cuenta que cuanto mayor es la diferencia de temperatura entre el interior y el exterior,\u00a0m\u00e1s dif\u00edcil ser\u00e1 que el parabrisas no se empa\u00f1e y nos [&hellip;]<!-- AddThis Advanced Settings generic via filter on get_the_excerpt --><!-- AddThis Share Buttons generic via filter on get_the_excerpt --><\/p>\n","protected":false},"author":20,"featured_media":0,"comment_status":"open","ping_status":"closed","sticky":false,"template":"","format":"standard","meta":[],"categories":[1],"tags":[],"_links":{"self":[{"href":"https:\/\/blogs.diariovasco.com\/motor\/wp-json\/wp\/v2\/posts\/816"}],"collection":[{"href":"https:\/\/blogs.diariovasco.com\/motor\/wp-json\/wp\/v2\/posts"}],"about":[{"href":"https:\/\/blogs.diariovasco.com\/motor\/wp-json\/wp\/v2\/types\/post"}],"author":[{"embeddable":true,"href":"https:\/\/blogs.diariovasco.com\/motor\/wp-json\/wp\/v2\/users\/20"}],"replies":[{"embeddable":true,"href":"https:\/\/blogs.diariovasco.com\/motor\/wp-json\/wp\/v2\/comments?post=816"}],"version-history":[{"count":1,"href":"https:\/\/blogs.diariovasco.com\/motor\/wp-json\/wp\/v2\/posts\/816\/revisions"}],"predecessor-version":[{"id":818,"href":"https:\/\/blogs.diariovasco.com\/motor\/wp-json\/wp\/v2\/posts\/816\/revisions\/818"}],"wp:attachment":[{"href":"https:\/\/blogs.diariovasco.com\/motor\/wp-json\/wp\/v2\/media?parent=816"}],"wp:term":[{"taxonomy":"category","embeddable":true,"href":"https:\/\/blogs.diariovasco.com\/motor\/wp-json\/wp\/v2\/categories?post=816"},{"taxonomy":"post_tag","embeddable":true,"href":"https:\/\/blogs.diariovasco.com\/motor\/wp-json\/wp\/v2\/tags?post=816"}],"curies":[{"name":"wp","href":"https:\/\/api.w.org\/{rel}","templated":true}]}}