{"id":829,"date":"2019-12-10T09:41:21","date_gmt":"2019-12-10T08:41:21","guid":{"rendered":"https:\/\/blogs.diariovasco.com\/motor\/?p=829"},"modified":"2019-12-10T09:41:21","modified_gmt":"2019-12-10T08:41:21","slug":"sabes-usar-correctamente-las-luces-de-tu-coche","status":"publish","type":"post","link":"https:\/\/blogs.diariovasco.com\/motor\/2019\/12\/10\/sabes-usar-correctamente-las-luces-de-tu-coche\/","title":{"rendered":"\u00bfSabes usar correctamente las luces de tu coche?"},"content":{"rendered":"<p><img loading=\"lazy\" class=\"alignnone size-medium wp-image-831\" src=\"https:\/\/static-blogs.diariovasco.com\/wp-content\/uploads\/sites\/9\/2019\/12\/Los-faros-LED-del-Seat-Ateca-1-300x200.jpg\" alt=\"\" width=\"300\" height=\"200\" srcset=\"https:\/\/static-blogs.diariovasco.com\/wp-content\/uploads\/sites\/9\/2019\/12\/Los-faros-LED-del-Seat-Ateca-1-300x200.jpg 300w, https:\/\/static-blogs.diariovasco.com\/wp-content\/uploads\/sites\/9\/2019\/12\/Los-faros-LED-del-Seat-Ateca-1-768x512.jpg 768w, https:\/\/static-blogs.diariovasco.com\/wp-content\/uploads\/sites\/9\/2019\/12\/Los-faros-LED-del-Seat-Ateca-1-628x419.jpg 628w, https:\/\/static-blogs.diariovasco.com\/wp-content\/uploads\/sites\/9\/2019\/12\/Los-faros-LED-del-Seat-Ateca-1.jpg 900w\" sizes=\"(max-width: 300px) 100vw, 300px\" \/><\/p>\n<p>Con el\u00a0<a href=\"https:\/\/www.20minutos.es\/noticia\/4034530\/0\/luces-coche-conducir-noche-seat\/\">cambio horario\u00a0<\/a>anochece m\u00e1s temprano y las horas de conducci\u00f3n nocturna se incrementan.<\/p>\n<p>A la hora de ponernos al volante, es muy importante ver con claridad, pero tambi\u00e9n ser vistos. En determinadas situaciones, las luces del coche juegan un papel fundamental,\u00a0hay que saber cu\u00e1ndo ponerlas\u00a0y\u00a0qu\u00e9 luces son m\u00e1s adecuadas\u00a0en funci\u00f3n del momento\u00a0y de las condiciones meteorol\u00f3gicas.<\/p>\n<p>El\u00a030% de los accidentes en Europa se producen de noche, por ello, una correcta iluminaci\u00f3n es determinante para conducir en situaciones de baja visibilidad.<\/p>\n<p>Desde\u00a0SEAT\u00a0explican algunos consejos para utilizar correctamente el sistema de iluminaci\u00f3n del coche.<\/p>\n<p>Sin miedo a las largas:\u00a0las luces largas o de carretera son necesarias cuando necesitamos iluminar un gran espacio delante del coche. Solo hay que usarlas de noche y en carreteras muy poco iluminadas. Siempre que se vislumbre un veh\u00edculo delante o en sentido contrario hay que apagarlas para no deslumbrar y perjudicar la visi\u00f3n del conductor. Muchos conductores no utilizan estas luces por temor a deslumbrar a otro veh\u00edculo. Por eso\u00a0es muy \u00fatil el asistente de luz de carretera que detecta la presencia de veh\u00edculos en ambos sentidos y\u00a0cambia de largas a cortas autom\u00e1ticamente seg\u00fan las circunstancias.<\/p>\n<p><img loading=\"lazy\" class=\"alignnone size-medium wp-image-830\" src=\"https:\/\/static-blogs.diariovasco.com\/wp-content\/uploads\/sites\/9\/2019\/12\/FOTO-NOT-WEB-UTILIZAR-BIEN-LAS-LUCES-300x225.jpg\" alt=\"\" width=\"300\" height=\"225\" srcset=\"https:\/\/static-blogs.diariovasco.com\/wp-content\/uploads\/sites\/9\/2019\/12\/FOTO-NOT-WEB-UTILIZAR-BIEN-LAS-LUCES-300x225.jpg 300w, https:\/\/static-blogs.diariovasco.com\/wp-content\/uploads\/sites\/9\/2019\/12\/FOTO-NOT-WEB-UTILIZAR-BIEN-LAS-LUCES.jpg 450w\" sizes=\"(max-width: 300px) 100vw, 300px\" \/><\/p>\n<p>El uso de las cortas:\u00a0son las luces b\u00e1sicas y su funci\u00f3n es iluminar los metros pr\u00f3ximos al coche.\u00a0Son obligatorias de noche y en situaciones de poca visibilidad\u00a0como t\u00faneles, lluvia o niebla. La\u00a0opci\u00f3n &#8216;Auto&#8217;\u00a0contribuye a una conducci\u00f3n m\u00e1s confortable, ya que activa las luces de cruce de manera autom\u00e1tica.<\/p>\n<p>Luces Led:\u00a0este tipo de iluminaci\u00f3n se parece m\u00e1s a la luz diurna que la que emite una l\u00e1mpara hal\u00f3gena. Con la incorporaci\u00f3n de esta fuente de luz, se ahorra en consumo y ganado en confort, adem\u00e1s de haber\u00a0mejorado en seguridad\u201d.<\/p>\n<p>Luz de cortes\u00eda:\u00a0es la m\u00e1s discreta de todas. Aunque no est\u00e1 prohibida, es recomendable\u00a0no usarla durante mucho tiempo\u00a0para prestar la m\u00e1xima atenci\u00f3n a la carretera.<\/p>\n<!-- AddThis Advanced Settings generic via filter on the_content --><!-- AddThis Share Buttons generic via filter on the_content -->","protected":false},"excerpt":{"rendered":"<p>Con el\u00a0cambio horario\u00a0anochece m\u00e1s temprano y las horas de conducci\u00f3n nocturna se incrementan. A la hora de ponernos al volante, es muy importante ver con claridad, pero tambi\u00e9n ser vistos. En determinadas situaciones, las luces del coche juegan un papel fundamental,\u00a0hay que saber cu\u00e1ndo ponerlas\u00a0y\u00a0qu\u00e9 luces son m\u00e1s adecuadas\u00a0en funci\u00f3n del momento\u00a0y de las condiciones [&hellip;]<!-- AddThis Advanced Settings generic via filter on get_the_excerpt --><!-- AddThis Share Buttons generic via filter on get_the_excerpt --><\/p>\n","protected":false},"author":20,"featured_media":0,"comment_status":"open","ping_status":"closed","sticky":false,"template":"","format":"standard","meta":[],"categories":[1],"tags":[],"_links":{"self":[{"href":"https:\/\/blogs.diariovasco.com\/motor\/wp-json\/wp\/v2\/posts\/829"}],"collection":[{"href":"https:\/\/blogs.diariovasco.com\/motor\/wp-json\/wp\/v2\/posts"}],"about":[{"href":"https:\/\/blogs.diariovasco.com\/motor\/wp-json\/wp\/v2\/types\/post"}],"author":[{"embeddable":true,"href":"https:\/\/blogs.diariovasco.com\/motor\/wp-json\/wp\/v2\/users\/20"}],"replies":[{"embeddable":true,"href":"https:\/\/blogs.diariovasco.com\/motor\/wp-json\/wp\/v2\/comments?post=829"}],"version-history":[{"count":1,"href":"https:\/\/blogs.diariovasco.com\/motor\/wp-json\/wp\/v2\/posts\/829\/revisions"}],"predecessor-version":[{"id":833,"href":"https:\/\/blogs.diariovasco.com\/motor\/wp-json\/wp\/v2\/posts\/829\/revisions\/833"}],"wp:attachment":[{"href":"https:\/\/blogs.diariovasco.com\/motor\/wp-json\/wp\/v2\/media?parent=829"}],"wp:term":[{"taxonomy":"category","embeddable":true,"href":"https:\/\/blogs.diariovasco.com\/motor\/wp-json\/wp\/v2\/categories?post=829"},{"taxonomy":"post_tag","embeddable":true,"href":"https:\/\/blogs.diariovasco.com\/motor\/wp-json\/wp\/v2\/tags?post=829"}],"curies":[{"name":"wp","href":"https:\/\/api.w.org\/{rel}","templated":true}]}}