{"id":838,"date":"2019-12-19T09:29:31","date_gmt":"2019-12-19T08:29:31","guid":{"rendered":"https:\/\/blogs.diariovasco.com\/motor\/?p=838"},"modified":"2019-12-19T09:29:31","modified_gmt":"2019-12-19T08:29:31","slug":"seat-y-redexis-se-alian-para-impulsar-el-gnc","status":"publish","type":"post","link":"https:\/\/blogs.diariovasco.com\/motor\/2019\/12\/19\/seat-y-redexis-se-alian-para-impulsar-el-gnc\/","title":{"rendered":"SEAT y Redexis se al\u00edan para impulsar el GNC"},"content":{"rendered":"<p><img loading=\"lazy\" class=\"alignnone size-medium wp-image-839\" src=\"https:\/\/static-blogs.diariovasco.com\/wp-content\/uploads\/sites\/9\/2019\/12\/FOTO-NOT-WEB-ACUERDO-SEAT-PARA-GASINERAS-300x169.jpg\" alt=\"\" width=\"300\" height=\"169\" srcset=\"https:\/\/static-blogs.diariovasco.com\/wp-content\/uploads\/sites\/9\/2019\/12\/FOTO-NOT-WEB-ACUERDO-SEAT-PARA-GASINERAS-300x169.jpg 300w, https:\/\/static-blogs.diariovasco.com\/wp-content\/uploads\/sites\/9\/2019\/12\/FOTO-NOT-WEB-ACUERDO-SEAT-PARA-GASINERAS-628x353.jpg 628w, https:\/\/static-blogs.diariovasco.com\/wp-content\/uploads\/sites\/9\/2019\/12\/FOTO-NOT-WEB-ACUERDO-SEAT-PARA-GASINERAS.jpg 748w\" sizes=\"(max-width: 300px) 100vw, 300px\" \/><\/p>\n<p>SEAT se ha aliado con Redexis para el desarrollo del Gas Natural Comprimido a nivel de infraestructuras. Redexis mantiene su compromiso de superar las 100 gasineras en menos de dos a\u00f1os.<\/p>\n<p>A lo largo de los \u00faltimos tres a\u00f1os, las\u00a0ventas\u00a0de veh\u00edculos de\u00a0gas natural\u00a0de la gama de\u00a0SEAT en nuestro pa\u00eds se han estado multiplicando por tres, a\u00f1o tras a\u00f1o.<\/p>\n<p>Pero la\u00a0infraestructura\u00a0sigue siendo la asignatura pendiente en el pa\u00eds. Por lo tanto, el\u00a0acuerdo\u00a0que han alcanzado con\u00a0Redexis\u00a0es\u00a0<em>el camino a seguir para la democratizaci\u00f3n del uso de gas natural<\/em>\u00a0para la movilidad en nuestro pa\u00eds. Por el acuerdo alcanzado entre\u00a0SEAT y Redexis, el fabricante de coches espa\u00f1ol, del Grupo Volkswagen, compartir\u00e1 informaci\u00f3n sobre la demanda de este tipo de veh\u00edculos para promover la\u00a0instalaci\u00f3n\u00a0de nuevos\u00a0puntos de carga\u00a0de gas natural de acceso p\u00fablico en zonas que, por estas cifras, se consideren de especial relevancia.<\/p>\n<p>Y de momento, el gas natural ya est\u00e1 contribuyendo a la mejora de la calidad del aire gracias a que, como alternativa a la gasolina y el di\u00e9sel, ofrece unas emisiones m\u00e1s reducidas y contribuye de forma activa a alcanzar los objetivos de sostenibilidad. El presidente de Redexis, Fernando Bergasa, coment\u00f3 que el acuerdo con SEAT permitir\u00e1 seguir apuntando a su objetivo de construir y desarrollar las\u00a0infraestructuras necesarias\u00a0para fomentar, en nuestro pa\u00eds, combustibles alternativos m\u00e1s sostenibles, econ\u00f3micos y respetuosos con el medio ambiente.<\/p>\n<p>Las cifras de Gasnam en Espa\u00f1a, sobre matriculaciones, teniendo en cuenta el potencial de los veh\u00edculos impulsados por gas natural y considerando el ritmo de crecimiento actual, apunta a la posibilidad de que se supere el\u00a0mill\u00f3n de coches a GNC antes de 2030.<\/p>\n<p>&nbsp;<\/p>\n<!-- AddThis Advanced Settings generic via filter on the_content --><!-- AddThis Share Buttons generic via filter on the_content -->","protected":false},"excerpt":{"rendered":"<p>SEAT se ha aliado con Redexis para el desarrollo del Gas Natural Comprimido a nivel de infraestructuras. Redexis mantiene su compromiso de superar las 100 gasineras en menos de dos a\u00f1os. A lo largo de los \u00faltimos tres a\u00f1os, las\u00a0ventas\u00a0de veh\u00edculos de\u00a0gas natural\u00a0de la gama de\u00a0SEAT en nuestro pa\u00eds se han estado multiplicando por tres, [&hellip;]<!-- AddThis Advanced Settings generic via filter on get_the_excerpt --><!-- AddThis Share Buttons generic via filter on get_the_excerpt --><\/p>\n","protected":false},"author":20,"featured_media":0,"comment_status":"open","ping_status":"closed","sticky":false,"template":"","format":"standard","meta":[],"categories":[1],"tags":[],"_links":{"self":[{"href":"https:\/\/blogs.diariovasco.com\/motor\/wp-json\/wp\/v2\/posts\/838"}],"collection":[{"href":"https:\/\/blogs.diariovasco.com\/motor\/wp-json\/wp\/v2\/posts"}],"about":[{"href":"https:\/\/blogs.diariovasco.com\/motor\/wp-json\/wp\/v2\/types\/post"}],"author":[{"embeddable":true,"href":"https:\/\/blogs.diariovasco.com\/motor\/wp-json\/wp\/v2\/users\/20"}],"replies":[{"embeddable":true,"href":"https:\/\/blogs.diariovasco.com\/motor\/wp-json\/wp\/v2\/comments?post=838"}],"version-history":[{"count":1,"href":"https:\/\/blogs.diariovasco.com\/motor\/wp-json\/wp\/v2\/posts\/838\/revisions"}],"predecessor-version":[{"id":840,"href":"https:\/\/blogs.diariovasco.com\/motor\/wp-json\/wp\/v2\/posts\/838\/revisions\/840"}],"wp:attachment":[{"href":"https:\/\/blogs.diariovasco.com\/motor\/wp-json\/wp\/v2\/media?parent=838"}],"wp:term":[{"taxonomy":"category","embeddable":true,"href":"https:\/\/blogs.diariovasco.com\/motor\/wp-json\/wp\/v2\/categories?post=838"},{"taxonomy":"post_tag","embeddable":true,"href":"https:\/\/blogs.diariovasco.com\/motor\/wp-json\/wp\/v2\/tags?post=838"}],"curies":[{"name":"wp","href":"https:\/\/api.w.org\/{rel}","templated":true}]}}