{"id":854,"date":"2020-01-09T11:26:21","date_gmt":"2020-01-09T10:26:21","guid":{"rendered":"https:\/\/blogs.diariovasco.com\/motor\/?p=854"},"modified":"2020-01-09T11:26:21","modified_gmt":"2020-01-09T10:26:21","slug":"por-que-se-devalua-tu-coche","status":"publish","type":"post","link":"https:\/\/blogs.diariovasco.com\/motor\/2020\/01\/09\/por-que-se-devalua-tu-coche\/","title":{"rendered":"\u00bfPor qu\u00e9 se deval\u00faa tu coche?"},"content":{"rendered":"<p><img loading=\"lazy\" class=\"alignnone size-medium wp-image-855\" src=\"https:\/\/static-blogs.diariovasco.com\/wp-content\/uploads\/sites\/9\/2020\/01\/FOTO-NOT-WEB-COMO-SE-DEVALUA-EL-COCHE-300x219.jpg\" alt=\"\" width=\"300\" height=\"219\" srcset=\"https:\/\/static-blogs.diariovasco.com\/wp-content\/uploads\/sites\/9\/2020\/01\/FOTO-NOT-WEB-COMO-SE-DEVALUA-EL-COCHE-300x219.jpg 300w, https:\/\/static-blogs.diariovasco.com\/wp-content\/uploads\/sites\/9\/2020\/01\/FOTO-NOT-WEB-COMO-SE-DEVALUA-EL-COCHE-768x560.jpg 768w, https:\/\/static-blogs.diariovasco.com\/wp-content\/uploads\/sites\/9\/2020\/01\/FOTO-NOT-WEB-COMO-SE-DEVALUA-EL-COCHE-628x458.jpg 628w, https:\/\/static-blogs.diariovasco.com\/wp-content\/uploads\/sites\/9\/2020\/01\/FOTO-NOT-WEB-COMO-SE-DEVALUA-EL-COCHE.jpg 990w\" sizes=\"(max-width: 300px) 100vw, 300px\" \/><\/p>\n<p>Son muchos los\u00a0aspectos econ\u00f3micos\u00a0que se tienen en cuenta a la hora de\u00a0comprar un coche: el precio, el coste del seguro y el mantenimiento, la financiaci\u00f3n\u2026 Pero muy pocos compradores consideran la\u00a0devaluaci\u00f3n del coche\u00a0con vistas a venderlo cuando pasen unos cuantos a\u00f1os y recuperar parte de su inversi\u00f3n.<\/p>\n<p>Aparte de que tu coche\u00a0pierde su valor inicial\u00a0nada m\u00e1s salir del concesionario, hay factores que aceleran esta p\u00e9rdida. Entre ellos:<\/p>\n<p>&#8211; Mala fama: que la marca de tu coche sea conocida por sus aver\u00edas o por la mala calidad de sus materiales har\u00e1 que baje su valor de mercado.<\/p>\n<p>&#8211; Una oferta elevada: como sucede en cualquier mercado, un exceso de oferta o de unidades del modelo de tu coche no contribuye a que su precio de segunda mano se mantenga elevado. Es m\u00e1s, los veh\u00edculos de ediciones limitadas aumentan su valor con el paso del tiempo.<\/p>\n<p>&#8211; Demasiados kil\u00f3metros: el precio de tu coche baja conforme subes los kil\u00f3metros en el cuentakil\u00f3metros, as\u00ed que presta atenci\u00f3n a la hora de revenderlo. Obviamente, un mal mantenimiento de las piezas y la falta de revisiones tambi\u00e9n te har\u00e1n perder dinero.<\/p>\n<p>&#8211; Ojo con el color: los coches que destacan por su carrocer\u00eda y sus colores son muy espectaculares de ver pero muy dif\u00edciles de vender. Elige colores neutros cuando vayas a comprar un veh\u00edculo.<\/p>\n<p>Estos son algunos de los\u00a0factores que inciden sobre el precio de venta\u00a0de un coche usado. Revisa estas caracter\u00edsticas en tu coche, escoge bien cuando vayas a comprar e investiga el mercado antes de vender.<\/p>\n<!-- AddThis Advanced Settings generic via filter on the_content --><!-- AddThis Share Buttons generic via filter on the_content -->","protected":false},"excerpt":{"rendered":"<p>Son muchos los\u00a0aspectos econ\u00f3micos\u00a0que se tienen en cuenta a la hora de\u00a0comprar un coche: el precio, el coste del seguro y el mantenimiento, la financiaci\u00f3n\u2026 Pero muy pocos compradores consideran la\u00a0devaluaci\u00f3n del coche\u00a0con vistas a venderlo cuando pasen unos cuantos a\u00f1os y recuperar parte de su inversi\u00f3n. Aparte de que tu coche\u00a0pierde su valor inicial\u00a0nada [&hellip;]<!-- AddThis Advanced Settings generic via filter on get_the_excerpt --><!-- AddThis Share Buttons generic via filter on get_the_excerpt --><\/p>\n","protected":false},"author":20,"featured_media":0,"comment_status":"open","ping_status":"closed","sticky":false,"template":"","format":"standard","meta":[],"categories":[1],"tags":[],"_links":{"self":[{"href":"https:\/\/blogs.diariovasco.com\/motor\/wp-json\/wp\/v2\/posts\/854"}],"collection":[{"href":"https:\/\/blogs.diariovasco.com\/motor\/wp-json\/wp\/v2\/posts"}],"about":[{"href":"https:\/\/blogs.diariovasco.com\/motor\/wp-json\/wp\/v2\/types\/post"}],"author":[{"embeddable":true,"href":"https:\/\/blogs.diariovasco.com\/motor\/wp-json\/wp\/v2\/users\/20"}],"replies":[{"embeddable":true,"href":"https:\/\/blogs.diariovasco.com\/motor\/wp-json\/wp\/v2\/comments?post=854"}],"version-history":[{"count":1,"href":"https:\/\/blogs.diariovasco.com\/motor\/wp-json\/wp\/v2\/posts\/854\/revisions"}],"predecessor-version":[{"id":856,"href":"https:\/\/blogs.diariovasco.com\/motor\/wp-json\/wp\/v2\/posts\/854\/revisions\/856"}],"wp:attachment":[{"href":"https:\/\/blogs.diariovasco.com\/motor\/wp-json\/wp\/v2\/media?parent=854"}],"wp:term":[{"taxonomy":"category","embeddable":true,"href":"https:\/\/blogs.diariovasco.com\/motor\/wp-json\/wp\/v2\/categories?post=854"},{"taxonomy":"post_tag","embeddable":true,"href":"https:\/\/blogs.diariovasco.com\/motor\/wp-json\/wp\/v2\/tags?post=854"}],"curies":[{"name":"wp","href":"https:\/\/api.w.org\/{rel}","templated":true}]}}