{"id":895,"date":"2020-01-24T08:15:24","date_gmt":"2020-01-24T07:15:24","guid":{"rendered":"https:\/\/blogs.diariovasco.com\/motor\/?p=895"},"modified":"2020-01-24T08:15:24","modified_gmt":"2020-01-24T07:15:24","slug":"suspenso-en-seguridad","status":"publish","type":"post","link":"https:\/\/blogs.diariovasco.com\/motor\/2020\/01\/24\/suspenso-en-seguridad\/","title":{"rendered":"Suspenso en seguridad"},"content":{"rendered":"<p><img loading=\"lazy\" class=\"alignnone size-medium wp-image-896\" src=\"https:\/\/static-blogs.diariovasco.com\/wp-content\/uploads\/sites\/9\/2020\/01\/FOT-BLOG-Suspenso-en-seguridad-300x176.jpg\" alt=\"\" width=\"300\" height=\"176\" srcset=\"https:\/\/static-blogs.diariovasco.com\/wp-content\/uploads\/sites\/9\/2020\/01\/FOT-BLOG-Suspenso-en-seguridad-300x176.jpg 300w, https:\/\/static-blogs.diariovasco.com\/wp-content\/uploads\/sites\/9\/2020\/01\/FOT-BLOG-Suspenso-en-seguridad-768x451.jpg 768w, https:\/\/static-blogs.diariovasco.com\/wp-content\/uploads\/sites\/9\/2020\/01\/FOT-BLOG-Suspenso-en-seguridad-628x369.jpg 628w, https:\/\/static-blogs.diariovasco.com\/wp-content\/uploads\/sites\/9\/2020\/01\/FOT-BLOG-Suspenso-en-seguridad.jpg 980w\" sizes=\"(max-width: 300px) 100vw, 300px\" \/><\/p>\n<p>Los datos de siniestralidad de este pasado 2019 confirman que, poco a poco, las cifras van mejorando y presentan un descenso respecto a los a\u00f1os anteriores. Con\u00a0un total de 1.007 accidentes de tr\u00e1fico con v\u00edctimas mortales,\u00a0los siniestros de este tipo bajan casi un 7% en comparaci\u00f3n con el pasado ejercicio. Seguimos sin usar el cintur\u00f3n.<\/p>\n<p>Seg\u00fan la Direcci\u00f3n General de Tr\u00e1fico, el 20% de las personas que fallecieron el a\u00f1o pasado en accidentes en la carretera no llevaban puesto el cintur\u00f3n de seguridad. La mitad de estas v\u00edctimas\u00a0podr\u00eda haberse salvado si hubieran utilizado la retenci\u00f3n de seguridad reglamentaria en los veh\u00edculos.<\/p>\n<p>Dirigiendo la atenci\u00f3n a los conductores de dos ruedas, ellos tambi\u00e9n suspenden en el uso del casco obligatorio.\u00a0De los 40 ciclistas fallecidos, 16 no llevaba la protecci\u00f3n y de los 264 en motocicleta, 11 no lo usaban. Tambi\u00e9n hay que prestar especial atenci\u00f3n a estos colectivos que, con el paso de los a\u00f1os, se van convirtiendo en conductores cada vez m\u00e1s vulnerables y proclives a sufrir accidentes graves.<\/p>\n<p><img loading=\"lazy\" class=\"alignnone size-medium wp-image-897\" src=\"https:\/\/static-blogs.diariovasco.com\/wp-content\/uploads\/sites\/9\/2020\/01\/FOTO-NOT-WEB-Suspenso-en-seguridad-300x200.jpg\" alt=\"\" width=\"300\" height=\"200\" srcset=\"https:\/\/static-blogs.diariovasco.com\/wp-content\/uploads\/sites\/9\/2020\/01\/FOTO-NOT-WEB-Suspenso-en-seguridad-300x200.jpg 300w, https:\/\/static-blogs.diariovasco.com\/wp-content\/uploads\/sites\/9\/2020\/01\/FOTO-NOT-WEB-Suspenso-en-seguridad-768x511.jpg 768w, https:\/\/static-blogs.diariovasco.com\/wp-content\/uploads\/sites\/9\/2020\/01\/FOTO-NOT-WEB-Suspenso-en-seguridad-628x418.jpg 628w, https:\/\/static-blogs.diariovasco.com\/wp-content\/uploads\/sites\/9\/2020\/01\/FOTO-NOT-WEB-Suspenso-en-seguridad.jpg 937w\" sizes=\"(max-width: 300px) 100vw, 300px\" \/><\/p>\n<p>La causa m\u00e1s habitual de accidente<\/p>\n<p>Una de las causas m\u00e1s habituales\u00a0por las que se ha sufrido un accidente durante el pasado 2019\u00a0ha sido la salida de la v\u00eda. El 39% de las v\u00edctimas en siniestros de tr\u00e1fico han fallecido por esta raz\u00f3n, siendo el factor humano determinante.<\/p>\n<p>Por otro lado, las colisiones frontales y laterales son las siguientes causas de muerte en accidente de tr\u00e1fico.\u00a0Los peatones tambi\u00e9n han sufrido colisiones este a\u00f1o\u00a0y el 11% de los siniestros han tenido un resultado fatal para el viandante. Aun as\u00ed, las cifras se mantienen respecto a las del a\u00f1o anterior.<\/p>\n<!-- AddThis Advanced Settings generic via filter on the_content --><!-- AddThis Share Buttons generic via filter on the_content -->","protected":false},"excerpt":{"rendered":"<p>Los datos de siniestralidad de este pasado 2019 confirman que, poco a poco, las cifras van mejorando y presentan un descenso respecto a los a\u00f1os anteriores. Con\u00a0un total de 1.007 accidentes de tr\u00e1fico con v\u00edctimas mortales,\u00a0los siniestros de este tipo bajan casi un 7% en comparaci\u00f3n con el pasado ejercicio. Seguimos sin usar el cintur\u00f3n. [&hellip;]<!-- AddThis Advanced Settings generic via filter on get_the_excerpt --><!-- AddThis Share Buttons generic via filter on get_the_excerpt --><\/p>\n","protected":false},"author":20,"featured_media":0,"comment_status":"open","ping_status":"closed","sticky":false,"template":"","format":"standard","meta":[],"categories":[1],"tags":[],"_links":{"self":[{"href":"https:\/\/blogs.diariovasco.com\/motor\/wp-json\/wp\/v2\/posts\/895"}],"collection":[{"href":"https:\/\/blogs.diariovasco.com\/motor\/wp-json\/wp\/v2\/posts"}],"about":[{"href":"https:\/\/blogs.diariovasco.com\/motor\/wp-json\/wp\/v2\/types\/post"}],"author":[{"embeddable":true,"href":"https:\/\/blogs.diariovasco.com\/motor\/wp-json\/wp\/v2\/users\/20"}],"replies":[{"embeddable":true,"href":"https:\/\/blogs.diariovasco.com\/motor\/wp-json\/wp\/v2\/comments?post=895"}],"version-history":[{"count":1,"href":"https:\/\/blogs.diariovasco.com\/motor\/wp-json\/wp\/v2\/posts\/895\/revisions"}],"predecessor-version":[{"id":898,"href":"https:\/\/blogs.diariovasco.com\/motor\/wp-json\/wp\/v2\/posts\/895\/revisions\/898"}],"wp:attachment":[{"href":"https:\/\/blogs.diariovasco.com\/motor\/wp-json\/wp\/v2\/media?parent=895"}],"wp:term":[{"taxonomy":"category","embeddable":true,"href":"https:\/\/blogs.diariovasco.com\/motor\/wp-json\/wp\/v2\/categories?post=895"},{"taxonomy":"post_tag","embeddable":true,"href":"https:\/\/blogs.diariovasco.com\/motor\/wp-json\/wp\/v2\/tags?post=895"}],"curies":[{"name":"wp","href":"https:\/\/api.w.org\/{rel}","templated":true}]}}