{"id":93,"date":"2017-02-10T21:26:12","date_gmt":"2017-02-10T20:26:12","guid":{"rendered":"http:\/\/blogs.diariovasco.com\/motor\/?p=93"},"modified":"2017-02-13T08:39:37","modified_gmt":"2017-02-13T07:39:37","slug":"nace-la-fundacion-michelin-espana-portugal","status":"publish","type":"post","link":"https:\/\/blogs.diariovasco.com\/motor\/2017\/02\/10\/nace-la-fundacion-michelin-espana-portugal\/","title":{"rendered":"Nace la Fundaci\u00f3n Michelin Espa\u00f1a Portugal"},"content":{"rendered":"<p>La Fundaci\u00f3n Michelin Espa\u00f1a Portugal (FMEP), ha sido reci\u00e9n creada con el objetivo de continuar el compromiso social de Michelin en temas de movilidad sostenible y seguridad vial, deporte y salud, educaci\u00f3n y solidaridad, ayuda al desarrollo econ\u00f3mico y social, as\u00ed como de protecci\u00f3n del patrimonio medioambiental y cultural. A partir de ahora, la FMEP asumir\u00e1 y ampliar\u00e1 las funciones que la Fundaci\u00f3n Michelin Desarrollo (FMD) ven\u00eda llevando a cabo desde su creaci\u00f3n en 2004. Recordamos que Michelin cuenta con una f\u00e1brica de neum\u00e1ticos para motos en Lasarte-Oria, adem\u00e1s de un gran almac\u00e9n de todo tipo de ruedas en Araia (\u00c1lava).<br \/>\nA la misi\u00f3n que realizaba la desaparecida FMD de creaci\u00f3n de empleo con ayuda t\u00e9cnica y financiera en los territorios donde est\u00e1n implantadas las f\u00e1bricas de Michelin, se ha a\u00f1adido el desarrollo de actividades de responsabilidad social en Espa\u00f1a, Portugal y Andorra, en especial, en las comunidades y poblaciones donde Michelin est\u00e1 presente.<br \/>\nAs\u00ed, pues, la FMEP, que parte con un presupuesto de 750.000 euros para 2017, realizar\u00e1 acciones destinadas a promover y desarrollar la educaci\u00f3n, la investigaci\u00f3n, la salud o el deporte, adem\u00e1s de atender situaciones necesitadas de atenci\u00f3n prioritaria, mejorar la seguridad vial, la movilidad sostenible, y proteger el medio ambiente y el patrimonio hist\u00f3rico y cultural.<br \/>\nDe este modo, la Fundaci\u00f3n Michelin Espa\u00f1a Portugal ser\u00e1 un instrumento m\u00e1s para desarrollar los valores y el compromiso social del grupo Michelin, expresados en la declaraci\u00f3n PRM, Resultado y Responsabilidad Michelin, en beneficio de la sociedad, tal y como se viene realizando en los diferentes centros de Michelin en Espa\u00f1a desde su origen.<\/p>\n<!-- AddThis Advanced Settings generic via filter on the_content --><!-- AddThis Share Buttons generic via filter on the_content -->","protected":false},"excerpt":{"rendered":"<p>La Fundaci\u00f3n Michelin Espa\u00f1a Portugal (FMEP), ha sido reci\u00e9n creada con el objetivo de continuar el compromiso social de Michelin en temas de movilidad sostenible y seguridad vial, deporte y salud, educaci\u00f3n y solidaridad, ayuda al desarrollo econ\u00f3mico y social, as\u00ed como de protecci\u00f3n del patrimonio medioambiental y cultural. A partir de ahora, la FMEP [&hellip;]<!-- AddThis Advanced Settings generic via filter on get_the_excerpt --><!-- AddThis Share Buttons generic via filter on get_the_excerpt --><\/p>\n","protected":false},"author":20,"featured_media":0,"comment_status":"open","ping_status":"closed","sticky":false,"template":"","format":"standard","meta":[],"categories":[3],"tags":[],"_links":{"self":[{"href":"https:\/\/blogs.diariovasco.com\/motor\/wp-json\/wp\/v2\/posts\/93"}],"collection":[{"href":"https:\/\/blogs.diariovasco.com\/motor\/wp-json\/wp\/v2\/posts"}],"about":[{"href":"https:\/\/blogs.diariovasco.com\/motor\/wp-json\/wp\/v2\/types\/post"}],"author":[{"embeddable":true,"href":"https:\/\/blogs.diariovasco.com\/motor\/wp-json\/wp\/v2\/users\/20"}],"replies":[{"embeddable":true,"href":"https:\/\/blogs.diariovasco.com\/motor\/wp-json\/wp\/v2\/comments?post=93"}],"version-history":[{"count":1,"href":"https:\/\/blogs.diariovasco.com\/motor\/wp-json\/wp\/v2\/posts\/93\/revisions"}],"predecessor-version":[{"id":134,"href":"https:\/\/blogs.diariovasco.com\/motor\/wp-json\/wp\/v2\/posts\/93\/revisions\/134"}],"wp:attachment":[{"href":"https:\/\/blogs.diariovasco.com\/motor\/wp-json\/wp\/v2\/media?parent=93"}],"wp:term":[{"taxonomy":"category","embeddable":true,"href":"https:\/\/blogs.diariovasco.com\/motor\/wp-json\/wp\/v2\/categories?post=93"},{"taxonomy":"post_tag","embeddable":true,"href":"https:\/\/blogs.diariovasco.com\/motor\/wp-json\/wp\/v2\/tags?post=93"}],"curies":[{"name":"wp","href":"https:\/\/api.w.org\/{rel}","templated":true}]}}