{"id":11,"date":"2012-06-17T18:41:56","date_gmt":"2012-06-17T17:41:56","guid":{"rendered":"http:\/\/blogs.diariovasco.com\/musica-medicina\/?p=11"},"modified":"2012-06-17T18:41:56","modified_gmt":"2012-06-17T17:41:56","slug":"viaje-a-taipei-taiwan-31-al-12-junio-2012-capitulo-i","status":"publish","type":"post","link":"https:\/\/blogs.diariovasco.com\/musica-medicina\/2012\/06\/17\/viaje-a-taipei-taiwan-31-al-12-junio-2012-capitulo-i\/","title":{"rendered":"VIAJE A TAIPEI \u2013 TAIWAN (31 AL 12 JUNIO 2012) cap\u00edtulo I"},"content":{"rendered":"<p>Son las 7:30 AM del s\u00e1bado 2 de junio de 20212 en Taipei. Tumbado en la cama sin poder dormir m\u00e1s, aunque no ha estado mal, 6 horitas. Maru profundamente dormida. A las 8 nos levantaremos pues a las 9 tengo el taller con \u201cla m\u00fasica para ni\u00f1os\u201d. A las 10 el taller de coros femeninos las mujeres. Participan profesores de m\u00fasica y hablar\u00e9 sobre la m\u00fasica vasca, ra\u00edces, etc. prepararemos unas canciones sencillitas, IZAR EDERRA, BARDA GINEN, CANTIGA 100 y con las mujeres ZAI ITXOITEN, AMODIOA y RESPONSORIO DE NAVIDAD.<br \/>\nAntes os comento las vivencias del viaje entre el 31 de mayo y el 1 de junio. <\/p>\n<p>D\u00edas 31 mayo y 1 de junio de 2012 <\/p>\n<p>El viaje, dentro de lo que cabe, bien. Salimos con retraso desde Bilbao a las 15:00h (media hora tarde). Llegamos a Frankfurt y POR LOS PELOS cogimos el enlace. Vuelo apacible hasta Hong Kong. Como era de esperar nuestra maleta, en la que llevamos partituras, cd&#8217;s, etc. NO LLEGA, no les di\u00f3 tiempo en Frankfurt. Esperemos que llegue hoy, pues en Hong Kong ya ten\u00edan la notificaci\u00f3n del retraso (lleg\u00f3 un d\u00eda despu\u00e9s el 2 de junio).<br \/>\nPasamos la frontera, burocracia en inmigraci\u00f3n, papeles a rellenar y&#8230;NO LLEGAMOS AL VUELO, previsto para las 12:30 hora local, por los \u201ctr\u00e1mites maleteros\u201d. Gente amabil\u00edsima, nos arreglan el vuelo una hora m\u00e1s tarde y nos acompa\u00f1an hasta la puerta de embarque. Te relajan.  A las 13:20h embarcamos hacia Taiwan, llegando a la capital,  Taipei, a las 15:00h. Nos reciben el director, Nieh y una soprano del coro joven. Nos llevan al hotel LI YUAN, sencillo pero muy cuidado y con una gente encantadora en la recepci\u00f3n. Se encuentra situado cerca de la sala de ensayo en la que trabajaremos (5 minutos caminando). Cenita taiwanesa, con t\u00e9 y agua como \u00daNICA bebida (un solo d\u00eda tomamos una cerveza), verduras, arroz, buey y pollo exquisitos, esp\u00e1rragos rebozados&#8230;y al ensayo. Local algo desordenado en la antesala, con cristalera para grabaciones. Sala peque\u00f1a pero muy acogedora y excelente ac\u00fastica. Coro de hombres, con edades comprendidas entre 18 y 27 a\u00f1os. Primer acorde y\u2026los pelos de punta.<br \/>\nEs un coro con el que competimos en Tours 2007, quedando ellos primeros y KCK segundos\u2026merecidamente.<br \/>\nCantan con una naturalidad pasmosa, con afinaci\u00f3n impecable, sentido r\u00edtmico incre\u00edble, gran capacidad de asimilaci\u00f3n&#8230;FANT\u00c1STICO!!!!!!!<br \/>\nSe lo pasaron muy bien, se rieron mucho y fue el primer taller que he hecho completo en &#8220;\u00bfingl\u00e9s?\u201d&#8230;con chistes incluidos&#8230;aplaud\u00edan a rabiar&#8230;Maruchi muy feliz&#8230;y yo&#8230;<br \/>\nAl hotel y a dormir&#8230;deshechos&#8230;<\/p>\n<!-- AddThis Advanced Settings generic via filter on the_content --><!-- AddThis Share Buttons generic via filter on the_content -->","protected":false},"excerpt":{"rendered":"<p>Son las 7:30 AM del s\u00e1bado 2 de junio de 20212 en Taipei. Tumbado en la cama sin poder dormir m\u00e1s, aunque no ha estado mal, 6 horitas. Maru profundamente dormida. A las 8 nos levantaremos pues a las 9 tengo el taller con \u201cla m\u00fasica para ni\u00f1os\u201d. A las 10 el taller de coros [&hellip;]<!-- AddThis Advanced Settings generic via filter on get_the_excerpt --><!-- AddThis Share Buttons generic via filter on get_the_excerpt --><\/p>\n","protected":false},"author":51,"featured_media":0,"comment_status":"open","ping_status":"closed","sticky":false,"template":"","format":"standard","meta":[],"categories":[2],"tags":[],"_links":{"self":[{"href":"https:\/\/blogs.diariovasco.com\/musica-medicina\/wp-json\/wp\/v2\/posts\/11"}],"collection":[{"href":"https:\/\/blogs.diariovasco.com\/musica-medicina\/wp-json\/wp\/v2\/posts"}],"about":[{"href":"https:\/\/blogs.diariovasco.com\/musica-medicina\/wp-json\/wp\/v2\/types\/post"}],"author":[{"embeddable":true,"href":"https:\/\/blogs.diariovasco.com\/musica-medicina\/wp-json\/wp\/v2\/users\/51"}],"replies":[{"embeddable":true,"href":"https:\/\/blogs.diariovasco.com\/musica-medicina\/wp-json\/wp\/v2\/comments?post=11"}],"version-history":[{"count":0,"href":"https:\/\/blogs.diariovasco.com\/musica-medicina\/wp-json\/wp\/v2\/posts\/11\/revisions"}],"wp:attachment":[{"href":"https:\/\/blogs.diariovasco.com\/musica-medicina\/wp-json\/wp\/v2\/media?parent=11"}],"wp:term":[{"taxonomy":"category","embeddable":true,"href":"https:\/\/blogs.diariovasco.com\/musica-medicina\/wp-json\/wp\/v2\/categories?post=11"},{"taxonomy":"post_tag","embeddable":true,"href":"https:\/\/blogs.diariovasco.com\/musica-medicina\/wp-json\/wp\/v2\/tags?post=11"}],"curies":[{"name":"wp","href":"https:\/\/api.w.org\/{rel}","templated":true}]}}