{"id":607,"date":"2015-11-02T23:05:01","date_gmt":"2015-11-02T22:05:01","guid":{"rendered":"http:\/\/blogs.diariovasco.com\/pajaritoingles\/?p=607"},"modified":"2015-11-02T23:05:01","modified_gmt":"2015-11-02T22:05:01","slug":"no-lo-habia-visto-desde-1968-y-es-muy-valioso-para-mi","status":"publish","type":"post","link":"https:\/\/blogs.diariovasco.com\/pajaritoingles\/2015\/11\/02\/no-lo-habia-visto-desde-1968-y-es-muy-valioso-para-mi\/","title":{"rendered":"&#8220;No lo hab\u00eda visto desde 1968 y es muy valioso para m\u00ed&#8221;"},"content":{"rendered":"<p>Hace unas horas, un v\u00eddeo ha llegado a mis manos. Bueno, mejor dicho, ha llegado a mis redes sociales gracias a Juan Carlos Hern\u00e1ndez. Se trata del salto que le vali\u00f3 al guipuzcoano <strong>Pipe Areta<\/strong> para subirse al tercer caj\u00f3n del podio del Europeo de 1968, batiendo con <strong>16,47 metros<\/strong> el r\u00e9cord de Espa\u00f1a. No quiero extenderme explicando qui\u00e9n era Pipe Areta, pues los aficionados al atletismo lo sab\u00e9is m\u00e1s que de sobra (y si quer\u00e9is saber m\u00e1s, lo pod\u00e9is hacer leyendo este <a title=\"Operaci\u00f3n Canguro\" href=\"http:\/\/blogs.diariovasco.com\/airelibre\/tag\/pipe-areta\/\">post del propio Juan Carlos Hern\u00e1ndez en su blog &#8216;Al aire libre&#8217;<\/a>\u00a0o <a title=\"1 metro en medio siglo: de Luis Felipe Areta a Pablo Torrijos\" href=\"http:\/\/www.rfea.es\/web\/noticias\/desarrollo.asp?codigo=7855#.VjfTzbcvdD9\" rel=\"external nofollow\">este art\u00edculo de Jos\u00e9 Luis Hern\u00e1ndez que est\u00e1 disponible en la web de la RFEA<\/a>).<\/p>\n<p>Aqu\u00ed os dejo el v\u00eddeo del salto y os invito a leer qu\u00e9 es lo que ha pasado despu\u00e9s. El propio Luis Felipe Areta lo ha comentado&#8230;<\/p>\n<p>&nbsp;<\/p>\n<p><iframe loading=\"lazy\" src=\"https:\/\/www.youtube.com\/embed\/v60zwY4uv6k\" frameborder=\"0\" width=\"420\" height=\"315\"><\/iframe><\/p>\n<p>&nbsp;<\/p>\n<p><strong>&#8220;No lo hab\u00eda visto desde 1968 y es un documento muy valioso para m\u00ed. Eres un t\u00edo grande. Me hace much\u00edsima ilusi\u00f3n&#8221;<\/strong>. Esas son las palabras que el propio Areta\u00a0me ha escrito hoy instantes despu\u00e9s de que compartiera el v\u00eddeo con \u00e9l a trav\u00e9s de un mensaje. Su mejor salto (a\u00fan r\u00e9cord vasco indoor con la misma marca que Ram\u00f3n Cid) y lo ha visto casi medio siglo despu\u00e9s. Son palabras que me atrevo a reproducir en este post porque incluso a m\u00ed me han llegado. Y lo han hecho porque Areta fue de las personas que me lleg\u00f3 cuando le conoc\u00ed.<\/p>\n<p>Me hab\u00edan hablado de \u00e9l. Mucho. Y el a\u00f1o pasado, cuando me di cuenta de que faltaban unos d\u00edas para que se cumpliera medio siglo despu\u00e9s de su <a title=\"En la tabla de abajo, resultados de la final de longitud de Tokio 1964\" href=\"https:\/\/en.wikipedia.org\/wiki\/Athletics_at_the_1964_Summer_Olympics_%E2%80%93_Men%27s_long_jump\" rel=\"external nofollow\">diploma ol\u00edmpico en los Juegos Ol\u00edmpicos de Tokio<\/a>, decid\u00ed informarme m\u00e1s, hasta acabar llam\u00e1ndole, lo que ya hab\u00eda hecho unos meses atr\u00e1s para preguntarle por otro tema, tambi\u00e9n relacionado con el atletismo, aunque no sobre \u00e9l en concreto.<\/p>\n<p>Me atendi\u00f3 gustosamente y me cont\u00f3 an\u00e9cdotas que merecen la pena: sus inicios, su paso por el baloncesto, los tres Juegos Ol\u00edmpicos, su vida m\u00e1s all\u00e1 del deporte&#8230; Disfrut\u00e9 como un enano de aquel reportaje (quiz\u00e1s sea del que m\u00e1s orgulloso me siento hasta la fecha) que el 18 de octubre del pasado a\u00f1o, justo el d\u00eda que se cumpl\u00edan 50 a\u00f1os de su haza\u00f1a ol\u00edmpica bajo un diluvio, firm\u00e9 en la edici\u00f3n impresa de El Diario Vasco y que comparto en este mismo post.<\/p>\n<p>&nbsp;<\/p>\n<div id=\"attachment_608\" style=\"width: 829px\" class=\"wp-caption aligncenter\"><a href=\"\/pajaritoingles\/wp-content\/uploads\/sites\/33\/2015\/11\/ARETA-DV.jpg\"><img aria-describedby=\"caption-attachment-608\" loading=\"lazy\" class=\"size-large wp-image-608\" title=\"Areta DV 2014\" src=\"\/pajaritoingles\/wp-content\/uploads\/sites\/33\/2015\/11\/ARETA-DV.jpg\" alt=\"\" width=\"819\" height=\"1024\" srcset=\"https:\/\/static-blogs.diariovasco.com\/wp-content\/uploads\/sites\/33\/2015\/11\/ARETA-DV.jpg 1717w, https:\/\/static-blogs.diariovasco.com\/wp-content\/uploads\/sites\/33\/2015\/11\/ARETA-DV-240x300.jpg 240w, https:\/\/static-blogs.diariovasco.com\/wp-content\/uploads\/sites\/33\/2015\/11\/ARETA-DV-768x960.jpg 768w, https:\/\/static-blogs.diariovasco.com\/wp-content\/uploads\/sites\/33\/2015\/11\/ARETA-DV-819x1024.jpg 819w\" sizes=\"(max-width: 819px) 100vw, 819px\" \/><\/a><p id=\"caption-attachment-608\" class=\"wp-caption-text\">Art\u00edculo publicado en El Diario Vasco (18 de octubre del pasado a\u00f1o).<\/p><\/div>\n<p>&nbsp;<\/p>\n<p>Despu\u00e9s, el atletismo guipuzcoano decidi\u00f3 premiarle por su trayectoria y tuve el honor (no se puede calificar de otro modo) de entregarle el premio. Meses m\u00e1s tarde, la <a href=\"http:\/\/www.rfea.es\/\" rel=\"external nofollow\">Real Federaci\u00f3n Espa\u00f1ola de Atletismo<\/a>\u00a0le invit\u00f3 a una gala a la que, por supuesto, acudi\u00f3. Y tuvo el detalle de contarme lo bien que se lo pas\u00f3 con viejos amigos. Quiz\u00e1s tambi\u00e9n le sirvi\u00f3 para recordar que \u00e9l lleg\u00f3 a ser el tercer mejor triplista de Europa, aunque hasta hace unas horas se pas\u00f3 m\u00e1s de cuarenta a\u00f1os sin ver su mejor intento.<\/p>\n<p>Algo as\u00ed merec\u00eda volver a abrir las puertas de este blog; un blog que se abri\u00f3, precisamente, por la ilusi\u00f3n por hablar de atletismo. Y el atletismo es emoci\u00f3n; sentimientos como los que despierta el v\u00eddeo del mejor salto de uno de los grandes atletas del pasado siglo.<\/p>\n<p>&nbsp;<\/p>\n<p><a href=\"\/pajaritoingles\/wp-content\/uploads\/sites\/33\/2015\/11\/PipeAreta_Anoeta_zps35c253e9.jpg\"><img loading=\"lazy\" class=\"aligncenter size-full wp-image-610\" title=\"Pipe Areta en Anoeta. Foto del blog 'Al aire libre'\" src=\"\/pajaritoingles\/wp-content\/uploads\/sites\/33\/2015\/11\/PipeAreta_Anoeta_zps35c253e9.jpg\" alt=\"\" width=\"487\" height=\"660\" srcset=\"https:\/\/static-blogs.diariovasco.com\/wp-content\/uploads\/sites\/33\/2015\/11\/PipeAreta_Anoeta_zps35c253e9.jpg 487w, https:\/\/static-blogs.diariovasco.com\/wp-content\/uploads\/sites\/33\/2015\/11\/PipeAreta_Anoeta_zps35c253e9-221x300.jpg 221w\" sizes=\"(max-width: 487px) 100vw, 487px\" \/><\/a><\/p>\n<p>&nbsp;<\/p>\n<p><a href=\"\/pajaritoingles\/wp-content\/uploads\/sites\/33\/2015\/11\/Pipe-Areta_AE1968_zps90554e2d.jpg\"><img loading=\"lazy\" class=\"aligncenter size-full wp-image-611\" title=\"Pipe Areta, portada de la revista 'Atletismo Espa\u00f1ol'\" src=\"\/pajaritoingles\/wp-content\/uploads\/sites\/33\/2015\/11\/Pipe-Areta_AE1968_zps90554e2d.jpg\" alt=\"\" width=\"402\" height=\"512\" srcset=\"https:\/\/static-blogs.diariovasco.com\/wp-content\/uploads\/sites\/33\/2015\/11\/Pipe-Areta_AE1968_zps90554e2d.jpg 402w, https:\/\/static-blogs.diariovasco.com\/wp-content\/uploads\/sites\/33\/2015\/11\/Pipe-Areta_AE1968_zps90554e2d-236x300.jpg 236w\" sizes=\"(max-width: 402px) 100vw, 402px\" \/><\/a><\/p>\n<!-- AddThis Advanced Settings generic via filter on the_content --><!-- AddThis Share Buttons generic via filter on the_content -->","protected":false},"excerpt":{"rendered":"<p>Hace unas horas, un v\u00eddeo ha llegado a mis manos. Bueno, mejor dicho, ha llegado a mis redes sociales gracias a Juan Carlos Hern\u00e1ndez. Se trata del salto que le vali\u00f3 al guipuzcoano Pipe Areta para subirse al tercer caj\u00f3n del podio del Europeo de 1968, batiendo con 16,47 metros el r\u00e9cord de Espa\u00f1a. No [&hellip;]<!-- AddThis Advanced Settings generic via filter on get_the_excerpt --><!-- AddThis Share Buttons generic via filter on get_the_excerpt --><\/p>\n","protected":false},"author":55,"featured_media":0,"comment_status":"open","ping_status":"closed","sticky":false,"template":"","format":"standard","meta":[],"categories":[2,4,5],"tags":[11,16,25,29,44,46,54,73,107,131],"_links":{"self":[{"href":"https:\/\/blogs.diariovasco.com\/pajaritoingles\/wp-json\/wp\/v2\/posts\/607"}],"collection":[{"href":"https:\/\/blogs.diariovasco.com\/pajaritoingles\/wp-json\/wp\/v2\/posts"}],"about":[{"href":"https:\/\/blogs.diariovasco.com\/pajaritoingles\/wp-json\/wp\/v2\/types\/post"}],"author":[{"embeddable":true,"href":"https:\/\/blogs.diariovasco.com\/pajaritoingles\/wp-json\/wp\/v2\/users\/55"}],"replies":[{"embeddable":true,"href":"https:\/\/blogs.diariovasco.com\/pajaritoingles\/wp-json\/wp\/v2\/comments?post=607"}],"version-history":[{"count":0,"href":"https:\/\/blogs.diariovasco.com\/pajaritoingles\/wp-json\/wp\/v2\/posts\/607\/revisions"}],"wp:attachment":[{"href":"https:\/\/blogs.diariovasco.com\/pajaritoingles\/wp-json\/wp\/v2\/media?parent=607"}],"wp:term":[{"taxonomy":"category","embeddable":true,"href":"https:\/\/blogs.diariovasco.com\/pajaritoingles\/wp-json\/wp\/v2\/categories?post=607"},{"taxonomy":"post_tag","embeddable":true,"href":"https:\/\/blogs.diariovasco.com\/pajaritoingles\/wp-json\/wp\/v2\/tags?post=607"}],"curies":[{"name":"wp","href":"https:\/\/api.w.org\/{rel}","templated":true}]}}