{"id":51,"date":"2014-06-13T07:34:52","date_gmt":"2014-06-13T05:34:52","guid":{"rendered":"http:\/\/blogs.diariovasco.com\/rincones-euskadi\/?p=51"},"modified":"2014-06-13T07:34:52","modified_gmt":"2014-06-13T05:34:52","slug":"punta-lucero-la-defensa-de-franco-para-una-invasion-que-nunca-llego","status":"publish","type":"post","link":"https:\/\/blogs.diariovasco.com\/rincones-euskadi\/2014\/06\/13\/punta-lucero-la-defensa-de-franco-para-una-invasion-que-nunca-llego\/","title":{"rendered":"Punta Lucero, la defensa de Franco para una invasi\u00f3n que nunca lleg\u00f3"},"content":{"rendered":"<p>Miedo. Eso fue lo que debi\u00f3 de sentir\u00a0 <strong>Franco<\/strong> cuando en 1945 sus aliados <strong>Hitler<\/strong> y <strong>Mussolini<\/strong> ca\u00edan bajo el fuego de los Aliados. De este modo, Franco se quedaba totalmente solo, aislado del mundo democr\u00e1tico, imponiendo una dictadura en un pa\u00eds que ansiaba libertad. Ese miedo a una posible invasi\u00f3n hizo que se desarrollaran una serie de planes para proteger las costas de Espa\u00f1a y de <strong>Bizkaia<\/strong>. Desde el d\u00eda en que la Europa ocupada cay\u00f3, <strong>Franco<\/strong> espero su particular <strong>D\u00eda \u201cD\u201d<\/strong>, un d\u00eda que, para desesperaci\u00f3n de los republicanos, nunca acab\u00f3 de llegar.<\/p>\n<div id=\"attachment_54\" style=\"width: 1034px\" class=\"wp-caption aligncenter\"><a href=\"\/rincones-euskadi\/wp-content\/uploads\/sites\/69\/2014\/06\/IMG_5733.jpg\"><img aria-describedby=\"caption-attachment-54\" loading=\"lazy\" class=\"size-large wp-image-54\" title=\"IMG_5733\" src=\"\/rincones-euskadi\/wp-content\/uploads\/sites\/69\/2014\/06\/IMG_5733.jpg\" alt=\"\" width=\"1024\" height=\"682\" srcset=\"https:\/\/static-blogs.diariovasco.com\/wp-content\/uploads\/sites\/69\/2014\/06\/IMG_5733.jpg 4000w, https:\/\/static-blogs.diariovasco.com\/wp-content\/uploads\/sites\/69\/2014\/06\/IMG_5733-300x200.jpg 300w, https:\/\/static-blogs.diariovasco.com\/wp-content\/uploads\/sites\/69\/2014\/06\/IMG_5733-768x512.jpg 768w, https:\/\/static-blogs.diariovasco.com\/wp-content\/uploads\/sites\/69\/2014\/06\/IMG_5733-1024x683.jpg 1024w\" sizes=\"(max-width: 1024px) 100vw, 1024px\" \/><\/a><p id=\"caption-attachment-54\" class=\"wp-caption-text\">Vista de las bater\u00edas de Punta Lucero<\/p><\/div>\n<p><span style=\"text-decoration: underline;\"><strong>Una cima con tradici\u00f3n militar<\/strong><\/span><\/p>\n<p>Punta Lucero es un peque\u00f1o monte en tierras de <strong>Zierbana<\/strong> que puede considerarse balc\u00f3n y puerta de entrada de la <strong>R\u00eda Nervi\u00f3n<\/strong>. Desde el siglo XVI se remarc\u00f3 el valor estrat\u00e9gico de la zona, creando unas primitivas construcciones defensivas, seguramente alguna torre de vigilancia. M\u00e1s tarde fueron los carlistas cuando en 1876 construyen ciertas trincheras en la zona. Pero sin duda fue en los albores de la <strong>Guerra Civil<\/strong> cuando gan\u00f3 importancia. Varias de las trincheras carlistas fueron readaptadas en la creaci\u00f3n del \u201c<strong>Cintur\u00f3n de Hierro<\/strong>\u201d que envolv\u00eda <strong>Bilbao<\/strong>. Para ello se instalaron 6 obuses modelo 1891 que incluso llegaron a repeler al crucero Canarias que se hab\u00eda adentrado demasiado en la boca del Abra.<\/p>\n<div id=\"attachment_52\" style=\"width: 1034px\" class=\"wp-caption aligncenter\"><a href=\"\/rincones-euskadi\/wp-content\/uploads\/sites\/69\/2014\/06\/IMG_5659.jpg\"><img aria-describedby=\"caption-attachment-52\" loading=\"lazy\" class=\"size-large wp-image-52\" title=\"IMG_5659\" src=\"\/rincones-euskadi\/wp-content\/uploads\/sites\/69\/2014\/06\/IMG_5659.jpg\" alt=\"\" width=\"1024\" height=\"713\" srcset=\"https:\/\/static-blogs.diariovasco.com\/wp-content\/uploads\/sites\/69\/2014\/06\/IMG_5659.jpg 4000w, https:\/\/static-blogs.diariovasco.com\/wp-content\/uploads\/sites\/69\/2014\/06\/IMG_5659-300x209.jpg 300w, https:\/\/static-blogs.diariovasco.com\/wp-content\/uploads\/sites\/69\/2014\/06\/IMG_5659-768x535.jpg 768w, https:\/\/static-blogs.diariovasco.com\/wp-content\/uploads\/sites\/69\/2014\/06\/IMG_5659-1024x714.jpg 1024w\" sizes=\"(max-width: 1024px) 100vw, 1024px\" \/><\/a><p id=\"caption-attachment-52\" class=\"wp-caption-text\">Interior de uno de los bunkers<\/p><\/div>\n<p><span style=\"text-decoration: underline;\"><strong>Miedo a la invasi\u00f3n<\/strong><\/span><\/p>\n<p>Tras la conquista de <strong>Bizkaia<\/strong> por el bando Franquista, se decidi\u00f3 recuperar la zona que hab\u00eda sufrido grandes da\u00f1os. Para ello, se lleg\u00f3 a instalar una l\u00ednea de <strong>4 ca\u00f1ones, b\u00fankers y puntos de ametralladora<\/strong>. De todo esto \u00fanicamente han sobrevivido los ca\u00f1ones. Aun as\u00ed la zona se conserva en unas relativas \u201cbuenas condiciones\u201d, ya que otros enclaves defensivos, como pueden ser los de Berango, Galdakao o Sopelana, apenas quedan nada.\u00a0El lugar elegido para ello fue <span style=\"text-decoration: underline;\"><strong>Punta Lucero<\/strong><\/span>. Tiempo atr\u00e1s ven\u00eda registr\u00e1ndose edificaciones militar y fortines en la zona tanto en <strong>Santurtzi<\/strong> como en <strong>Algorta<\/strong>. De este modo el avistamiento de posibles barcos quedaba totalmente asegurado.<\/p>\n<div id=\"attachment_53\" style=\"width: 1034px\" class=\"wp-caption aligncenter\"><a href=\"\/rincones-euskadi\/wp-content\/uploads\/sites\/69\/2014\/06\/IMG_5710.jpg\"><img aria-describedby=\"caption-attachment-53\" loading=\"lazy\" class=\"size-large wp-image-53\" title=\"IMG_5710\" src=\"\/rincones-euskadi\/wp-content\/uploads\/sites\/69\/2014\/06\/IMG_5710.jpg\" alt=\"Pasillos y t\u00faneles del interior del recinto\" width=\"1024\" height=\"682\" srcset=\"https:\/\/static-blogs.diariovasco.com\/wp-content\/uploads\/sites\/69\/2014\/06\/IMG_5710.jpg 4000w, https:\/\/static-blogs.diariovasco.com\/wp-content\/uploads\/sites\/69\/2014\/06\/IMG_5710-300x200.jpg 300w, https:\/\/static-blogs.diariovasco.com\/wp-content\/uploads\/sites\/69\/2014\/06\/IMG_5710-768x512.jpg 768w, https:\/\/static-blogs.diariovasco.com\/wp-content\/uploads\/sites\/69\/2014\/06\/IMG_5710-1024x683.jpg 1024w\" sizes=\"(max-width: 1024px) 100vw, 1024px\" \/><\/a><p id=\"caption-attachment-53\" class=\"wp-caption-text\">Pasillos y t\u00faneles del interior del recinto<\/p><\/div>\n<p><span style=\"text-decoration: underline;\"><strong>El D\u00eda &#8220;D&#8221; que nunca lleg\u00f3<\/strong><\/span><\/p>\n<p>Esta misma semana se ha cumplido el 70 aniversario del <strong>D\u00eda \u201cD\u201d<\/strong>, d\u00eda en que las tropas americanas, inglesas y canadienses desembarcaban en Normand\u00eda para liberar Europa de las tropas nazis y, viendo las im\u00e1genes de los cruceros, aviaci\u00f3n y dem\u00e1s, no s\u00e9 qu\u00e9 pensaba hacer Franco con la pobre defensa que estableci\u00f3, algo anticuada para las nuevas t\u00e1cticas ofensivas que se desarrollaron y evolucionaron en la <strong>II Guerra Mundial.<\/strong><\/p>\n<p>La defensa de <span style=\"text-decoration: underline;\"><strong>Punta Lucero<\/strong><\/span> formaba parte de la conocida \u201c<strong>L\u00ednea P\u201d<\/strong>, una serie de recintos defensivos que se extender\u00edan por todo el Pirineo. De los cerca de 9.000 bastiones que se intentaron construir, apenas se edificaron 4.000 y muchos de ellos fueron pr\u00e9stamos de las defensas republicanas muy obsoletas tras la S<strong>egunda Guerra Mundial.<\/strong><\/p>\n<div id=\"attachment_56\" style=\"width: 1034px\" class=\"wp-caption aligncenter\"><a href=\"\/rincones-euskadi\/wp-content\/uploads\/sites\/69\/2014\/06\/IMG_5728.jpg\"><img aria-describedby=\"caption-attachment-56\" loading=\"lazy\" class=\"size-large wp-image-56\" title=\"IMG_5728\" src=\"\/rincones-euskadi\/wp-content\/uploads\/sites\/69\/2014\/06\/IMG_5728.jpg\" alt=\"\" width=\"1024\" height=\"682\" srcset=\"https:\/\/static-blogs.diariovasco.com\/wp-content\/uploads\/sites\/69\/2014\/06\/IMG_5728.jpg 4000w, https:\/\/static-blogs.diariovasco.com\/wp-content\/uploads\/sites\/69\/2014\/06\/IMG_5728-300x200.jpg 300w, https:\/\/static-blogs.diariovasco.com\/wp-content\/uploads\/sites\/69\/2014\/06\/IMG_5728-768x512.jpg 768w, https:\/\/static-blogs.diariovasco.com\/wp-content\/uploads\/sites\/69\/2014\/06\/IMG_5728-1024x683.jpg 1024w\" sizes=\"(max-width: 1024px) 100vw, 1024px\" \/><\/a><p id=\"caption-attachment-56\" class=\"wp-caption-text\">Detalle del interior de uno de los ca\u00f1ones<\/p><\/div>\n<p>El recinto, que est\u00e1 formado por una serie de <strong>trincheras<\/strong> y <strong>pasadizos<\/strong> subterr\u00e1neos que comunican con el exterior, tambi\u00e9n incluye las antiguas estancias de los soldados. La luz apenas llega a entrar por los respiraderos y escaleras y la sensaci\u00f3n que uno percibe es de una cierta calma tensa. Aun as\u00ed, ning\u00fan fantasma aparece por la zona. Aunque da la sensaci\u00f3n de que los muros tienen ganas de contarnos las vivencias de un pasado reciente, ya que la zona estuvo ocupada hasta su abandono en 1982. Detr\u00e1s de las bater\u00edas, se encuentra lo que fue el antiguo cuartel militar que se mantiene en unas lamentables condiciones. Apenas quedan los azulejos de alguna estancia, 4 paredes ajadas o la peana donde se asentaba la bandera. A lo que se ,le suma un sin fin de cascotes y ladrillos esparcidos por el suelo. Recorriendo las diferentes aposentos, da la sensaci\u00f3n de que s\u00ed que lleg\u00f3 aquel <strong>D\u00eda \u201cD\u201d<\/strong> a las costas de <strong>Bizkaia<\/strong> y que todo qued\u00f3 arrasado por los soldados aliados dej\u00e1ndolo tal y como estaba, como una capsula del tiempo que ha perdurado 32 a\u00f1os.<\/p>\n<div id=\"attachment_55\" style=\"width: 1034px\" class=\"wp-caption aligncenter\"><a href=\"\/rincones-euskadi\/wp-content\/uploads\/sites\/69\/2014\/06\/IMG_5795.jpg\"><img aria-describedby=\"caption-attachment-55\" loading=\"lazy\" class=\"size-large wp-image-55\" title=\"IMG_5795\" src=\"\/rincones-euskadi\/wp-content\/uploads\/sites\/69\/2014\/06\/IMG_5795.jpg\" alt=\"\" width=\"1024\" height=\"682\" srcset=\"https:\/\/static-blogs.diariovasco.com\/wp-content\/uploads\/sites\/69\/2014\/06\/IMG_5795.jpg 4000w, https:\/\/static-blogs.diariovasco.com\/wp-content\/uploads\/sites\/69\/2014\/06\/IMG_5795-300x200.jpg 300w, https:\/\/static-blogs.diariovasco.com\/wp-content\/uploads\/sites\/69\/2014\/06\/IMG_5795-768x512.jpg 768w, https:\/\/static-blogs.diariovasco.com\/wp-content\/uploads\/sites\/69\/2014\/06\/IMG_5795-1024x683.jpg 1024w\" sizes=\"(max-width: 1024px) 100vw, 1024px\" \/><\/a><p id=\"caption-attachment-55\" class=\"wp-caption-text\">Estado actual del interior de los cuarteles<\/p><\/div>\n<p>Fotograf\u00edas: Jon Reyes<\/p>\n<p>&nbsp;<\/p>\n<!-- AddThis Advanced Settings generic via filter on the_content --><!-- AddThis Share Buttons generic via filter on the_content -->","protected":false},"excerpt":{"rendered":"<p>Miedo. Eso fue lo que debi\u00f3 de sentir\u00a0 Franco cuando en 1945 sus aliados Hitler y Mussolini ca\u00edan bajo el fuego de los Aliados. De este modo, Franco se quedaba totalmente solo, aislado del mundo democr\u00e1tico, imponiendo una dictadura en un pa\u00eds que ansiaba libertad. Ese miedo a una posible invasi\u00f3n hizo que se desarrollaran [&hellip;]<!-- AddThis Advanced Settings generic via filter on get_the_excerpt --><!-- AddThis Share Buttons generic via filter on get_the_excerpt --><\/p>\n","protected":false},"author":99,"featured_media":0,"comment_status":"open","ping_status":"closed","sticky":false,"template":"","format":"standard","meta":[],"categories":[2],"tags":[],"_links":{"self":[{"href":"https:\/\/blogs.diariovasco.com\/rincones-euskadi\/wp-json\/wp\/v2\/posts\/51"}],"collection":[{"href":"https:\/\/blogs.diariovasco.com\/rincones-euskadi\/wp-json\/wp\/v2\/posts"}],"about":[{"href":"https:\/\/blogs.diariovasco.com\/rincones-euskadi\/wp-json\/wp\/v2\/types\/post"}],"author":[{"embeddable":true,"href":"https:\/\/blogs.diariovasco.com\/rincones-euskadi\/wp-json\/wp\/v2\/users\/99"}],"replies":[{"embeddable":true,"href":"https:\/\/blogs.diariovasco.com\/rincones-euskadi\/wp-json\/wp\/v2\/comments?post=51"}],"version-history":[{"count":0,"href":"https:\/\/blogs.diariovasco.com\/rincones-euskadi\/wp-json\/wp\/v2\/posts\/51\/revisions"}],"wp:attachment":[{"href":"https:\/\/blogs.diariovasco.com\/rincones-euskadi\/wp-json\/wp\/v2\/media?parent=51"}],"wp:term":[{"taxonomy":"category","embeddable":true,"href":"https:\/\/blogs.diariovasco.com\/rincones-euskadi\/wp-json\/wp\/v2\/categories?post=51"},{"taxonomy":"post_tag","embeddable":true,"href":"https:\/\/blogs.diariovasco.com\/rincones-euskadi\/wp-json\/wp\/v2\/tags?post=51"}],"curies":[{"name":"wp","href":"https:\/\/api.w.org\/{rel}","templated":true}]}}