{"id":11,"date":"2007-10-05T16:36:06","date_gmt":"2007-10-05T16:36:06","guid":{"rendered":"http:\/\/blogs.diariovasco.com\/rompeolas\/?p=11"},"modified":"2007-10-05T16:36:06","modified_gmt":"2007-10-05T16:36:06","slug":"imundaka_fuera_del_wct","status":"publish","type":"post","link":"https:\/\/blogs.diariovasco.com\/rompeolas\/2007\/10\/05\/imundaka_fuera_del_wct\/","title":{"rendered":"\u00bfMundaka fuera del WCT?"},"content":{"rendered":"<p><H3 class=bTitle><FONT size=2><SPAN style=\"FONT-WEIGHT: normal; FONT-SIZE: 10pt; FONT-FAMILY: Verdana\">Siempre planea la misma cuesti\u00f3n cuando llega el momento del WCT de Mundaka. Nadie discute que su ola est\u00e1 entre las mejores del mundo. Dif\u00edcil encontrar una izquierda igual, pero tampoco es menos cierto que las condiciones para que rompan son mucho m\u00e1s retorcidas que en cualquier otra cita del WCT. Por muy poco mar que haya en otras pruebas siempre se puede llevar adelante el campeonato, con m\u00e1s o menos suerte, pero en Mundaka los interrogantes se acumulan. El surf vasco perder\u00eda su sitio en el WCT. Habr\u00e1 quien de palmas. Siempre los hay que van a contracorriente, pero&nbsp;ahora que Aritz Aranburu est\u00e1 a un paso de tocar el cielo ser\u00eda una p\u00e9rdida irreparable. Imagino las presiones de&nbsp;muchas marcas. Lugares donde tambi\u00e9n rompen olas perfectas que quieren entrar en el&nbsp;WCT pero no pueden porque no hay sitio. Mala pinta tiene Mundaka.<\/SPAN><br \/>\n<H3 style=\"MARGIN: auto 0cm\"><SPAN style=\"FONT-WEIGHT: normal; FONT-SIZE: 10pt; FONT-FAMILY: Verdana\"><\/SPAN><SPAN style=\"FONT-WEIGHT: normal; FONT-SIZE: 10pt; FONT-FAMILY: Verdana\"><SPAN style=\"FONT-SIZE: 10pt; FONT-FAMILY: Verdana; mso-fareast-font-family: 'Times New Roman'; mso-bidi-font-family: 'Times New Roman'; mso-ansi-language: ES; mso-fareast-language: ES; mso-bidi-language: AR-SA\">P.D.&nbsp;Alucinado me he quedado al ver que los surfistas&nbsp;del club de&nbsp;surf de Mundaka tienen una zona acotada en la atalaya.&nbsp;\u00bfPagan&nbsp;m\u00e1s que los dem\u00e1s?<\/SPAN><\/SPAN><\/H3><br \/>\n<H3 style=\"MARGIN: auto 0cm\"><SPAN style=\"FONT-WEIGHT: normal; FONT-SIZE: 10pt; FONT-FAMILY: Verdana\"><SPAN style=\"FONT-SIZE: 10pt; FONT-FAMILY: Verdana; mso-fareast-font-family: 'Times New Roman'; mso-bidi-font-family: 'Times New Roman'; mso-ansi-language: ES; mso-fareast-language: ES; mso-bidi-language: AR-SA\"><\/SPAN><\/SPAN><\/FONT>&nbsp;<IMG src=\"\/rompeolas\/wp-content\/uploads\/sites\/11\" align=textTop><\/H3><br \/>\n<\/H3><\/p>\n<!-- AddThis Advanced Settings generic via filter on the_content --><!-- AddThis Share Buttons generic via filter on the_content -->","protected":false},"excerpt":{"rendered":"<p>Siempre planea la misma cuesti\u00f3n cuando llega el momento del WCT de Mundaka. Nadie discute que su ola est\u00e1 entre las mejores del mundo. Dif\u00edcil encontrar una izquierda igual, pero tampoco es menos cierto que las condiciones para que rompan son mucho m\u00e1s retorcidas que en cualquier otra cita del WCT. Por muy poco mar [&hellip;]<!-- AddThis Advanced Settings generic via filter on get_the_excerpt --><!-- AddThis Share Buttons generic via filter on get_the_excerpt --><\/p>\n","protected":false},"author":22,"featured_media":0,"comment_status":"open","ping_status":"closed","sticky":false,"template":"","format":"standard","meta":[],"categories":[11],"tags":[66],"_links":{"self":[{"href":"https:\/\/blogs.diariovasco.com\/rompeolas\/wp-json\/wp\/v2\/posts\/11"}],"collection":[{"href":"https:\/\/blogs.diariovasco.com\/rompeolas\/wp-json\/wp\/v2\/posts"}],"about":[{"href":"https:\/\/blogs.diariovasco.com\/rompeolas\/wp-json\/wp\/v2\/types\/post"}],"author":[{"embeddable":true,"href":"https:\/\/blogs.diariovasco.com\/rompeolas\/wp-json\/wp\/v2\/users\/22"}],"replies":[{"embeddable":true,"href":"https:\/\/blogs.diariovasco.com\/rompeolas\/wp-json\/wp\/v2\/comments?post=11"}],"version-history":[{"count":0,"href":"https:\/\/blogs.diariovasco.com\/rompeolas\/wp-json\/wp\/v2\/posts\/11\/revisions"}],"wp:attachment":[{"href":"https:\/\/blogs.diariovasco.com\/rompeolas\/wp-json\/wp\/v2\/media?parent=11"}],"wp:term":[{"taxonomy":"category","embeddable":true,"href":"https:\/\/blogs.diariovasco.com\/rompeolas\/wp-json\/wp\/v2\/categories?post=11"},{"taxonomy":"post_tag","embeddable":true,"href":"https:\/\/blogs.diariovasco.com\/rompeolas\/wp-json\/wp\/v2\/tags?post=11"}],"curies":[{"name":"wp","href":"https:\/\/api.w.org\/{rel}","templated":true}]}}