{"id":12,"date":"2013-11-22T09:45:40","date_gmt":"2013-11-22T08:45:40","guid":{"rendered":"http:\/\/blogs.diariovasco.com\/ser-escritor\/?p=12"},"modified":"2013-11-22T09:45:40","modified_gmt":"2013-11-22T08:45:40","slug":"la-salud-del-libro-2","status":"publish","type":"post","link":"https:\/\/blogs.diariovasco.com\/ser-escritor\/2013\/11\/22\/la-salud-del-libro-2\/","title":{"rendered":"La salud del libro"},"content":{"rendered":"<p>A pesar de la inquietud que oprime al mundo del libro en general, los datos que ofrece el informe \u201c<a title=\"cifras-cambian-conceptos, precio-libro-alto, tirada-media-libros, numero-libros-comprados, impulso-libro-digital, espa\u00f1ol-no-lee-libros\" href=\"http:\/\/www.mcu.es\/libro\/docs\/MC\/Observatorio\/pdf\/Sector_Libro_2011_13_sept13.pdf\" target=\"_blank\" rel=\"external nofollow\">El sector del libro en Espa\u00f1a (2011-2013<\/a>)\u201d no parecen tan pesimistas. Claro que el estudio no contempla las ventas de los canales no tradicionales, l\u00e9ase tiendas online, tanto de libros f\u00edsicos como digitales. Si cada espa\u00f1ol ley\u00f3 un media de 11,1 libros en 2012 \u2500frente a 10,3% en 2011\u2500, la salud del libro no es tan mala y quiz\u00e1 hoy se lea m\u00e1s que hace diez a\u00f1os. Como muchas veces los n\u00fameros cambian los conceptos, vamos a ellos:<\/p>\n<p><strong>1.- Baja la producci\u00f3n editorial de libros.\u00a0<\/strong>El n\u00famero de t\u00edtulos publicados en Espa\u00f1a ha descendido entre un 5 y un 8% en el periodo 2009-2012, seg\u00fan la fuente utilizada.<\/p>\n<p><a href=\"http:\/\/serescritor.com\/wp-content\/uploads\/2013\/11\/260.01.jpg\" rel=\"external nofollow\"><img loading=\"lazy\" class=\"aligncenter\" title=\"La salud del libro\" src=\"\/\/serescritor.com\/wp-content\/uploads\/2013\/11\/260.01.jpg\" alt=\"Producci\u00f3n editorial espa\u00f1ola\" width=\"451\" height=\"88\" \/><\/a><\/p>\n<p>Un indicador de la crisis que afecta a la industria editorial es el n\u00famero medio de ejemplares de cada edici\u00f3n: la tirada media se ha reducido de 3.420 en 2002 a 1.345 ejemplares en 2011. Claro que tambi\u00e9n el precio podr\u00eda explicar esta ca\u00edda.\u00a0<a title=\"cifras-cambian-conceptos, precio-libro-alto, tirada-media-libros, numero-libros-comprados, impulso-libro-digital, espa\u00f1ol-no-lee-libros\" href=\"http:\/\/centrodemadrid.wordpress.com\/2010\/12\/30\/el-precio-de-la-cultura-en-espana-comparativa-entre-los-precios-de-los-libros-en-espana-y-en-el-reino-unido\/\" target=\"_blank\" rel=\"external nofollow\">El precio medio del libro es alto<\/a>: alcanz\u00f3 los 13,87 euros en 2011, con un incremento del 9,5% respecto a 2010 y un 17,5% en los \u00faltimos diez a\u00f1os. Es una de las razones que invocan los lectores para justificar su retraimiento. No es f\u00e1cil entender c\u00f3mo un mismo libro, \u201c<strong>Los hombres que no amaban a las mujeres<\/strong>\u201d, de Stieg Larsson, puede costar 3,7 veces m\u00e1s en Espa\u00f1a que en el Reino Unido.<\/p>\n<p><strong>2.- Retrocede el mercado interno.\u00a0<\/strong>La facturaci\u00f3n interior experiment\u00f3 un importante descenso debido a la crisis econ\u00f3mica iniciada en 2007, cuyo efecto no se hizo patente hasta 2009, cuando se registr\u00f3 el primer retroceso del 2,4%, al que siguieron el 7% en 2010 y el 4,1% en 2011, es decir, un 13% en los \u00faltimos tres a\u00f1os.<\/p>\n<p><a href=\"http:\/\/serescritor.com\/wp-content\/uploads\/2013\/11\/260.02.jpg\" rel=\"external nofollow\"><img loading=\"lazy\" class=\"aligncenter\" title=\"La salud del libro\" src=\"\/\/serescritor.com\/wp-content\/uploads\/2013\/11\/260.02.jpg\" alt=\"Facturaci\u00f3n del mercado interior\" width=\"447\" height=\"91\" \/><\/a><\/p>\n<p><strong>3.- Desciende el mercado de la distribuci\u00f3n.\u00a0<\/strong>La facturaci\u00f3n de las empresas distribuidoras de libros en Espa\u00f1a asociadas a FANDE descendi\u00f3 en 2011 un 3,8%, situ\u00e1ndose en 1.602 millones de euros.<\/p>\n<p><a href=\"http:\/\/serescritor.com\/wp-content\/uploads\/2013\/11\/260.03.jpg\" rel=\"external nofollow\"><img loading=\"lazy\" class=\"aligncenter\" title=\"La salud del libro\" src=\"\/\/serescritor.com\/wp-content\/uploads\/2013\/11\/260.03.jpg\" alt=\"Facturaci\u00f3n del sector de distribuci\u00f3n de libros\" width=\"437\" height=\"91\" \/><\/a><\/p>\n<p><strong>4.-<\/strong>\u00a0<strong>Se mantiene el n\u00famero de libros comprados<\/strong>. Cada espa\u00f1ol afirma haber comprado 10,3 libros en 2012, m\u00e1s o menos, el mismo n\u00famero que en los dos a\u00f1os precedentes.<\/p>\n<p><a href=\"http:\/\/serescritor.com\/wp-content\/uploads\/2013\/11\/260.04.jpg\" rel=\"external nofollow\"><img loading=\"lazy\" class=\"aligncenter\" title=\"La salud del libro\" src=\"\/\/serescritor.com\/wp-content\/uploads\/2013\/11\/260.04.jpg\" alt=\"Libros comprados por cada espa\u00f1ol \" width=\"325\" height=\"75\" \/><\/a><\/p>\n<p><strong>5.- Buenos resultados en el mercado exterior.\u00a0<\/strong>El volumen de exportaci\u00f3n de la industria editorial alcanz\u00f3 en 2011 los 506 millones de euros, un 10,6% m\u00e1s que en 2010, mientras que la importaci\u00f3n se situ\u00f3 en 239 millones de euros, lo que representa un saldo neto a favor de 267 millones de euros.<\/p>\n<p><a href=\"http:\/\/serescritor.com\/wp-content\/uploads\/2013\/11\/260.05.jpg\" rel=\"external nofollow\"><img loading=\"lazy\" class=\"aligncenter\" title=\"La salud del libro\" src=\"\/\/serescritor.com\/wp-content\/uploads\/2013\/11\/260.05.jpg\" alt=\"Comercio exterior del libro\" width=\"373\" height=\"169\" \/><\/a><\/p>\n<p><strong>6.- El libro de bolsillo se salva de la crisis.\u00a0<\/strong>El \u00fanico subsector que se salva del naufragio es el libro de bolsillo, por la popularidad \u2500adem\u00e1s de su precio asequible: 7,2 euros\u2500 que todav\u00eda tiene la novela de tapa blanda, que incluso incrementa su facturaci\u00f3n un 4,8% en 2011 respecto a los a\u00f1os anteriores, en contra de lo que afirman Carles Geli y Rosa Mora en su art\u00edculo \u201c<a title=\"cifras-cambian-conceptos, precio-libro-alto, tirada-media-libros, numero-libros-comprados, impulso-libro-digital, espa\u00f1ol-no-lee-libros\" href=\"http:\/\/cultura.elpais.com\/cultura\/2012\/06\/13\/actualidad\/1339606381_542383.html\" target=\"_blank\" rel=\"external nofollow\">El libro de bolsillo se desploma<\/a>\u201d.<\/p>\n<p><a href=\"http:\/\/serescritor.com\/wp-content\/uploads\/2013\/11\/260.061.jpg\" rel=\"external nofollow\"><img loading=\"lazy\" class=\"aligncenter\" title=\"La salud del libroi\" src=\"\/\/serescritor.com\/wp-content\/uploads\/2013\/11\/260.061.jpg\" alt=\"El libro de bilsillo\" width=\"435\" height=\"96\" \/><\/a><\/p>\n<p>Su cuota de mercado respecto a las ventas totales del sector se ha mantenido constante a lo largo de los \u00faltimos cuatro a\u00f1os. Incluso la tirada media ha subido un 22% en 4 a\u00f1os hasta alcanzar un nuevo record en 2011, con 6.643 ejemplares por edici\u00f3n.<\/p>\n<p><strong>7.- Impulso de los libros digitales.\u00a0<\/strong>El n\u00famero de lectores de libros digitales ha crecido desde el 5,3% de la poblaci\u00f3n en 2010 al 11,7% en 2012. En este \u00faltimo a\u00f1o, se registraron un total de 20.708 libros digitales, lo que se supone el 19,8% de la producci\u00f3n, con un incremento del 12,9% respecto al a\u00f1o anterior.<\/p>\n<p><a href=\"http:\/\/serescritor.com\/wp-content\/uploads\/2013\/11\/260.07.jpg\" rel=\"external nofollow\"><img loading=\"lazy\" class=\"aligncenter\" title=\"La salud del libro\" src=\"\/\/serescritor.com\/wp-content\/uploads\/2013\/11\/260.07.jpg\" alt=\"Producci\u00f3n de libros digitales\" width=\"437\" height=\"90\" \/><\/a><\/p>\n<p>Aun as\u00ed, en cuanto a facturaci\u00f3n, la cuota de mercado del libro digital es todav\u00eda residual, apenas alcanza el 2,6% de las ventas totales del sector, a pesar de haber crecido m\u00e1s de un 60% en dos a\u00f1os.<\/p>\n<p><strong>8.- Liderazgo de la librer\u00eda como punto de venta.\u00a0<\/strong>Si bien la facturaci\u00f3n total ha descendido un 12,3% en los \u00faltimo tres a\u00f1os, la parte que corresponde a librer\u00edas y cadenas de librer\u00edas se ha mantenido \u2500incluso ha aumentado ligeramente\u2500, concentrando en 2011 el 57% de las ventas, frente al 51% de 2010, seg\u00fan el informe sobre\u00a0<strong>Comercio Interior del Libro en Espa\u00f1a<\/strong>.<\/p>\n<p><a href=\"http:\/\/serescritor.com\/wp-content\/uploads\/2013\/11\/260.08.1.jpg\" rel=\"external nofollow\"><img loading=\"lazy\" class=\"aligncenter\" title=\"La saludo del libro\" src=\"\/\/serescritor.com\/wp-content\/uploads\/2013\/11\/260.08.1.jpg\" alt=\"Facturaci\u00f3n por canales de venta\" width=\"440\" height=\"181\" \/><\/a><\/p>\n<p>Otras fuentes apuntan en direcci\u00f3n contraria. La\u00a0<strong>CEGAL<\/strong>\u00a0(Confederaci\u00f3n Espa\u00f1ola de Gremios y Asociaciones de Libreros) revela un descenso de ventas de libros en las librer\u00edas independientes espa\u00f1olas, con uno de los resultados m\u00e1s bajos de los \u00faltimos diez a\u00f1os, estimando adem\u00e1s una ca\u00edda del 23-25% para el primer trimestre de 2013.\u00a0Por el contrario, el informe \u00a0\u201c<a title=\"cifras-cambian-conceptos, precio-libro-alto, tirada-media-libros, numero-libros-comprados, impulso-libro-digital, espa\u00f1ol-no-lee-libros\" href=\"http:\/\/www.mcu.es\/libro\/docs\/MC\/Observatorio\/pdf\/Habitos_lectura_2012.pdf\" target=\"_blank\" rel=\"external nofollow\">H\u00e1bitos de Lectura y Compra de Libros en Espa\u00f1a<\/a>\u201d\u00a0constata el liderazgo de la librer\u00eda como lugar habitual de compra de libros, a pesar de que se produce\u00a0una ligera p\u00e9rdida de peso, ya que ese porcentaje del 65,8% en 2012 se ha redujo desde el 68,9% en 2011 y el 73,3% en 2010.<\/p>\n<p><a href=\"http:\/\/serescritor.com\/wp-content\/uploads\/2013\/11\/260.08.2.jpg\" rel=\"external nofollow\"><img loading=\"lazy\" class=\"aligncenter\" title=\"La salud del libro\" src=\"\/\/serescritor.com\/wp-content\/uploads\/2013\/11\/260.08.2.jpg\" alt=\"Lugar habitual de compra de libros\" width=\"430\" height=\"110\" \/><\/a><\/p>\n<p>Un aspecto positivo es el hecho de que un 18,7% de las librer\u00edas vendi\u00f3 libros electr\u00f3nicos, con un incremento del 4% respecto al a\u00f1o precedente, siendo las librer\u00edas grandes y medianas las que experimentaron un mayor incremento.<\/p>\n<p><strong>9.-<\/strong>\u00a0<strong>La lectura en Espa\u00f1a contin\u00faa en ascenso.\u00a0<\/strong>Seg\u00fan los \u00faltimos datos recogidos en el informe \u201c<a title=\"cifras-cambian-conceptos, precio-libro-alto, tirada-media-libros, numero-libros-comprados, impulso-libro-digital, espa\u00f1ol-no-lee-libros\" href=\"http:\/\/www.mcu.es\/libro\/docs\/MC\/Observatorio\/pdf\/Habitos_lectura_2012.pdf\" target=\"_blank\" rel=\"external nofollow\">H\u00e1bitos de Lectura y Compra de Libros en Espa\u00f1a<\/a>\u201d, el 92,0% de la poblaci\u00f3n espa\u00f1ola de 14 \u00f3 m\u00e1s a\u00f1os afirma leer cualquier tipo de material en cualquier formato o soporte (entre libros, revistas, peri\u00f3dicos, c\u00f3mics, webs, blosg y for0s), con una frecuencia al menos trimestral.<\/p>\n<p><a href=\"http:\/\/serescritor.com\/wp-content\/uploads\/2013\/11\/260.09.jpg\" rel=\"external nofollow\"><img loading=\"lazy\" class=\"aligncenter\" title=\"La salud del libro\" src=\"\/\/serescritor.com\/wp-content\/uploads\/2013\/11\/260.09.jpg\" alt=\"Frecuencia de lectura en tiempo libre\" width=\"434\" height=\"137\" \/><\/a><\/p>\n<p>El 63,0% de la poblaci\u00f3n declara leer al menos un libro al trimestre \u2500frente al 70% de media en Europa\u2500, con lo cual el 37% de los espa\u00f1oles no lee nunca un libro. A pesar de que el tama\u00f1o de la muestra (13.400 entrevistas, 6.700 cada semestre) asegura un margen de error m\u00e1ximo del 0,86%, cuesta creer que dos de cada tres personas tengan la costumbre de leer en Espa\u00f1a, pero ya sabemos que<a title=\"cifras-cambian-conceptos, precio-libro-alto, tirada-media-libros, numero-libros-comprados, impulso-libro-digital, espa\u00f1ol-no-lee-libros\" href=\"http:\/\/www.elsatiromordaz.com\/opinion\/la-estadistica-no-miente-las-personas-si\/\" target=\"_blank\" rel=\"external nofollow\">\u00a0las estad\u00edsticas no mienten<\/a>\u2026<\/p>\n<p>Una de las conclusiones a que han llegado los asistentes al\u00a0<a title=\"cifras-cambian-conceptos, precio-libro-alto, tirada-media-libros, numero-libros-comprados, impulso-libro-digital, espa\u00f1ol-no-lee-libros\" href=\"http:\/\/www.lanacion.com.ar\/1631232-congreso-de-la-legunael-espanol-se-habla-mas-pero-se-lee-menos\" target=\"_blank\" rel=\"external nofollow\">VI Congreso Internacional de la Lengua Espa\u00f1ola<\/a>\u00a0celebrado el mes pasado en Ciudad de Panam\u00e1 es que el castellano se habla m\u00e1s pero se lee menos. Tanto escritores, como editores y pol\u00edticos se muestran preocupados por la ca\u00edda de los \u00edndices de lectura y su impacto en el futuro del libro, aunque los \u00edndices var\u00edan notablemente en cada uno de los 22 pa\u00edses que estuvieron presentes en el certamen.<\/p>\n<p><strong>9.- Un vistazo a la situaci\u00f3n en Am\u00e9rica Latina.\u00a0<\/strong>En 2012 se registraron 165.992 t\u00edtulos en las agencias nacionales del ISBN de Am\u00e9rica Latina, lo que supone una disminuci\u00f3n de 0,6% con respecto a 2011.<\/p>\n<p><a href=\"http:\/\/serescritor.com\/wp-content\/uploads\/2013\/11\/260.10.jpg\" rel=\"external nofollow\"><img loading=\"lazy\" class=\"aligncenter\" title=\"La salud del libro\" src=\"\/\/serescritor.com\/wp-content\/uploads\/2013\/11\/260.10.jpg\" alt=\"El libro en Am\u00e9rica Latina\" width=\"435\" height=\"193\" \/><\/a><\/p>\n<p>El cuadro anterior pone de manifiesto la enorme distancia que separa a los diferentes pa\u00edses de habla hispana, seg\u00fan\u00a0<a title=\"cifras-cambian-conceptos, precio-libro-alto, tirada-media-libros, numero-libros-comprados, impulso-libro-digital, espa\u00f1ol-no-lee-libros\" href=\"http:\/\/www.cerlalc.org\/files\/tabinterno\/7ad328_Libro_Cifras_Ago2012.pdf\" target=\"_blank\" rel=\"external nofollow\">el estudio publicado por la CERLAC<\/a>\u00a0(Centro Regional para el Fomento del Libro en Am\u00e9rica Latina y el Caribe), titulado \u201cEl libro en cifras\u201d.<\/p>\n<p>Tambi\u00e9n te podr\u00eda interesar:<br \/>\n<a title=\"cifras-cambian-conceptos, precio-libro-alto, tirada-media-libros, numero-libros-comprados, impulso-libro-digital, espa\u00f1ol-no-lee-libros\" href=\"http:\/\/serescritor.com\/panorama-del-libro-en-espana\/\" target=\"_blank\" rel=\"external nofollow\">El panorama del libro en Espa\u00f1a<\/a><br \/>\n<a title=\"cifras-cambian-conceptos, precio-libro-alto, tirada-media-libros, numero-libros-comprados, impulso-libro-digital, espa\u00f1ol-no-lee-libros\" href=\"http:\/\/serescritor.com\/mercado-del-e-book-en-el-mundo\/\" target=\"_blank\" rel=\"external nofollow\">Mercado del ebook en el mundo<\/a><\/p>\n<!-- AddThis Advanced Settings generic via filter on the_content --><!-- AddThis Share Buttons generic via filter on the_content -->","protected":false},"excerpt":{"rendered":"<p>A pesar de la inquietud que oprime al mundo del libro en general, los datos que ofrece el informe \u201cEl sector del libro en Espa\u00f1a (2011-2013)\u201d no parecen tan pesimistas. Claro que el estudio no contempla las ventas de los canales no tradicionales, l\u00e9ase tiendas online, tanto de libros f\u00edsicos como digitales. Si cada espa\u00f1ol [&hellip;]<!-- AddThis Advanced Settings generic via filter on get_the_excerpt --><!-- AddThis Share Buttons generic via filter on get_the_excerpt --><\/p>\n","protected":false},"author":94,"featured_media":0,"comment_status":"open","ping_status":"closed","sticky":false,"template":"","format":"standard","meta":[],"categories":[9,11],"tags":[55,163,196,293,333,407],"_links":{"self":[{"href":"https:\/\/blogs.diariovasco.com\/ser-escritor\/wp-json\/wp\/v2\/posts\/12"}],"collection":[{"href":"https:\/\/blogs.diariovasco.com\/ser-escritor\/wp-json\/wp\/v2\/posts"}],"about":[{"href":"https:\/\/blogs.diariovasco.com\/ser-escritor\/wp-json\/wp\/v2\/types\/post"}],"author":[{"embeddable":true,"href":"https:\/\/blogs.diariovasco.com\/ser-escritor\/wp-json\/wp\/v2\/users\/94"}],"replies":[{"embeddable":true,"href":"https:\/\/blogs.diariovasco.com\/ser-escritor\/wp-json\/wp\/v2\/comments?post=12"}],"version-history":[{"count":0,"href":"https:\/\/blogs.diariovasco.com\/ser-escritor\/wp-json\/wp\/v2\/posts\/12\/revisions"}],"wp:attachment":[{"href":"https:\/\/blogs.diariovasco.com\/ser-escritor\/wp-json\/wp\/v2\/media?parent=12"}],"wp:term":[{"taxonomy":"category","embeddable":true,"href":"https:\/\/blogs.diariovasco.com\/ser-escritor\/wp-json\/wp\/v2\/categories?post=12"},{"taxonomy":"post_tag","embeddable":true,"href":"https:\/\/blogs.diariovasco.com\/ser-escritor\/wp-json\/wp\/v2\/tags?post=12"}],"curies":[{"name":"wp","href":"https:\/\/api.w.org\/{rel}","templated":true}]}}