{"id":178,"date":"2019-01-26T19:26:48","date_gmt":"2019-01-26T18:26:48","guid":{"rendered":"https:\/\/blogs.diariovasco.com\/ser-escritor\/?p=178"},"modified":"2019-03-11T09:38:35","modified_gmt":"2019-03-11T08:38:35","slug":"luisa-carnes-escritora-periodista-y-militante","status":"publish","type":"post","link":"https:\/\/blogs.diariovasco.com\/ser-escritor\/2019\/01\/26\/luisa-carnes-escritora-periodista-y-militante\/","title":{"rendered":"Luisa Carn\u00e9s. Escritora, periodista y militante"},"content":{"rendered":"<p>A inicios de este nuevo a\u00f1o, 2019, queremos venerar con estas l\u00edneas a una mujer del siglo pasado, <a href=\"http:\/\/www.escritorasenlaprensa.es\/luisa-carnes\/\" rel=\"external nofollow\">Luisa Carn\u00e9s (Madrid, 1905-M\u00e9xico, 1964)<\/a>, y no nos faltan razones para ello: porque a pesar de su falta de estudios destac\u00f3 en la literatura y en el periodismo, porque dej\u00f3 testimonio de su trabajo y de su salida al exilio y tambi\u00e9n porque<a href=\"https:\/\/www.zendalibros.com\/luisa-carnes-prosa-observacion\/\" rel=\"external nofollow\"> no ces\u00f3 en su compromiso pol\u00edtico ni en su lucha a favor de la mujer hasta el fin de sus d\u00edas<\/a>. Aunque ella vivi\u00f3 en los primeros sesenta a\u00f1os del siglo XX, reapareci\u00f3 despu\u00e9s en varias ocasiones: en 1992 cuando se la rescat\u00f3, y en 2014 y 2016 al ser publicados y reeditados sus libros.<\/p>\n<p>He aqu\u00ed su intensa <strong>vida<\/strong>: en el Madrid de 1905, en una familia humilde, Luisa llega a este mundo para ser la primera de cinco hermanos. Hecho que le condiciona: a los once a\u00f1os tiene que dejar de asistir al colegio y empezar a trabajar como aprendiza en un taller dom\u00e9stico dedicado a la confecci\u00f3n de sombreros. A este le siguen otros empleos, como el de mecan\u00f3grafa en la <a href=\"https:\/\/es.wikipedia.org\/wiki\/Compa%C3%B1%C3%ADa_Ibero-Americana_de_Publicaciones\" rel=\"external nofollow\">Compa\u00f1\u00eda Iberoamericana de Publicaciones (CIAP)<\/a>, el gigante editorial espa\u00f1ol de la \u00e9poca. Aqu\u00ed conoce a <a href=\"http:\/\/www.arte.sbhac.net\/Carteles\/Cartelistas\/Puyol\/Puyol.htm\" rel=\"external nofollow\">Ram\u00f3n Puyol, quien se dedica a elaborar el material gr\u00e1fico; entre sus dise\u00f1os est\u00e1 el famoso cartel de \u201cNo pasar\u00e1n\u201d<\/a>. Este hombre, comprometido pol\u00edticamente, ser\u00e1 el padre del \u00fanico hijo de Luisa. En 1931, nacer\u00e1 Ram\u00f3n Puyol Carn\u00e9s, su hijo, y perder\u00e1 el trabajo. Por la situaci\u00f3n de declive econ\u00f3mico nacional e internacional llega la quiebra a la gran empresa y quedar\u00e1 desempleada. Abandonar\u00e1 Madrid con Ram\u00f3n y el ni\u00f1o rumbo a Algeciras, donde reside la familia de \u00e9l. Un a\u00f1o m\u00e1s tarde, sin ninguna oportunidad laboral, decide hacer su propia vida y regresa a Madrid \u00fanicamente con su hijo.<\/p>\n<p>Para este momento, ya lleva editados varios textos, ya ha comenzado su papel de <strong>escritora.<\/strong> Su quehacer autodidacta le impuls\u00f3 siempre a aprender a trav\u00e9s de la lectura y la escritura. Con 18 a\u00f1os, en 1923, \u00e9poca en que prevalec\u00eda la l\u00edrica, ella escribe cuentos y los publica, por lo que comienza a darse a conocer. Tuvo la suerte desde un principio de ser aceptada tanto por la cr\u00edtica como por el p\u00fablico. En 1928, aparece su primera obra impresa compuesta de tres relatos <em>Peregrinos de calvario<\/em> y dos a\u00f1os despu\u00e9s, <em>Natascha<\/em> su primera novela lanzada por el grupo editorial donde trabaja y cuyo t\u00edtulo se enlaza con la novela rusa que ella tanto admiraba; su protagonista es una muchacha trabajadora que lucha para salir de la pobreza.<\/p>\n<p>Escribe ensayos, art\u00edculos, dramas\u2026 Consigue editarlo todo, incluso estrenar una obra de teatro. Pero como el dinero no le llega, acepta un empleo de camarera. Su experiencia la relatar\u00e1 en <a href=\"https:\/\/elpais.com\/cultura\/2016\/09\/23\/babelia\/1474641997_033382.html\" rel=\"external nofollow\"><em>Tea Rooms,<\/em> subtitulada <em>Mujeres obreras<\/em> (1934)<\/a>. Esta entretenida novela, donde el lector cuenta pasteles y se inmiscuye en las charlas entre las empleadas, supuso un salto de calidad y un posicionamiento cada vez m\u00e1s evidente en pro del compromiso social y personal de la autora a favor de la mujer trabajadora. Adem\u00e1s, tuvo eco tambi\u00e9n su trabajo como <strong>periodista,<\/strong> colabor\u00f3 en los principales medios de comunicaci\u00f3n y en todos mostr\u00f3 una encendida defensa de la causa republicana<strong>.<\/strong><\/p>\n<p>Su <strong>compromiso pol\u00edtico<\/strong> le lleva al exilio. En esta etapa de su vida conoce a su gran amor, <a href=\"http:\/\/dbe.rah.es\/biografias\/11131\/juan-rejano-porras\" rel=\"external nofollow\">el escritor y poeta Juan Rejano<\/a>. El estallido de la Guerra situ\u00f3 a Luisa en el grupo de mujeres intelectuales que particip\u00f3 en tareas de propaganda pol\u00edtica a trav\u00e9s de su presencia en los medios de comunicaci\u00f3n afines al PCE. Ellas se posicionaron a favor de la igualdad jur\u00eddica entre ambos sexos, de la reivindicaci\u00f3n de la mujer como ser humano y respaldaron sin ambages la legalidad republicana. Por todo esto tuvo que abandonar el pa\u00eds: primero pas\u00f3 unos meses en Francia y despu\u00e9s fue seleccionada para formar parte de un destacado grupo de refugiados, compuesto por cient\u00edficos e intelectuales de prestigio, que <a href=\"https:\/\/books.google.es\/books?id=LXbqT8miQucC&amp;pg=PA32&amp;lpg=PA32&amp;dq=transatl%C3%A1ntico+holand%C3%A9s+Veendam+carnes&amp;source=bl&amp;ots=4T_gGwnJlG&amp;sig=ACfU3U0Yq7A25n-1l5mw8hMxX-BLVvsFeg&amp;hl=es&amp;sa=X&amp;ved=2ahUKEwisv7jQsovgAhWq3eAKHZ3dDCAQ6AEwBXoECAgQAQ#v=onepage&amp;q=transatl%C3%A1ntico%20holand%C3%A9s%20Veendam%20carnes&amp;f=false\" rel=\"external nofollow\">a bordo del transatl\u00e1ntico holand\u00e9s<em> Veendam <\/em>llegaron a Nueva York<\/a> y de all\u00ed en autob\u00fas hasta M\u00e9xico. Estas vivencias las escribi\u00f3 posteriormente y aparecen recogidas, en cap\u00edtulos breves que se leen gratamente, en el texto testimonial y autobiogr\u00e1fico, titulado <em>De Barcelona a la Breta\u00f1a Francesa (Memorias)<\/em> (2014).<\/p>\n<p>Se instala en M\u00e9xico con su familia. All\u00ed contin\u00faa escribiendo y publicando. Adopta la nacionalidad en 1941, esto le ayuda para acceder a un empleo y para reanudar su compromiso con la causa antifascista. Fue una de las primeras mujeres que ejerci\u00f3 como periodista en M\u00e9xico. Durante todo este periodo mantiene la actividad literaria. Las \u00faltimas obras que public\u00f3 en vida fueron: la biograf\u00eda novelada de Rosal\u00eda de Castro, <em>Rosal\u00eda<\/em> (1945, 2018) y la novela <em>Juan Caballero<\/em> (1956), obra que enfatiza la acci\u00f3n guerrillera de los republicanos en la retaguardia del Estado franquista. En 1961, renuncia a sus incursiones period\u00edsticas para dedicarse por entero a la literatura. Escribe cuentos y m\u00e1s novelas que permanecen in\u00e9ditas, entre ellas <em>Olor de santidad<\/em>, dedicada al hermano de Ram\u00f3n, Miguel Puyol, periodista fusilado tras la toma de Algeciras.<\/p>\n<p>El 8 de marzo de 1964 llega su punto y final. Tras haber pronunciado un discurso por el D\u00eda de la Mujer para la colonia espa\u00f1ola exiliada en el pa\u00eds, <a href=\"https:\/\/elpais.com\/cultura\/2018\/04\/25\/actualidad\/1524676433_108760.html\" rel=\"external nofollow\">sufre un accidente de coche del que Juan y su hijo salen ilesos mientras que ella pierde la vida.<\/a><\/p>\n<p>Amaba tanto sus cuentos que al tener que abandonar su pa\u00eds, los lleva consigo. Se convirti\u00f3 en una gran <strong>cuentista,<\/strong> tanto por su calidad como por su cantidad, as\u00ed lo atestiguan los dos vol\u00famenes <em>Rojo y gris<\/em> y <em>Donde brota el laurel<\/em> (2018) que los contienen. En ellos es capaz de presentar mediante an\u00e9cdotas nimias, personajes con una profundidad abismal, di\u00e1logos fluidos, un lenguaje po\u00e9tico que transmite sensaciones, sentimientos y que alude al sentido del o\u00eddo y del olfato para prender al lector y hacer que su coraz\u00f3n palpite como el de otro personaje m\u00e1s. Quien prologa el primer volumen, <a href=\"http:\/\/www.gexel.es\/franciscamontielrayo.html\" rel=\"external nofollow\"><strong>Francisca Montiel<\/strong>, (profesora de la Aut\u00f3noma de Barcelona y miembro del Grupo de Estudios del Exilio Literario)<\/a>, menciona que ya el cr\u00edtico Esteban Salazar Chapela la nomin\u00f3 la mejor narradora de finales de los a\u00f1os veinte y primeros del treinta.<\/p>\n<p>Fue una gran mujer que simultane\u00f3 su capacidad de creaci\u00f3n y su imparable actividad laboral. Adem\u00e1s, en dos de sus libros aprovech\u00f3 la contraportada interior para hacerse propaganda, mencionando sus futuras obras.<\/p>\n<p>Escribe con una clara finalidad: dar a conocer a las clases populares la realidad social con el fin de que la transformen. Por este motivo trata temas como la maternidad, el divorcio, la educaci\u00f3n, el matrimonio, el aborto, el sufragio femenino (<a href=\"https:\/\/www.eldiario.es\/aragon\/elprismatico\/aniversario-voto-femenino-Campoamor-sororidad_6_709439060.html\" rel=\"external nofollow\">en este aspecto apoy\u00f3 abiertamente a <strong>Clara Campoamor<\/strong><\/a>).<\/p>\n<p>Su tem\u00e1tica y su sencillez consiguen que su obra siga vigente hoy en d\u00eda, encandile a todos los p\u00fablicos y a su vez resulte muy personal. En sus textos las mujeres se atirantan las medias, llevan labios pintados que hacen m\u00e1s graciosa y tentadora la curva de su boca perfecta y visten ligeros vestidillos que ci\u00f1en las curvas descaradas de los senos y la cintura. Asimismo, las parejas tienen los dedos trenzados, las madres forman un solo tronco con sus hijos y los chicos empu\u00f1an el tim\u00f3n. Sin olvidar su amplio vocabulario y el uso de los adjetivos por su originalidad, concreci\u00f3n: heterog\u00e9neo cuarto de aseo, hombre linf\u00e1tico, mesa cojitranca, manos liriales, ruido is\u00f3crono, aire cachazudo, pasos blandos, callejuela erizada de pedruscos, espetado pie, gazmo\u00f1er\u00eda monjil, carnosa nuca, palabras deshilvanadas\u2026<\/p>\n<p>Pero unido irremediablemente a Luisa est\u00e1 otro nombre el de <a href=\"http:\/\/www.cazarabet.com\/conversacon\/fichas\/fichas1\/tearooms.htm\" rel=\"external nofollow\"><strong>Antonio Plaza Plaza<\/strong> (Madrid, 1951)<\/a>, el docente e investigador que la descubri\u00f3 para deleite de todos nosotros, incluidos los miembros de su familia, como dice su nieto Juan Ram\u00f3n: \u201cEra consciente de qui\u00e9n era ella cuando realmente ni los nietos nos lo plante\u00e1bamos. Yo sab\u00eda que hab\u00eda tenido una abuela escritora y que hab\u00eda libros antiguos editados, pero ninguno de los nietos le d\u00e1bamos el valor que ten\u00eda\u201d. La gran labor de documentaci\u00f3n de Antonio, insertada en las introducciones que forman parte de los \u00faltimos libros editados de Luisa, nos ha servido para complementar lo aqu\u00ed expuesto.<\/p>\n<p>Ojal\u00e1 que con estas l\u00edneas hayamos conseguido que la voz de esta gran mujer retumbe en varias personas m\u00e1s y se entusiasmen con su buena escritura, esa que llega, que emociona y que, sobre todo, se disfruta.<\/p>\n<!-- AddThis Advanced Settings generic via filter on the_content --><!-- AddThis Share Buttons generic via filter on the_content -->","protected":false},"excerpt":{"rendered":"<p>Pesar de su falta de estudios, Luisa Carn\u00e9s (Madrid, 1905-M\u00e9ico 1964) comenz\u00f3 a destacar como escritora con tan solo 18 a\u00f1os y luego como periodista en defensa de los derechos de la mujer y de la legalidad republicana. Durante la Guerra Civil, tuvo que exiliarse a M\u00e9xico donde viv\u00f3 hasta el final de sus d\u00edas, fiel a su compromiso pol\u00edtico en defensa de las clases sociales m\u00e1s desfavorecidas.<!-- AddThis Advanced Settings generic via filter on get_the_excerpt --><!-- AddThis Share Buttons generic via filter on get_the_excerpt --><\/p>\n","protected":false},"author":94,"featured_media":0,"comment_status":"open","ping_status":"closed","sticky":false,"template":"","format":"standard","meta":[],"categories":[8,451,11],"tags":[558,556,557,554,555],"_links":{"self":[{"href":"https:\/\/blogs.diariovasco.com\/ser-escritor\/wp-json\/wp\/v2\/posts\/178"}],"collection":[{"href":"https:\/\/blogs.diariovasco.com\/ser-escritor\/wp-json\/wp\/v2\/posts"}],"about":[{"href":"https:\/\/blogs.diariovasco.com\/ser-escritor\/wp-json\/wp\/v2\/types\/post"}],"author":[{"embeddable":true,"href":"https:\/\/blogs.diariovasco.com\/ser-escritor\/wp-json\/wp\/v2\/users\/94"}],"replies":[{"embeddable":true,"href":"https:\/\/blogs.diariovasco.com\/ser-escritor\/wp-json\/wp\/v2\/comments?post=178"}],"version-history":[{"count":1,"href":"https:\/\/blogs.diariovasco.com\/ser-escritor\/wp-json\/wp\/v2\/posts\/178\/revisions"}],"predecessor-version":[{"id":179,"href":"https:\/\/blogs.diariovasco.com\/ser-escritor\/wp-json\/wp\/v2\/posts\/178\/revisions\/179"}],"wp:attachment":[{"href":"https:\/\/blogs.diariovasco.com\/ser-escritor\/wp-json\/wp\/v2\/media?parent=178"}],"wp:term":[{"taxonomy":"category","embeddable":true,"href":"https:\/\/blogs.diariovasco.com\/ser-escritor\/wp-json\/wp\/v2\/categories?post=178"},{"taxonomy":"post_tag","embeddable":true,"href":"https:\/\/blogs.diariovasco.com\/ser-escritor\/wp-json\/wp\/v2\/tags?post=178"}],"curies":[{"name":"wp","href":"https:\/\/api.w.org\/{rel}","templated":true}]}}