{"id":53,"date":"2015-03-24T20:16:10","date_gmt":"2015-03-24T19:16:10","guid":{"rendered":"http:\/\/blogs.diariovasco.com\/ser-escritor\/?p=53"},"modified":"2015-03-24T20:16:10","modified_gmt":"2015-03-24T19:16:10","slug":"el-declive-de-la-novela-y-sus-causas","status":"publish","type":"post","link":"https:\/\/blogs.diariovasco.com\/ser-escritor\/2015\/03\/24\/el-declive-de-la-novela-y-sus-causas\/","title":{"rendered":"El declive de la novela y sus causas"},"content":{"rendered":"<p>El mercado editorial espa\u00f1ol ha vuelto a tener un comportamiento negativo en 2014.\u00a0<a title=\"futuro-industria-cultural, facturaci\u00f3n-industria-editorial, cierre-librerias, tejido-de-librerias, crear-lectores, recuperar-valor-libro\" href=\"http:\/\/www.mecd.gob.es\/cultura-mecd\/dms\/mecd\/cultura-mecd\/areas-cultura\/libro\/mc\/observatoriolect\/redirige\/estudios-e-informes\/elaborados-por-otras-entidades-con-la-colaboracion-del-observatoriolect\/industria-editorial\/BarometroCEGAL-3Q2014.pdf\" target=\"_blank\" rel=\"external nofollow\">Las ventas realizadas por las librer\u00edas independientes asociadas a CEGAL<\/a>\u00a0\u2500que representan el 45% del total de los libros vendidos en Espa\u00f1a\u2500 han bajado un 6\u20195% con respecto a 2103, con lo cual la ca\u00edda supera el 40% desde que empez\u00f3 la crisis en el a\u00f1o 2008. El futuro de la primera industria cultural del pa\u00eds es incierto y muchas empresas est\u00e1n en riesgo de extinci\u00f3n.<\/p>\n<p><a title=\"futuro-industria-cultural, facturaci\u00f3n-industria-editorial, cierre-librerias, tejido-de-librerias, crear-lectores, recuperar-valor-libro\" href=\"http:\/\/www.librerosmadrid.es\/dos-librerias-se-cierran-cada-dia-en-espana\/\" target=\"_blank\" rel=\"external nofollow\">Cada d\u00eda se cierran 2 librer\u00edas<\/a>, sobre todo, las m\u00e1s peque\u00f1as, ya que las grandes tienen m\u00e1s recursos para sobrevivir. Y aunque tambi\u00e9n se abren algunas \u2500<a title=\"futuro-industria-cultural, facturaci\u00f3n-industria-editorial, cierre-librerias, tejido-de-librerias, crear-lectores, recuperar-valor-libro\" href=\"http:\/\/ultimahora.es\/noticias\/cultura\/2015\/03\/04\/146132\/total-912-librerias-cerraron-espana-2014.html\" rel=\"external nofollow\">226 el a\u00f1o pasado, frente a 912 que cerraron<\/a>\u2500, las que sobreviven lo consiguen porque se aprietan el cintur\u00f3n\u2026 o hasta que a su propietario le llegue la hora de jubilarse.<\/p>\n<p>Este fen\u00f3meno no afecta solamente a Espa\u00f1a, sino a la mayor\u00eda de los pa\u00edses llamados \u201cricos\u201d. Por el contrario, en los pa\u00edses emergentes, el mercado del libro aumenta a\u00f1o tras a\u00f1o, al surgir una clase media con m\u00e1s recursos econ\u00f3micos que demanda libros para la educaci\u00f3n y para el entretenimiento. El cuadro siguiente recoge el volumen de facturaci\u00f3n de la industria editorial en los 10 primeros mercados del mundo,\u00a0<a title=\"futuro-industria-cultural, facturaci\u00f3n-industria-editorial, cierre-librerias, tejido-de-librerias, crear-lectores, recuperar-valor-libro\" href=\"http:\/\/www.internationalpublishers.org\/images\/reports\/2014\/IPA-annual-report-2014.pdf\" target=\"_blank\" rel=\"external nofollow\">seg\u00fan el informe realizado por la IPA<\/a>\u00a0(Asociaci\u00f3n Internacional de Editores) para el a\u00f1o 2013:<img title=\"Leer m\u00e1s...\" src=\"data:image\/gif;base64,R0lGODlhAQABAIAAAAAAAP\/\/\/yH5BAEAAAAALAAAAAABAAEAAAIBRAA7\" alt=\"\" data-wp-more=\"more\" data-wp-more-text=\"\" data-mce-resize=\"false\" data-mce-placeholder=\"1\" \/><\/p>\n<p><a href=\"http:\/\/serescritor.com\/wp-content\/uploads\/2015\/03\/Los-10-l\u00edderes-del-mercado-mundial-del-libro.jpg\" rel=\"external nofollow\"><img loading=\"lazy\" class=\"aligncenter\" src=\"\/\/serescritor.com\/wp-content\/uploads\/2015\/03\/Los-10-l\u00edderes-del-mercado-mundial-del-libro.jpg\" alt=\"Los 10 l\u00edderes del mercado mundial del libro\" width=\"670\" height=\"381\" \/><\/a><\/p>\n<p>El primer pa\u00eds exportador de libros es Reino Unido \u2500aunque sus ventas al exterior en 2013 descendieron un 4% con respecto a 2012\u2500, no s\u00f3lo porque su mercado natural se extiende a todos los territorios de habla inglesa, sino porque cada vez existe m\u00e1s p\u00fablico que utiliza el ingl\u00e9s como segunda lengua. El segundo es Estados Unidos, con un incremento global del 7,2% (63% en el libro digital y 1,4% en el libro en papel). Y el tercer puesto lo sigue ocupando\u00a0 Espa\u00f1a, con un descenso del 5% en Am\u00e9rica Latina,\u00a0<a title=\"futuro-industria-cultural, facturaci\u00f3n-industria-editorial, cierre-librerias, tejido-de-librerias, crear-lectores, recuperar-valor-libro\" href=\"http:\/\/cultura.elpais.com\/cultura\/2015\/03\/09\/actualidad\/1425931637_257823.html\" target=\"_blank\" rel=\"external nofollow\">que no ha podido ascender en el mercado norteamericano<\/a>, a pesar de los esfuerzos realizados por las editoriales para atraer a los m\u00e1s de 50 millones de hispanohablantes que residen en su territorio.<\/p>\n<p><a href=\"http:\/\/serescritor.com\/wp-content\/uploads\/2015\/03\/Los-3-mayores-exportadores-de-libros-del-mundo.jpg\" rel=\"external nofollow\"><img loading=\"lazy\" class=\"aligncenter\" src=\"\/\/serescritor.com\/wp-content\/uploads\/2015\/03\/Los-3-mayores-exportadores-de-libros-del-mundo.jpg\" alt=\"Los 3 mayores exportadores de libros del mundo\" width=\"612\" height=\"378\" \/><\/a><\/p>\n<p>Para intentar cambiar esta tendencia, la Federaci\u00f3n de Gremios de Editores de Espa\u00f1a va a proponer al Gobierno un \u201c<strong>Plan Integral para el Fomento del Libro y la Lectura<\/strong>\u201d, con el fin de que \u201cla sociedad tome conciencia del valor del libro como centro del conocimiento, la cultura y el ocio, estrechamente vinculados a la educaci\u00f3n y al progreso humano\u201d.<\/p>\n<p>En un art\u00edculo aparecido en\u00a0<em>El Pa\u00eds<\/em>\u00a0el 5 de febrero de 2015 bajo el t\u00edtulo \u201c<a title=\"futuro-industria-cultural, facturaci\u00f3n-industria-editorial, cierre-librerias, tejido-de-librerias, crear-lectores, recuperar-valor-libro\" href=\"http:\/\/cultura.elpais.com\/cultura\/2015\/02\/04\/actualidad\/1423081388_427463.html\" target=\"_blank\" rel=\"external nofollow\">Los editores espa\u00f1oles lanzan un SOS<\/a>\u201d, su autor, Winston Manrique Sabogal, ofrece unos datos que justifican la preocupaci\u00f3n de una industria que, si fue boyante hace unas d\u00e9cadas, no ha sabido reconvertirse a tiempo y se asoma hoy a un abismo al que no debe precipitarse. Como dijo Daniel Fern\u00e1ndez, nuevo presidente de la FGEE: \u201cSi no defendemos el territorio en el que somos l\u00edderes, estamos condenados a ser colonizados cultural e ideol\u00f3gicamente\u201d.<\/p>\n<p>Se culpa a la crisis econ\u00f3mica, se culpa a las nuevas tecnolog\u00edas, se culpa a la competencia del libro digital \u2500que s\u00f3lo representa el 3,7% de las ventas totales\u2500, se culpa a la pirater\u00eda. Es verdad que\u00a0<a title=\"futuro-industria-cultural, facturaci\u00f3n-industria-editorial, cierre-librerias, tejido-de-librerias, crear-lectores, recuperar-valor-libro\" href=\"http:\/\/cultura.elpais.com\/cultura\/2015\/03\/09\/actualidad\/1425917100_397624.html\" target=\"_blank\" rel=\"external nofollow\">cerca del 90% del consumo cultural \u201conline\u201d en Espa\u00f1a es ilegal<\/a>, pero su impacto en el mundo del libro es mucho m\u00e1s bajo. Se estima en 100 millones de euros el lucro cesante por efecto de la pirater\u00eda, focalizado en la descarga de \u201cbestsellers\u201d. El informe de \u201cEl Observatorio de la Pirater\u00eda 2014\u201d ha contabilizado 335 millones de descargas il\u00edcitas, cuyo valor hubiera incrementado en un 12% los ingresos del sector.<\/p>\n<p>Las verdaderas causas del declive habr\u00eda que buscarlas en otros parajes. En primer lugar, la industria editorial menospreci\u00f3 la irrupci\u00f3n de Amazon y el resto de tiendas digitales, por lo que reaccion\u00f3 mal y tarde ante un modelo que reduc\u00eda los costes de intermediaci\u00f3n y ofrec\u00eda un servicio de entrega r\u00e1pido y eficaz. Y en lugar de apoyar a su aliado tradicional \u2500<a title=\"futuro-industria-cultural, facturaci\u00f3n-industria-editorial, cierre-librerias, tejido-de-librerias, crear-lectores, recuperar-valor-libro\" href=\"http:\/\/cultura.elpais.com\/cultura\/2014\/11\/28\/actualidad\/1417202836_075047.html\" target=\"_blank\" rel=\"external nofollow\">el librero de toda la vida<\/a>\u2500, lo que ha hecho es abandonarlo, para aliarse con las grandes cadenas de distribuci\u00f3n o lanzarse a la captura del lector y venderle el libro directamente. \u00bfEs posible a\u00fan regenerar ese tejido de librer\u00edas o\u00a0<a title=\"futuro-industria-cultural, facturaci\u00f3n-industria-editorial, cierre-librerias, tejido-de-librerias, crear-lectores, recuperar-valor-libro\" href=\"http:\/\/serescritor.com\/la-ciudad-sin-librerias\/\" target=\"_blank\" rel=\"external nofollow\">estamos ya abocados a vivir en ciudades sin ellas<\/a>?<\/p>\n<p>En segundo lugar, la industria editorial nunca se ha preocupado de educar al ciudadano espa\u00f1ol en la pr\u00e1ctica de la lectura.\u00a0<a href=\"http:\/\/blogs.elpais.com\/papeles-perdidos\/2013\/05\/se-ha-pensado-mas-en-vender-libros-que-en-crear-nuevos-lectores.html\" rel=\"external nofollow\">Ha pensado m\u00e1s en vender libros que en crear lectores<\/a>. En las \u00faltimas d\u00e9cadas, nadie se ha acordado de formar a las nuevas generaciones en el valor de la cultura, del saber como instrumento para buscar la verdad\u2026 y encontrar la libertad. Nadie se ha interesado en inyectar a los j\u00f3venes el h\u00e1bito de leer, de inculcarles ese respeto a los libros \u2500incluso veneraci\u00f3n\u2500 que yo he percibido en mis mayores cuando era ni\u00f1o.<\/p>\n<p>El 54\u20196% de espa\u00f1oles no lee nunca o casi nunca, revela\u00a0<a title=\"futuro-industria-cultural, facturaci\u00f3n-industria-editorial, cierre-librerias, tejido-de-librerias, crear-lectores, recuperar-valor-libro\" href=\"http:\/\/datos.cis.es\/pdf\/Es3047mar_A.pdf\" target=\"_blank\" rel=\"external nofollow\">la encuesta realizada en diciembre de 2014 por el CIS<\/a>\u00a0(pregunta 17). Estamos a la cola de Europa en h\u00e1bito de lectura, tal y como refleja el cuadro siguiente elaborado a partir del informe \u201c<a title=\"futuro-industria-cultural, facturaci\u00f3n-industria-editorial, cierre-librerias, tejido-de-librerias, crear-lectores, recuperar-valor-libro\" href=\"http:\/\/ec.europa.eu\/public_opinion\/archives\/ebs\/ebs_399_en.pdf\" target=\"_blank\" rel=\"external nofollow\">Special Eurobarometer 399<\/a>\u201d tras una encuesta realizada por la Comisi\u00f3n Europea en los pa\u00edses miembros de la Uni\u00f3n Europea en 2013, a la pregunta: \u201cEn los \u00faltimos 12 meses, \u00bfcu\u00e1ntas veces ha le\u00eddo usted un libro\u201d.<\/p>\n<p><a href=\"http:\/\/serescritor.com\/wp-content\/uploads\/2015\/03\/N\u00famero-de-libros-le\u00eddos-por-cada-habitante-en-la-UE.jpg\" rel=\"external nofollow\"><img loading=\"lazy\" class=\"aligncenter\" src=\"\/\/serescritor.com\/wp-content\/uploads\/2015\/03\/N\u00famero-de-libros-le\u00eddos-por-cada-habitante-en-la-UE.jpg\" alt=\"N\u00famero de libros le\u00eddos por cada habitante en la UE\" width=\"640\" height=\"408\" \/><\/a><\/p>\n<p>Este \u201c<strong>Plan Integral para el Fomento del Libro y la Lectura<\/strong>\u201d que se va a presentar al Gobierno pretende \u2500entre otras cosas\u2500 recuperar el valor del libro como agente de progreso y mejorar la comprensi\u00f3n lectora de nuestros estudiantes\u2026 y tambi\u00e9n de nuestros docentes.\u00a0<a title=\"futuro-industria-cultural, facturaci\u00f3n-industria-editorial, cierre-librerias, tejido-de-librerias, crear-lectores, recuperar-valor-libro\" href=\"http:\/\/www.abc.es\/local-castilla-leon\/20140322\/abci-educacion-futuro-salvador-rufino-201403221823.html\" target=\"_blank\" rel=\"external nofollow\">El futuro de un pa\u00eds depende de la educaci\u00f3n<\/a>\u00a0que reciban los j\u00f3venes, pero \u00bfcree alguien que los dirigentes est\u00e1n por la labor? Los recortes presupuestarios que han adoptado no van en esa direcci\u00f3n y, cada vez, queda menos tiempo para rectificar. Si hay algo que debe preocupar a la ciudadan\u00eda es la escasa preocupaci\u00f3n que manifiestan los pol\u00edticos para planificar el largo plazo.<\/p>\n<!-- AddThis Advanced Settings generic via filter on the_content --><!-- AddThis Share Buttons generic via filter on the_content -->","protected":false},"excerpt":{"rendered":"<p>El mercado editorial espa\u00f1ol ha vuelto a tener un comportamiento negativo en 2014.\u00a0Las ventas realizadas por las librer\u00edas independientes asociadas a CEGAL\u00a0\u2500que representan el 45% del total de los libros vendidos en Espa\u00f1a\u2500 han bajado un 6\u20195% con respecto a 2103, con lo cual la ca\u00edda supera el 40% desde que empez\u00f3 la crisis en [&hellip;]<!-- AddThis Advanced Settings generic via filter on get_the_excerpt --><!-- AddThis Share Buttons generic via filter on get_the_excerpt --><\/p>\n","protected":false},"author":94,"featured_media":0,"comment_status":"open","ping_status":"closed","sticky":false,"template":"","format":"standard","meta":[],"categories":[8,11],"tags":[54,79,173,179,363,402],"_links":{"self":[{"href":"https:\/\/blogs.diariovasco.com\/ser-escritor\/wp-json\/wp\/v2\/posts\/53"}],"collection":[{"href":"https:\/\/blogs.diariovasco.com\/ser-escritor\/wp-json\/wp\/v2\/posts"}],"about":[{"href":"https:\/\/blogs.diariovasco.com\/ser-escritor\/wp-json\/wp\/v2\/types\/post"}],"author":[{"embeddable":true,"href":"https:\/\/blogs.diariovasco.com\/ser-escritor\/wp-json\/wp\/v2\/users\/94"}],"replies":[{"embeddable":true,"href":"https:\/\/blogs.diariovasco.com\/ser-escritor\/wp-json\/wp\/v2\/comments?post=53"}],"version-history":[{"count":0,"href":"https:\/\/blogs.diariovasco.com\/ser-escritor\/wp-json\/wp\/v2\/posts\/53\/revisions"}],"wp:attachment":[{"href":"https:\/\/blogs.diariovasco.com\/ser-escritor\/wp-json\/wp\/v2\/media?parent=53"}],"wp:term":[{"taxonomy":"category","embeddable":true,"href":"https:\/\/blogs.diariovasco.com\/ser-escritor\/wp-json\/wp\/v2\/categories?post=53"},{"taxonomy":"post_tag","embeddable":true,"href":"https:\/\/blogs.diariovasco.com\/ser-escritor\/wp-json\/wp\/v2\/tags?post=53"}],"curies":[{"name":"wp","href":"https:\/\/api.w.org\/{rel}","templated":true}]}}