{"id":64,"date":"2016-03-01T19:36:31","date_gmt":"2016-03-01T18:36:31","guid":{"rendered":"http:\/\/blogs.diariovasco.com\/ser-escritor\/?p=64"},"modified":"2016-03-01T19:36:31","modified_gmt":"2016-03-01T18:36:31","slug":"el-futuro-de-las-pensiones","status":"publish","type":"post","link":"https:\/\/blogs.diariovasco.com\/ser-escritor\/2016\/03\/01\/el-futuro-de-las-pensiones\/","title":{"rendered":"El futuro de las pensiones"},"content":{"rendered":"<p><a href=\"http:\/\/www.nuevatribuna.es\/articulo\/cultura---ocio\/escritor-jubilado-enemigo-publico\/20160118191652124468.html\" target=\"_blank\" rel=\"external nofollow\">El mundo de la cultura anda un tanto \u201crevueltillo\u201d <\/a>desde que la Inspecci\u00f3n de la Seguridad Social ha empezado a investigar las declaraciones fiscales de los artistas y creadores jubilados. Es sabido que algunos de ellos <a href=\"http:\/\/serescritor.com\/el-escritor-jubilado-y-la-seguridad-social\/\" target=\"_blank\" rel=\"external nofollow\">cobran una pensi\u00f3n de jubilaci\u00f3n y, al mismo tiempo, reciben una remuneraci\u00f3n en concepto de \u201cderechos de autor\u201d<\/a>, lo cual s\u00f3lo es posible si los ingresos obtenidos por tal concepto son inferiores al SMI (<a href=\"http:\/\/www.salariominimo.es\/\" target=\"_blank\" rel=\"external nofollow\">salario m\u00ednimo interprofesional<\/a>), que actualmente es de 9.172,80 euros anuales, tal y como establece el decreto ley 5\/2013.<\/p>\n<p>La disposici\u00f3n entr\u00f3 en vigor el 17 de marzo de 2013, ya que, hasta esa fecha, las dos percepciones eran compatibles sin ninguna limitaci\u00f3n. Ahora, si un ciudadano de m\u00e1s de 65 a\u00f1os quiere seguir ejerciendo su profesi\u00f3n \u2015no s\u00f3lo la de escritor\u2015, lo puede hacer, <a href=\"http:\/\/www.hispajuris.es\/blog\/circulares\/medidas-para-favorecer-la-continuidad-de-la-vida-laboral-de-los-trabajadores-de-mayor-edad-y-promover-el-envejecimiento-activo\/\" target=\"_blank\" rel=\"external nofollow\">pero ha de renunciar previamente a la mitad de la pensi\u00f3n que le corresponde<\/a> y darse de alta en la Seguridad Social\u00a0 cotizando un 8% como \u201ccuota de solidaridad\u201d y un 1,35% para cubrir la contingencia de accidente laboral. Y si no la hace, perder\u00e1 su pensi\u00f3n de todo un a\u00f1o, cada vez que perciba por cualquier concepto unos ingresos superiores al SMI.<!--more--><\/p>\n<p>La norma se aplica no s\u00f3lo a los escritores profesionales que cobran regularmente sus \u201cderechos de autor\u201d. Tambi\u00e9n perder\u00eda su pensi\u00f3n el jubilado que decide escribir un cuento\u2015el sue\u00f1o de su vida que no ha podido realizar hasta ese momento\u2015, lo presenta a un concurso literario dotado con 10.000 euros y lo gana. \u00bfNo es eso un castigo excesivo para quien ha cumplido la edad legal de jubilaci\u00f3n y ha cotizado durante los 40 a\u00f1os de su vida laboral?<\/p>\n<p>Uno podr\u00eda entender que el Gobierno est\u00e9 preocupado: las cuentas no salen, el sistema de pensiones es insostenible y <a href=\"http:\/\/elpais.com\/elpais\/2016\/02\/02\/opinion\/1454440467_263540.html\" target=\"_blank\" rel=\"external nofollow\">el sistema fiscal actual es incapaz de financiar el estado de bienestar<\/a> al que nos han acostumbrado. Veamos por qu\u00e9:<\/p>\n<p><strong>1.- Los pensionistas reciben m\u00e1s de lo que aportan<\/strong>. Seg\u00fan un informe interno elaborado en 2013 por t\u00e9cnicos de la Seguridad Social, <a href=\"http:\/\/www.lavanguardia.com\/economia\/20130609\/54375817051\/pensionistas-reciben-cuatro-veces-mas-media-aportan.html\" target=\"_blank\" rel=\"external nofollow\">los pensionistas reciben cuatro veces (entre 2,5 y 7 veces) m\u00e1s de lo que han aportado a lo largo de su vida laboral<\/a>. Este enorme d\u00e9ficit que se ha ido acumulando a lo largo de los \u00faltimos veinte a\u00f1os explica la situaci\u00f3n de ruina en que se encuentra la Seguridad Social.<\/p>\n<p>Es cierto que, hasta la fecha, muy pocos trabajadores han cotizado m\u00e1s de cuarenta a\u00f1os. Por otra parte, como la pensi\u00f3n se calcula sobre la base de cotizaci\u00f3n de los quince \u00faltimos a\u00f1os, ha sido pr\u00e1ctica habitual cotizar por el m\u00ednimo hasta llegar a la edad de 50 a\u00f1os. Las cosas han mejorado algo, pero todav\u00eda se sigue haciendo, ya que la ley lo permite.<\/p>\n<p>Los n\u00fameros muchas veces ayudan a entender los conceptos. Por eso hemos realizado unos c\u00e1lculos sencillos para conocer la tasa de cobertura que tiene el Fondo de Pensiones la Seguridad Social para afrontar sus compromisos de jubilaci\u00f3n sobre dos casos extremos. <a href=\"http:\/\/serescritor.com\/wp-content\/uploads\/2016\/02\/El-primero-se-refiere-a-un-licenciado-que-empieza-a-trabajar-en-2016-con-25-a\u00f1os.pdf\" rel=\"external nofollow\">El primero se refiere a un licenciado que empieza a trabajar en 2016 con 25 a\u00f1os<\/a>, que se jubilar\u00e1 a los 67 y que cotizar\u00e1 por el m\u00e1ximo durante 42 a\u00f1os. <a href=\"http:\/\/serescritor.com\/wp-content\/uploads\/2016\/02\/El-segundo-se-refiere-a-un-ama-de-casa-que-a-los-52-a\u00f1os-empieza-a-trabajar-en-2016.pdf\" rel=\"external nofollow\">El segundo se refiere a un ama de casa que a los 52 a\u00f1os empieza a trabajar en 2016,<\/a>\u00a0hasta los 67 y va a cotizar por el m\u00ednimo durante 15 a\u00f1os.<\/p>\n<p>En ambos casos, se ha supuesto que la inflaci\u00f3n es CERO para todo el periodo. Tomando como base<a href=\"http:\/\/www.ine.es\/prensa\/np870.pdf\" target=\"_blank\" rel=\"external nofollow\"> la esperanza de vida que estima el Instituto Nacional de Estad\u00edstica<\/a>, se ha confeccionado una tabla para cada caso con cuatro tipos de revalorizaci\u00f3n media anual del capital por encima de la inflaci\u00f3n, desde 0% a 2%. Los resultados son concluyentes y se podr\u00eda asegurar que, en su conjunto, las necesidades financieras estar\u00edan cercanas al doble de los recursos disponibles.<\/p>\n<p><strong>2.- La solidaridad intergeneracional ha quedado anticuada. <\/strong>El r\u00e9gimen p\u00fablico de pensiones en Espa\u00f1a funciona sobre la base de que las prestaciones que reciben los pensionistas se obtienen de las cotizaciones de los trabajadores en activo. <a href=\"http:\/\/www.spensiones.cl\/portal\/orientacion\/580\/w3-article-2818.html\" target=\"_blank\" rel=\"external nofollow\">Este sistema de reparto est\u00e1 basado en el principio de solidaridad intergeneracional<\/a> y su sostenibilidad depende de la proporci\u00f3n entre el n\u00famero de trabajadores activos y el de personas que reciben una pensi\u00f3n. La f\u00f3rmula tuvo su raz\u00f3n de ser en el momento en que se implant\u00f3, all\u00e1 por los a\u00f1os 60 del siglo XX, cuando no exist\u00eda fondo alguno y la factura era reducida. Pero ahora ya no sirve, cuando <a href=\"http:\/\/www.eleconomista.es\/economia\/noticias\/6662090\/04\/15\/Solo-hay-dos-trabajadores-en-activo-por-cada-pensionista-en-Espana.html\" target=\"_blank\" rel=\"external nofollow\">esa proporci\u00f3n ha pasado de cuatro a finales de los a\u00f1os setenta a dos en la actualidad<\/a>.<\/p>\n<p>Si este \u00edndice es ya preocupante, <strong>el futuro es imposible<\/strong>. Aunque el Instituto Nacional de Estad\u00edstica estima que, hacia el a\u00f1o 2050, esa proporci\u00f3n se habr\u00e1 reducido a uno y medio, otros expertos creen que tan s\u00f3lo <a href=\"http:\/\/www.lasexta.com\/programas\/sexta-noche\/noticias\/juan-ramon-rallo-gobierno-2050-ser-incapaz-mantener-pensiones-ahora_2016020700013.html\" target=\"_blank\" rel=\"external nofollow\">habr\u00e1 un trabajador afiliado por cada pensionista<\/a>, debido a la evoluci\u00f3n demogr\u00e1fica (la poblaci\u00f3n mayor de 65 a\u00f1os pasar\u00e1 del 18,2% en 2014 al 24,9% en 2025 y al 38,7% en 2064) y al nulo crecimiento \u2015o muy peque\u00f1o\u2015 de la poblaci\u00f3n activa.<\/p>\n<p><strong>3.- El fondo de reserva se agotar\u00e1 en 2018<\/strong>. <a href=\"http:\/\/www1.seg-social.es\/ActivaInternet\/groups\/public\/documents\/rev_anexo\/rev_034737.pdf\" target=\"_blank\" rel=\"external nofollow\">La Seguridad Social destinar\u00e1 este a\u00f1o 119.000 millones de euros a pagar las pensiones de jubilaci\u00f3n contributivas<\/a> \u2015aqu\u00e9llas que derivan de haber cotizado al menos durante quince a\u00f1os\u2015. Esta cantidad supone un 85% de su presupuesto total y, a su vez, un crecimiento del 2,83% respecto al a\u00f1o anterior. Lejos de frenarse, esta tendencia se prolongar\u00e1 en el tiempo, debido a tres causas: esperanza de vida m\u00e1s larga; aumento del n\u00famero de beneficiarios (<a href=\"http:\/\/www.europapress.es\/economia\/laboral-00346\/noticia-gasto-numero-pensiones-crecen-agosto-menor-ritmo-interanual-13-anos-20150825094629.html\" target=\"_blank\" rel=\"external nofollow\">a un ritmo del 1% anual<\/a>, al que habr\u00e1 que a\u00f1adir <a href=\"https:\/\/envejecimientoenred.wordpress.com\/2015\/06\/30\/la-jubilacion-del-baby-boom-en-espana-motivo-de-preocupacion\/\" target=\"_blank\" rel=\"external nofollow\">la generaci\u00f3n del baby-boom<\/a> que comenzar\u00e1 a jubilarse a partir de 2020) y mayor cuant\u00eda de la pensi\u00f3n (entre 2011-2015, la pensi\u00f3n media ha superado en m\u00e1s de 6 puntos la variaci\u00f3n del IPC).<\/p>\n<p>Este dinero se paga con las cotizaciones que realizan los ciudadanos que hoy trabajan. Pero como no alcanza, el Estado ha de financiar la diferencia. Esa diferencia ha sido de 13.000 millones de euros en 2015 y, como ya hemos visto, seguir\u00e1 creciendo en los a\u00f1os venideros, hasta que alcance valores inasumibles. <a href=\"http:\/\/economia.elpais.com\/economia\/2016\/01\/29\/actualidad\/1454075819_576126.html\" target=\"_blank\" rel=\"external nofollow\">El Fondo de Reserva apenas dispone de 32.485 euros al cierre de diciembre de 2015<\/a> \u2015la mitad que en 2011\u2015, justo para atender los compromisos de tres meses. <a href=\"http:\/\/www.eleconomista.es\/economia\/noticias\/6970716\/08\/15\/El-Fondo-de-Reserva-se-agotara-en-2018-al-ritmo-de-disposicion-actual.htm\" target=\"_blank\" rel=\"external nofollow\">Se estima que se agotar\u00e1 en 2018<\/a>, con lo cual el Estado se ver\u00e1 obligado a cubrir el d\u00e9ficit en su totalidad.<\/p>\n<p>\u00bfCu\u00e1nto dinero necesitar\u00eda ese Fondo de Reserva para atender las necesidades que va a tener la Seguridad Social en el futuro, sin echar mano de los ingresos que ahora recibe? Probablemente m\u00e1s de 1,5 billones de euros, una suma fant\u00e1stica equivalente al PIB espa\u00f1ol de a\u00f1o y medio. Si al menos las cuentas del Estado estuvieran saneadas, se podr\u00eda destinar parte del presupuesto. Pero no; los ingresos no alcanzan a cubrir los gastos \u2015 el d\u00e9ficit presupuestario cerr\u00f3 2015 <a href=\"http:\/\/economia.elpais.com\/economia\/2016\/02\/11\/actualidad\/1455205966_664485.html\" target=\"_blank\" rel=\"external nofollow\">con un d\u00e9ficit del 4,5% sobre el PIB<\/a> \u2015 y no es posible endeudarse m\u00e1s, ya que <a href=\"http:\/\/www.eleconomista.es\/economia\/noticias\/6638109\/04\/15\/Sin-maquillaje-la-deuda-publica-asciende-al-1441-del-PIB-mas-de-un-billon-y-medio-de-euros.html\" target=\"_blank\" rel=\"external nofollow\">la deuda p\u00fablica est\u00e1 por las nubes<\/a>.<\/p>\n<p>Si a estos 119.000 millones de euros que cuestan s\u00f3lo las pensiones contributivas, <a href=\"http:\/\/www.rtve.es\/noticias\/20120418\/preguntas-respuestas-sobre-financiacion-sanidad-espanola\/514688.shtml\" target=\"_blank\" rel=\"external nofollow\">se a\u00f1aden los 70.000 que cuesta la Sanidad P\u00fablica<\/a>, la factura ser\u00eda m\u00e1s o menos equivalente a la suma de todos los ingresos que recibe por v\u00eda tributaria, sin contar, claro est\u00e1, las cotizaciones a la Seguridad Social que, en buen l\u00f3gica, tendr\u00edan que guardarse para devolver a los afiliados el capital invertido cuando les llegue la hora de la jubilaci\u00f3n. Su presupuesto se destinar\u00eda \u00edntegramente a financiar estas dos partidas y no le quedar\u00eda dinero ni para pagar a sus funcionarios.<\/p>\n<p><strong>4.- La pensi\u00f3n de jubilaci\u00f3n es un derecho, no una d\u00e1diva<\/strong><\/p>\n<p>A la largo de su vida laboral, el trabajador <strong>est\u00e1 obligado<\/strong> a abonar todos los meses a la Seguridad Social una parte de su salario bruto hasta alcanzar la edad de jubilaci\u00f3n, con el fin de crear un fondo \u2015la caja \u00fanica\u2015 que servir\u00e1 para pagarle una pensi\u00f3n vitalicia cuando decida retirarse. <strong>Es pues un dinero suyo, que le pertenece<\/strong>, y que el Estado est\u00e1 obligado a devolver. Es una renta de capital de car\u00e1cter inalienable que le pertenece y no una donaci\u00f3n graciosa del Estado, como muchos todav\u00eda creen.<\/p>\n<p>Y si el Estado se ha equivocado en los c\u00e1lculos y ha prometido cosas imposibles de cumplir, es un problema suyo y tendr\u00e1 que afrontar las consecuencias. Pero, si no dispone de recursos, \u00bfc\u00f3mo va a hacerlo? Al final, nos dir\u00e1n que el Estado somos todos y que entre todos tenemos que pagar la deuda. Pues que lo digan cuanto antes, para que lo bola no siga creciendo.<\/p>\n<p>Pero no; el Gobierno no se da por enterado, sino todo lo contrario. Tanto <a href=\"https:\/\/www.boe.es\/boe\/dias\/2013\/02\/23\/pdfs\/BOE-A-2013-2030.pdf\" target=\"_blank\" rel=\"external nofollow\">el programa de ayudas a la contrataci\u00f3n<\/a> (Decreto-Ley 4\/2013) y <a href=\"https:\/\/www.boe.es\/boe\/dias\/2013\/02\/23\/pdfs\/BOE-A-2013-2030.pdf\" target=\"_blank\" rel=\"external nofollow\">la tarifa plana para los aut\u00f3nomos<\/a> (Decreto-Ley 31\/2015, aprobada tres meses antes de las elecciones generales) <a href=\"http:\/\/economia.elpais.com\/economia\/2014\/10\/03\/actualidad\/1412363282_697054.html\" target=\"_blank\" rel=\"external nofollow\">han reducido los ingresos en m\u00e1s de 1.600 millones de euros<\/a>, con lo cual el d\u00e9ficit de la Seguridad Social seguir\u00e1 creciendo en los a\u00f1os venideros. \u00bfQu\u00e9 derecho tiene un partido a dictar leyes que merman el patrimonio de un fondo que no le pertenece? \u00bfNo tendr\u00e1 alguna responsabilidad penal al hacerlo?<\/p>\n<p><a href=\"http:\/\/www.eleconomista.es\/espana\/noticias\/6293400\/12\/14\/Es-sostenible-el-sistema-publico-de-pensiones-Posibles-soluciones-para-el-futuro.html\" target=\"_blank\" rel=\"external nofollow\">El modelo actual de pensiones es insostenible<\/a> y quiz\u00e1 no tenga ya salida. A pesar de la gravedad del asunto, nadie parece estar preocupado. Y las pocas voces sensatas que se han alzado a denunciar el fiasco <a href=\"http:\/\/www.elmundo.es\/espana\/2015\/06\/25\/558bbf82268e3e21448b4577.html\" target=\"_blank\" rel=\"external nofollow\">han sido acusadas de alarmistas y reaccionarias<\/a>. Como le ha ocurrido al gobernador del Banco de Espa\u00f1a, Luis Mar\u00eda Linde, tras afirmar que \u201c<a href=\"https:\/\/inversorglobal.es\/2015\/06\/el-gobernador-del-banco-de-espana-destapa-la-insostenibilidad-del-sistema-de-pensiones\/\" target=\"_blank\" rel=\"external nofollow\">El sistema p\u00fablico no va a garantizar el nivel de las pensiones<\/a>. No decirlo es ocultar la realidad a los espa\u00f1oles\u201d. \u00a1<a href=\"http:\/\/serescritor.com\/%C2%A1que-pais-miquelarena\/\" target=\"_blank\" rel=\"external nofollow\">Qu\u00e9 pa\u00eds Miquelarena<\/a>!<\/p>\n<!-- AddThis Advanced Settings generic via filter on the_content --><!-- AddThis Share Buttons generic via filter on the_content -->","protected":false},"excerpt":{"rendered":"<p>El mundo de la cultura anda un tanto \u201crevueltillo\u201d desde que la Inspecci\u00f3n de la Seguridad Social ha empezado a investigar las declaraciones fiscales de los artistas y creadores jubilados. Es sabido que algunos de ellos cobran una pensi\u00f3n de jubilaci\u00f3n y, al mismo tiempo, reciben una remuneraci\u00f3n en concepto de \u201cderechos de autor\u201d, lo [&hellip;]<!-- AddThis Advanced Settings generic via filter on get_the_excerpt --><!-- AddThis Share Buttons generic via filter on get_the_excerpt --><\/p>\n","protected":false},"author":94,"featured_media":0,"comment_status":"open","ping_status":"closed","sticky":false,"template":"","format":"standard","meta":[],"categories":[4,11,12],"tags":[38,83,193,309,375,394],"_links":{"self":[{"href":"https:\/\/blogs.diariovasco.com\/ser-escritor\/wp-json\/wp\/v2\/posts\/64"}],"collection":[{"href":"https:\/\/blogs.diariovasco.com\/ser-escritor\/wp-json\/wp\/v2\/posts"}],"about":[{"href":"https:\/\/blogs.diariovasco.com\/ser-escritor\/wp-json\/wp\/v2\/types\/post"}],"author":[{"embeddable":true,"href":"https:\/\/blogs.diariovasco.com\/ser-escritor\/wp-json\/wp\/v2\/users\/94"}],"replies":[{"embeddable":true,"href":"https:\/\/blogs.diariovasco.com\/ser-escritor\/wp-json\/wp\/v2\/comments?post=64"}],"version-history":[{"count":0,"href":"https:\/\/blogs.diariovasco.com\/ser-escritor\/wp-json\/wp\/v2\/posts\/64\/revisions"}],"wp:attachment":[{"href":"https:\/\/blogs.diariovasco.com\/ser-escritor\/wp-json\/wp\/v2\/media?parent=64"}],"wp:term":[{"taxonomy":"category","embeddable":true,"href":"https:\/\/blogs.diariovasco.com\/ser-escritor\/wp-json\/wp\/v2\/categories?post=64"},{"taxonomy":"post_tag","embeddable":true,"href":"https:\/\/blogs.diariovasco.com\/ser-escritor\/wp-json\/wp\/v2\/tags?post=64"}],"curies":[{"name":"wp","href":"https:\/\/api.w.org\/{rel}","templated":true}]}}