{"id":10196,"date":"2019-05-01T06:00:09","date_gmt":"2019-05-01T05:00:09","guid":{"rendered":"https:\/\/blogs.diariovasco.com\/series-gourmets\/?p=10196"},"modified":"2019-04-30T11:13:26","modified_gmt":"2019-04-30T10:13:26","slug":"vota-juan-javier-camara-para-presidente","status":"publish","type":"post","link":"https:\/\/blogs.diariovasco.com\/series-gourmets\/2019\/05\/01\/vota-juan-javier-camara-para-presidente\/","title":{"rendered":"Vota Juan : Javier C\u00e1mara para presidente"},"content":{"rendered":"<p>En plena resaca electoral tras las elecciones del pasado domingo y antes de que empiece dentro de pocas semanas otra nueva campa\u00f1a electoral, nos ha parecido oportuno dedicar una semana tem\u00e1tica a series donde las elecciones y la pol\u00edtica son el eje central de las historias, aprovechando estrenos recientes y otras con temas de rabiosa actualidad en alg\u00fan pa\u00eds remoto.<\/p>\n<p>Nada mejor para empezar este peque\u00f1o ciclo que hablarles de &#8216;Vota Juan&#8217; una propuesta reciente en forma de s\u00e1tira mordaz de las andanzas tragic\u00f3micas de un ministro de agricultura, mas espabilado que inteligente y sus aspiraciones para acceder a la Moncloa,\u00a0 donde destaca por encima de todo\u00a0 la gran actuaci\u00f3n de Javier C\u00e1mara.<\/p>\n<p>Por desgracia no todo me ha parecido a la altura de ese gran actor y el resultado ha pecado de una cierta descompensaci\u00f3n en cuanto al desarrollo de muchos personajes secundarios. Eso no quita que globalmente el personaje de Juan Carrasco aguante la serie por si solo, pero le ha faltado esa coralidad necesaria en este tipo de series con el resto de su equipo y de su familia para ser algo grande,\u00a0 como les voy a analizar a continuaci\u00f3n.<\/p>\n<p><strong><img loading=\"lazy\" class=\"aligncenter size-full wp-image-10201\" src=\"https:\/\/static-blogs.diariovasco.com\/wp-content\/uploads\/sites\/37\/2019\/04\/cuarteto.jpeg\" alt=\"cuarteto\" width=\"1500\" height=\"999\" srcset=\"https:\/\/static-blogs.diariovasco.com\/wp-content\/uploads\/sites\/37\/2019\/04\/cuarteto.jpeg 1500w, https:\/\/static-blogs.diariovasco.com\/wp-content\/uploads\/sites\/37\/2019\/04\/cuarteto-300x200.jpeg 300w, https:\/\/static-blogs.diariovasco.com\/wp-content\/uploads\/sites\/37\/2019\/04\/cuarteto-768x511.jpeg 768w, https:\/\/static-blogs.diariovasco.com\/wp-content\/uploads\/sites\/37\/2019\/04\/cuarteto-628x418.jpeg 628w\" sizes=\"(max-width: 1500px) 100vw, 1500px\" \/>Ficha:<\/strong> Vota Juan 8+ episodios. 25 min\u00a0\u00a0 Ene 2019- TNT ( E)<\/p>\n<p><strong>Sinopsis:<\/strong>\u00a0Juan Carrasco es el actual Ministro de Agricultura del gobierno espa\u00f1ol, un puesto en el que todos sus compa\u00f1eros y rivales consideran que es su techo pol\u00edtico de una carrera iniciada en su Logro\u00f1o natal y que ha culminado con este salto a la pol\u00edtica nacional.<\/p>\n<p>El \u00fanico que no se conforma es el propio Juan Carrasco que considera que puede aspirar a las cotas m\u00e1s altas del partido a pesar de estar aparcado en ese ministerio de perfil bajo que le impide lucirse como a otros colegas del gabinete. Por ello empieza una campa\u00f1a soterrada, con la ayuda de los miembros de su gabinete de confianza, para postularse como candidato en las primarias de su partido y competir con el actual primer ministro para ser el pr\u00f3ximo cabeza de lista en las futuras elecciones.<\/p>\n<p><strong>El inicio:<\/strong> La mejor y m\u00e1s exitosa pareja de guionistas de comedia del panorama audiovisual espa\u00f1ol la componen el irundarra Diego San Jos\u00e9 ( foto inf) y el donostiarra Borja Cobeaga que desde que se conocieron en el m\u00edtico programa de ETB &#8216;Vaya Semanita&#8217; han colaborado en muchas ocasiones escribiendo pel\u00edculas tan taquilleras como &#8216;8 Apellidos Vascos&#8217; o &#8216;Superlopez&#8217;<\/p>\n<p><img loading=\"lazy\" class=\"aligncenter size-full wp-image-10203\" src=\"https:\/\/static-blogs.diariovasco.com\/wp-content\/uploads\/sites\/37\/2019\/04\/diego-san-jose.jpg\" alt=\"diego-san-jose\" width=\"621\" height=\"385\" srcset=\"https:\/\/static-blogs.diariovasco.com\/wp-content\/uploads\/sites\/37\/2019\/04\/diego-san-jose.jpg 621w, https:\/\/static-blogs.diariovasco.com\/wp-content\/uploads\/sites\/37\/2019\/04\/diego-san-jose-300x186.jpg 300w\" sizes=\"(max-width: 621px) 100vw, 621px\" \/>Uno de sus trabajos m\u00e1s desconocidos es un piloto que desarrollaron en 2014 para ETB, titulado &#8216;Aupa Josu&#8217; donde el protagonista era un Consejero de Agricultura y Pesca del gobierno vasco que aspira a ocupar la vacante del Consejero del Interior a toda costa, incluyendo negociar por su cuenta con ETA para tomar el pulso a la situaci\u00f3n y firmar la paz definitiva, como pueden ver en el trailer.<br \/>\n<iframe loading=\"lazy\" src=\"https:\/\/player.vimeo.com\/video\/122406678\" width=\"640\" height=\"360\" frameborder=\"0\" allowfullscreen=\"allowfullscreen\"><\/iframe><br \/>\nA pesar de tener una buena acogida y grandes audiencias, la televisi\u00f3n publica vasca decidi\u00f3 abandonar el proyecto y no continuar con la serie. La sorpresa para los creadores lleg\u00f3 cuando cuatro a\u00f1os m\u00e1s tarde la cadena TNT a trav\u00e9s de una productora les\u00a0 llam\u00f3\u00a0 para retomar esa idea inicial y desarrollar una serie pero centrada en el gobierno espa\u00f1ol.<\/p>\n<p>Las circunstancias laborales hicieron que Borja Cobeaga no pudiera desarrollar el proyecto, pero Diego San Jos\u00e9 no dud\u00f3 en aceptar el reto y llamar a su buen amigo Juan Cavestany ( Verg\u00fcenza, foto inf) ) para crear conjuntamente la serie con ese traspaso del pol\u00edtico de Vitoria a Madrid, pero creando todo desde cero sin apenas referencias del piloto inicial<\/p>\n<p><img loading=\"lazy\" class=\"size-full wp-image-10200\" src=\"https:\/\/static-blogs.diariovasco.com\/wp-content\/uploads\/sites\/37\/2019\/04\/cavestany.jpg\" alt=\"GRA162. MADRID, 18\/12\/2013.- Fotograf\u00cca facilitada por la agencia Prisma Ideas, del dramaturgo y director madrile\u00d2o Juan Cavestany, que ha presentado &quot;Gente en sitios&quot;, una pel\u00cccula &quot;sobre c\u00dbmo intentamos resolver las crisis&quot;. EFE\/ ***S\u201dLO USO EDITORIAL***\" width=\"630\" height=\"355\" srcset=\"https:\/\/static-blogs.diariovasco.com\/wp-content\/uploads\/sites\/37\/2019\/04\/cavestany.jpg 630w, https:\/\/static-blogs.diariovasco.com\/wp-content\/uploads\/sites\/37\/2019\/04\/cavestany-300x169.jpg 300w, https:\/\/static-blogs.diariovasco.com\/wp-content\/uploads\/sites\/37\/2019\/04\/cavestany-628x354.jpg 628w\" sizes=\"(max-width: 630px) 100vw, 630px\" \/><\/p>\n<p>Con el proyecto en marcha consiguieron incorporar al mismo como protagonista a Javier C\u00e1mara, por lo que autom\u00e1ticamente se convirti\u00f3 en uno de los estrenos m\u00e1s esperados de este a\u00f1o 2019 con una gran campa\u00f1a promocional con videos como el siguiente.<br \/>\n<iframe loading=\"lazy\" src=\"https:\/\/www.youtube.com\/embed\/GeZzd9sLUIE\" width=\"560\" height=\"315\" frameborder=\"0\" allowfullscreen=\"allowfullscreen\"><\/iframe><\/p>\n<p><strong>La trama:<\/strong> &#8216;Vota Juan&#8217; est\u00e1 planteada para mostrarnos la gran evoluci\u00f3n del personaje de Juan Carrasco, desde ese techo pol\u00edtico al que le han condenado, a tener todo tipo de aspiraciones pol\u00edticas por una serie de circunstancias y coincidencias junto a su propia inconsciencia. Todo ello le va a permitir romper ese techo de cristal en el que estaba confinado, como muestran en el primer trailer de la serie.<br \/>\n<iframe loading=\"lazy\" src=\"https:\/\/www.youtube.com\/embed\/fKNjwYx6jqo\" width=\"560\" height=\"315\" frameborder=\"0\" allowfullscreen=\"allowfullscreen\"><\/iframe><br \/>\nEsa evoluci\u00f3n del personaje de Juan Carrasco va a tener como compa\u00f1eros de viaje\u00a0 a su gabinete ministerial , compuesto por su jefa de prensa Macarena que es su persona de confianza desde sus inicios en la pol\u00edtica local riojana acompa\u00f1ada de\u00a0 su jefa de gabinete Carmen M\u00fcller una sanguijuela profesional dispuesta a saltar y chupar la sangre de otra persona sin dudarlo.<\/p>\n<p>El\u00a0\u00a0equipo lo completa su asistente personal Victor Sanz, un joven pelota lameculos que no ha dado un palo al agua en su vida y que siente un verdadero p\u00e1nico esc\u00e9nico por tener que abandonar por edad las juventudes del partido, donde ha medrado desde siempre, impartiendo consejos tan vac\u00edos como el del siguiente video.<br \/>\n<iframe loading=\"lazy\" src=\"https:\/\/www.youtube.com\/embed\/nDiIwP0CgwA\" width=\"560\" height=\"315\" frameborder=\"0\" allowfullscreen=\"allowfullscreen\"><\/iframe><br \/>\nEl lado familiar de Juan Carrasco no es mucho mejor al tener totalmente abandonadas a su mujer y a su hija adolescente en Logro\u00f1o, porque considera que pueden ser un engorro para la imagen moderna que quiere proyectar, como pueden ver en este corte donde intenta convencer a su hija sobre las razones de su no aparici\u00f3n en un programa familiar y que me sirve para que puedan intuir alguno de los problemas de la serie.<br \/>\n<iframe loading=\"lazy\" src=\"https:\/\/www.youtube.com\/embed\/R5HqtU02gG8\" width=\"560\" height=\"315\" frameborder=\"0\" allowfullscreen=\"allowfullscreen\"><\/iframe><br \/>\nJuan Carrasco pertenece a esa generaci\u00f3n de pol\u00edticos anal\u00f3gicos que intentan comprender el poder actual de las redes sociales y que como suele suceder, solo se queda en la superficie de los &#8216;likes&#8217; y el numero de seguidores, sin comprender los efectos que pueden tener como arma arrojadiza que no puede manejar a su antojo cuando mete la pata. Algo que va a aprender escald\u00e1ndose muchas veces, cuando en el fondo lo \u00fanico que busca es que le quieran y ser apreciado, m\u00e1s que el propio poder que conlleva el cargo.<\/p>\n<p>El ministro es mostrado en sus cap\u00edtulos iniciales como un pol\u00edtico bastante inepto con una innegable capacidad para meter la pata en bastantes ocasiones pero que tiene la suficiente astucia para poder escabullirse de esos embolados en que se mete, derivando la culpa a alg\u00fan chivo expiatorio o haciendo algo\u00a0compensatorio\u00a0\u00a0que para se olvide r\u00e1pidamente el problema.<\/p>\n<p>Cada episodio se centra en una crisis semanal que puede ser desde alguna competencia de su ministerio hasta alg\u00fan problema de imagen para ir desarrollando el hilo de continuidad de su ascenso dentro del partido a partir de esos pasos parciales. La t\u00e9cnica utilizada es la que suelo denominar del &#8216;espectador del choque de trenes&#8217; donde nosotros somos conscientes del batacazo que se va a dar por las decisiones que toma ( el episodio del jam\u00f3n en Badajoz es el mejor ejemplo) pero no podemos dejar de mirar la pantalla esperando ese choque previsto .<\/p>\n<p>El problema principal de la serie me ha venido por la enorme descompensaci\u00f3n del reparto y del desarrollo de algunos personajes, ya que mientras tanto Javier C\u00e1mara como Maria Pujalte est\u00e1n esplendidos, el resto cojea bastante por la parte actoral , desde la unidimensionalidad del ayudante pelota que interpreta Adam Jerzinsky , hasta la completa desubicaci\u00f3n y p\u00e9simo encaje en el equipo de Nuria Menc\u00eda como la jefa de gabinete.<\/p>\n<p>Las cosas me han parecido todav\u00eda peores en el terreno familiar donde ni la madre (Ya\u00ebl Belicha) ni la hija ( Esty Quesada) hacen que el espectador pueda empatizar mucho con su abandono y repudio por parte del pol\u00edtico, por mucha popularidad o seguidores en redes sociales que tenga alguna de esas actrices que me ha parecido un flagrante error de casting visto lo visto en la pantalla.<\/p>\n<p><img loading=\"lazy\" class=\"aligncenter size-full wp-image-10199\" src=\"https:\/\/static-blogs.diariovasco.com\/wp-content\/uploads\/sites\/37\/2019\/04\/vida-familiar.jpg\" alt=\"vida-familiar\" width=\"1080\" height=\"720\" srcset=\"https:\/\/static-blogs.diariovasco.com\/wp-content\/uploads\/sites\/37\/2019\/04\/vida-familiar.jpg 1080w, https:\/\/static-blogs.diariovasco.com\/wp-content\/uploads\/sites\/37\/2019\/04\/vida-familiar-300x200.jpg 300w, https:\/\/static-blogs.diariovasco.com\/wp-content\/uploads\/sites\/37\/2019\/04\/vida-familiar-768x512.jpg 768w, https:\/\/static-blogs.diariovasco.com\/wp-content\/uploads\/sites\/37\/2019\/04\/vida-familiar-628x419.jpg 628w\" sizes=\"(max-width: 1080px) 100vw, 1080px\" \/>He disfrutado mucho con la interpretaci\u00f3n de Javier C\u00e1mara y en especial con el riesgo que han tomado sus creadores huyendo de la comedia de gags continuos que cabr\u00eda esperar, aunque me consta que a muchos les va a decepcionar si esperaban una comedia del creador de &#8216;8 Apellidos Vascos&#8217; con risas continuas, porque no va de ese palo, ni me consta que lo hayan intentado, como se puede ver en el segundo trailer<br \/>\n<iframe loading=\"lazy\" src=\"https:\/\/www.youtube.com\/embed\/B4dBJvPcSoA\" width=\"560\" height=\"315\" frameborder=\"0\" allowfullscreen=\"allowfullscreen\"><\/iframe><br \/>\nPersonalmente &#8216;Vota Juan&#8217; me ha gustado bastante m\u00e1s en el tramo final cuando ha evolucionado hacia el drama pol\u00edtico que en el tramo inicial mas centrado en las meteduras de patas semanales del ministro incompetente, que podr\u00eda haber sido muy redundante si no hubieran realizado ese giro m\u00e1s oscuro en el desarrollo de la serie.<\/p>\n<p>Hacer una comedia pol\u00edtica decente era una de las asignaturas pendientes de nuestra industria audiovisual y por lo menos el intento, a pesar de esos desajustes, en mi opini\u00f3n ha valido la pena y es corregible en posteriores temporadas viendo donde han acabado en la 1T si acaba siendo renovada que a d\u00eda de hoy no lo est\u00e1.<\/p>\n<p>Por \u00faltimo mencionar que la mayor cr\u00edtica pol\u00edtica de la serie ven\u00eda dada en sus spots promocionales, m\u00e1s que en el propio argumento de la serie, como pueden comprobar en el siguiente v\u00eddeo, mucho m\u00e1s ca\u00f1ero que la propia serie.<br \/>\n<iframe loading=\"lazy\" src=\"https:\/\/www.youtube.com\/embed\/aaq5JwqHwdw\" width=\"560\" height=\"315\" frameborder=\"0\" allowfullscreen=\"allowfullscreen\"><\/iframe><\/p>\n<p><strong>Los actores:<\/strong> Javier C\u00e1mara es el alma y cuerpo de toda la serie gracias a su enorme interpretaci\u00f3n de Juan Carrasco un personaje al que es capaz de darle todo tipo de matices desde una enorme mezquindad y ruindad en determinados momentos, hasta parecernos entra\u00f1able y achuchable en otros, pasando por un continuo patetismo latente. C\u00e1mara es capaz de hacerlo con una enorme fluidez y con una enorme naturalidad, algo que muy pocos actores pueden o saben hacer.<\/p>\n<p><img loading=\"lazy\" class=\"aligncenter size-full wp-image-10198\" src=\"https:\/\/static-blogs.diariovasco.com\/wp-content\/uploads\/sites\/37\/2019\/04\/javier-camara.jpg\" alt=\"javier-camara\" width=\"900\" height=\"505\" srcset=\"https:\/\/static-blogs.diariovasco.com\/wp-content\/uploads\/sites\/37\/2019\/04\/javier-camara.jpg 900w, https:\/\/static-blogs.diariovasco.com\/wp-content\/uploads\/sites\/37\/2019\/04\/javier-camara-300x168.jpg 300w, https:\/\/static-blogs.diariovasco.com\/wp-content\/uploads\/sites\/37\/2019\/04\/javier-camara-768x431.jpg 768w, https:\/\/static-blogs.diariovasco.com\/wp-content\/uploads\/sites\/37\/2019\/04\/javier-camara-628x352.jpg 628w\" sizes=\"(max-width: 900px) 100vw, 900px\" \/>Riojano como su personaje, Javier C\u00e1mara se ha construido una carrera a pulso desde hace d\u00e9cadas, empezando por papelitos de lo m\u00e1s modestos para ir creciendo y creciendo hasta convertirse en un actor capaz de salir en grandes superproducciones internacionales como &#8216;The Young Pope&#8217; o &#8216;Narcos&#8217; tras ganar dos Goyas como actor y acaparar multiples nominaciones en este siglo.<\/p>\n<p>La \u00fanica actuaci\u00f3n que aguanta el tipo es la gran actriz que es Maria Pujalte (izq) , impecable como su mano derecha y jefa de prensa y que es la persona que mejor conoce a Juan Carrasco, casi mejor que el mismo Juan. La gallega lleva muchos a\u00f1os siendo uno de los rostros m\u00e1s populares de la televisi\u00f3n espa\u00f1ola gracias a series como &#8216;Periodistas&#8217; o &#8216;Los Misterios de Laura&#8217; y lo cierto es que sus di\u00e1logos e interacciones con Javier C\u00e1mara son oro puro.<\/p>\n<p><img loading=\"lazy\" class=\"aligncenter size-full wp-image-10197\" src=\"https:\/\/static-blogs.diariovasco.com\/wp-content\/uploads\/sites\/37\/2019\/04\/general-6.jpg\" alt=\"general\" width=\"660\" height=\"371\" srcset=\"https:\/\/static-blogs.diariovasco.com\/wp-content\/uploads\/sites\/37\/2019\/04\/general-6.jpg 660w, https:\/\/static-blogs.diariovasco.com\/wp-content\/uploads\/sites\/37\/2019\/04\/general-6-300x169.jpg 300w, https:\/\/static-blogs.diariovasco.com\/wp-content\/uploads\/sites\/37\/2019\/04\/general-6-628x353.jpg 628w\" sizes=\"(max-width: 660px) 100vw, 660px\" \/>Adam Jerzinsky es uno de los actores j\u00f3venes procedentes de la fruct\u00edfera cantera de &#8216;F\u00edsica y Qu\u00edmica&#8217; y que ha trabajado principalmente en comedias como &#8216; Gym Tony&#8217; o &#8216;La Peluqueria&#8217; . En esta ocasi\u00f3n no me ha convencido mucho como el atribulado ayudante pelota del ministro, pero tengo mis dudas si es porque el personaje era muy plano y sin apenas evoluci\u00f3n o porque el actor no lo ha defendido mejor, de todas formas el resultado final no me ha parecido bueno.<\/p>\n<p>Algo parecido\u00a0 pasa con el personaje que interpreta Nuria Mencia, una trepa pol\u00edtica bastante amargada y antip\u00e1tica que no he entendido lo que pintaba en ese equipo al ir siempre con su propia agenda que tampoco es que fuera muy interesante, sin que la actriz me haya convencido lo m\u00e1s m\u00ednimo en ese personaje.<\/p>\n<p><strong>El final:<\/strong><br \/>\nA d\u00eda de hoy la continuidad de &#8216;Vota Juan&#8217; sigue en el limbo, pero en mi caso, no me importar\u00eda seguir viendo la carrera pol\u00edtica de Juan Carrasco, un gran personaje que se merec\u00eda una mejor guarnici\u00f3n.<\/p>\n<p>Para finalizar les dejo con uno de esos videos de making off de la serie que siempre son entretenidos para conocer los entresijos de la misma, invit\u00e1ndoles a seguir el pr\u00f3ximo viernes y lunes con las dos entregas restantes de esta semana\u00a0 tem\u00e1tica que estamos dedicando a las series de alta pol\u00edtica y elecciones .<br \/>\n<iframe loading=\"lazy\" src=\"https:\/\/www.youtube.com\/embed\/QyMK3u7bdCY\" width=\"560\" height=\"315\" frameborder=\"0\" allowfullscreen=\"allowfullscreen\"><\/iframe><br \/>\nEsperamos sus opiniones y comentarios, aqu\u00ed o en nuestra cuenta de twitter (@lmejino). Hasta la pr\u00f3xima<\/p>\n<p>Lorenzo Mejino<\/p>\n<!-- AddThis Advanced Settings generic via filter on the_content --><!-- AddThis Share Buttons generic via filter on the_content -->","protected":false},"excerpt":{"rendered":"<p>En plena resaca electoral tras las elecciones del pasado domingo y antes de que empiece dentro de pocas semanas otra nueva campa\u00f1a electoral, nos ha parecido oportuno dedicar una semana tem\u00e1tica a series donde las elecciones y la pol\u00edtica son el eje central de las historias, aprovechando estrenos recientes y otras con temas de rabiosa [&hellip;]<!-- AddThis Advanced Settings generic via filter on get_the_excerpt --><!-- AddThis Share Buttons generic via filter on get_the_excerpt --><\/p>\n","protected":false},"author":61,"featured_media":0,"comment_status":"open","ping_status":"closed","sticky":false,"template":"","format":"standard","meta":[],"categories":[25,5,32,15],"tags":[4811,4808,2984,4809,4810,4812,4807],"_links":{"self":[{"href":"https:\/\/blogs.diariovasco.com\/series-gourmets\/wp-json\/wp\/v2\/posts\/10196"}],"collection":[{"href":"https:\/\/blogs.diariovasco.com\/series-gourmets\/wp-json\/wp\/v2\/posts"}],"about":[{"href":"https:\/\/blogs.diariovasco.com\/series-gourmets\/wp-json\/wp\/v2\/types\/post"}],"author":[{"embeddable":true,"href":"https:\/\/blogs.diariovasco.com\/series-gourmets\/wp-json\/wp\/v2\/users\/61"}],"replies":[{"embeddable":true,"href":"https:\/\/blogs.diariovasco.com\/series-gourmets\/wp-json\/wp\/v2\/comments?post=10196"}],"version-history":[{"count":5,"href":"https:\/\/blogs.diariovasco.com\/series-gourmets\/wp-json\/wp\/v2\/posts\/10196\/revisions"}],"predecessor-version":[{"id":10228,"href":"https:\/\/blogs.diariovasco.com\/series-gourmets\/wp-json\/wp\/v2\/posts\/10196\/revisions\/10228"}],"wp:attachment":[{"href":"https:\/\/blogs.diariovasco.com\/series-gourmets\/wp-json\/wp\/v2\/media?parent=10196"}],"wp:term":[{"taxonomy":"category","embeddable":true,"href":"https:\/\/blogs.diariovasco.com\/series-gourmets\/wp-json\/wp\/v2\/categories?post=10196"},{"taxonomy":"post_tag","embeddable":true,"href":"https:\/\/blogs.diariovasco.com\/series-gourmets\/wp-json\/wp\/v2\/tags?post=10196"}],"curies":[{"name":"wp","href":"https:\/\/api.w.org\/{rel}","templated":true}]}}