{"id":10251,"date":"2019-05-13T06:00:13","date_gmt":"2019-05-13T05:00:13","guid":{"rendered":"https:\/\/blogs.diariovasco.com\/series-gourmets\/?p=10251"},"modified":"2019-05-09T12:01:18","modified_gmt":"2019-05-09T11:01:18","slug":"miguel-cuando-los-heroes-vuelan-israel-israelitas-campando-por-hispanoamerica","status":"publish","type":"post","link":"https:\/\/blogs.diariovasco.com\/series-gourmets\/2019\/05\/13\/miguel-cuando-los-heroes-vuelan-israel-israelitas-campando-por-hispanoamerica\/","title":{"rendered":"Miguel\/ Cuando Los H\u00e9roes Vuelan  (Israel) : israelitas campando por Hispanoam\u00e9rica"},"content":{"rendered":"<p>El a\u00f1o pasado se celebr\u00f3 la primera edici\u00f3n del Festival televisivo de Cannes que intenta emular, con escaso acierto debo a\u00f1adir, a su hermano mayor cinematogr\u00e1fico. Sus selecciones de series internacionales hechas de forma muy ecl\u00e9ctica tienen una enorme disparidad de calidad como si primaran los intereses de las cadenas y distribuidoras por colocar sus series en ese escaparate internacional por encima de los criterios m\u00ednimos de calidad que tienen en el festival de cine.<\/p>\n<p>Un buen ejemplo de esa descompensaci\u00f3n lo tenemos en las dos series israelitas que fueron seleccionadas el a\u00f1o pasado para la secci\u00f3n oficial, &#8216;Miguel&#8217; y &#8216;Cuando Los h\u00e9roes Vuelan&#8217; que son como la cara y la cruz de la industria televisiva israelita, a pesar de que la segunda gan\u00f3 de forma inexplicable el premio a la mejor serie por encima de joyas como &#8216;Kiling Eve&#8217;, &#8216; Lykkeland&#8217; o incluso la propia &#8216;Miguel&#8217; , lo que no es la mejor manera de empezar un certamen.<\/p>\n<p>Ambas tratan de aventuras de israelitas por dos pa\u00edses de Hispanoam\u00e9rica, &#8216;Miguel&#8217; con la historia de un gay que quiere adoptar un ni\u00f1o en Guatemala, mientras que en &#8216;Cuando Los H\u00e9roes Vuelan&#8217; tenemos a cuatro camaradas de armas que se internan en la selva colombiana para rescatar a la novia y\u00a0 hermana de\u00a0dos de ellos.<\/p>\n<p>El resultado final es el de lo m\u00e1s dispar desde la peque\u00f1a joya que es la historia desgarradora de &#8216;Miguel&#8217; hasta las aventuras inveros\u00edmiles de cuatro Rambos sueltos por la jungla buscando justicia por su cuenta, pero nos ha parecido interesantes analizarlas conjuntamente en esta entrada de series\u00a0israelitas\u00a0\u00a0del blog.<\/p>\n<p><strong>MIGUEL. LA PROBLEM\u00c1TICA DE LA ADOPCI\u00d3N DE UN NI\u00d1O EN GUATEMALA<\/strong><\/p>\n<p><strong>Ficha:<\/strong> Miguel 6 ep 25min .\u00a0 Ene- Feb 2018 . <strong>Idioma:<\/strong> Hebreo\/ Ingles \/ Espa\u00f1ol <strong>Cadena:<\/strong> HOT3 ( ISR) \/ Canal + (F)<\/p>\n<p><strong><img loading=\"lazy\" class=\"aligncenter size-full wp-image-10255\" src=\"https:\/\/static-blogs.diariovasco.com\/wp-content\/uploads\/sites\/37\/2019\/05\/miguel.jpg\" alt=\"miguel\" width=\"299\" height=\"168\" \/>La trama :<\/strong><br \/>\nTom es un joven gay de 23 a\u00f1os que est\u00e1 determinado a cumplir su sue\u00f1o de ser padre en la vida y para ello se desplaza a Guatemala con su mejor amiga Aviv, que ha accedido a casarse en falso con \u00e9l para poder adoptar a un ni\u00f1o de cinco a\u00f1os Miguel, como muestra el primer trailer de la serie.<br \/>\n<iframe loading=\"lazy\" src=\"https:\/\/www.youtube.com\/embed\/G6jNFS_buss\" width=\"560\" height=\"315\" frameborder=\"0\" allowfullscreen=\"allowfullscreen\"><\/iframe><br \/>\nLa burocracia guatemalteca complica bastante las cosas, con todas las personas implicadas pidiendo sus mordidas correspondientes para facilitar los tramites, pero lo peor empieza cuando Tom finalmente recibe la custodia de Miguel y descubre que el complicado car\u00e1cter del chaval de cinco a\u00f1os es todo lo contrario de lo que se esperaba y so\u00f1aba\u00a0para\u00a0 ser padre.<\/p>\n<p><img loading=\"lazy\" class=\"aligncenter size-full wp-image-10256\" src=\"https:\/\/static-blogs.diariovasco.com\/wp-content\/uploads\/sites\/37\/2019\/05\/pareja.jpg\" alt=\"pareja\" width=\"249\" height=\"202\" \/>La historia est\u00e1 narrada en dos lineas temporales, la que se desarrolla en el presente cuando Miguel con dieciocho a\u00f1os decide regresar a Guatemala para buscar\u00a0 a su madre biol\u00f3gica y la del pasado que se desarrolla en el momento de la adopci\u00f3n inicial .<br \/>\n<img loading=\"lazy\" class=\"aligncenter size-full wp-image-10254\" src=\"https:\/\/static-blogs.diariovasco.com\/wp-content\/uploads\/sites\/37\/2019\/05\/mayores.jpg\" alt=\"mayores\" width=\"1280\" height=\"720\" srcset=\"https:\/\/static-blogs.diariovasco.com\/wp-content\/uploads\/sites\/37\/2019\/05\/mayores.jpg 1280w, https:\/\/static-blogs.diariovasco.com\/wp-content\/uploads\/sites\/37\/2019\/05\/mayores-300x169.jpg 300w, https:\/\/static-blogs.diariovasco.com\/wp-content\/uploads\/sites\/37\/2019\/05\/mayores-768x432.jpg 768w, https:\/\/static-blogs.diariovasco.com\/wp-content\/uploads\/sites\/37\/2019\/05\/mayores-628x353.jpg 628w\" sizes=\"(max-width: 1280px) 100vw, 1280px\" \/><\/p>\n<p>Basada someramente en la experiencia propia del creador Tom Salama, cuando viaj\u00f3 a Centroam\u00e9rica para adoptar a un beb\u00e9, &#8216;Miguel&#8217; retrata con una crudeza jam\u00e1s vista en televisi\u00f3n el enorme contraste\u00a0\u00a0que se produce\u00a0entre\u00a0 las esperanzas que\u00a0 Tom\u00a0hab\u00eda puesto en esa adopci\u00f3n,\u00a0 sin ser\u00a0 muy consciente de\u00a0 la responsabilidad que representa y el mazazo de realidad que supone el rechazo continuo del chaval hacia su padre adoptivo con un comportamiento arisco y revoltoso, acentuado por su incomunicaci\u00f3n ling\u00fc\u00edstica.<\/p>\n<p>En esa enorme situaci\u00f3n de tensi\u00f3n entre padre y hijo, se ve involucrada su amiga Aviv que intenta mediar entre ambos para intentar que empiecen por lo menos a respetarse y a quererse, cosa que como vemos en la actualidad, nunca ha acabado de suceder, por ese resquemor continuo de Miguel al haber sido arrebatado de sus ra\u00edces.<\/p>\n<p><img loading=\"lazy\" class=\"aligncenter size-full wp-image-10252\" src=\"https:\/\/static-blogs.diariovasco.com\/wp-content\/uploads\/sites\/37\/2019\/05\/familia-gay.jpg\" alt=\"familia-gay\" width=\"1280\" height=\"854\" srcset=\"https:\/\/static-blogs.diariovasco.com\/wp-content\/uploads\/sites\/37\/2019\/05\/familia-gay.jpg 1280w, https:\/\/static-blogs.diariovasco.com\/wp-content\/uploads\/sites\/37\/2019\/05\/familia-gay-300x200.jpg 300w, https:\/\/static-blogs.diariovasco.com\/wp-content\/uploads\/sites\/37\/2019\/05\/familia-gay-768x512.jpg 768w, https:\/\/static-blogs.diariovasco.com\/wp-content\/uploads\/sites\/37\/2019\/05\/familia-gay-628x419.jpg 628w\" sizes=\"(max-width: 1280px) 100vw, 1280px\" \/>Ese alejamiento del edulcoramiento y de\u00a0 la trama feliz es el mayor activo de &#8216;Miguel&#8217; con una historia que nos hace recapacitar mucho sobre los mecanismos de adopci\u00f3n internacional y que gan\u00f3 merecidamente el premio a la mejor actuaci\u00f3n conjunta en ese primer festival de Cannes, gracias a un enorme Ram Danker como Tom y a los magn\u00e9ticos ojos de Miguelito Sojuel, como el rebelde chaval.<\/p>\n<p>A pesar de estrenarse hace m\u00e1s de un a\u00f1o, solo he podido verla hace poco gracias a su emisi\u00f3n francesa en el Canal Plus franc\u00e9s, donde solo han doblado las partes en hebreo respetando el audio original en ingles y espa\u00f1ol, lo que me ha permitido disfrutar de lo lindo de una serie arriesgada y diferente, que estoy seguro que tendr\u00eda un gran recorrido en nuestro pa\u00eds por el tema que trata y la forma en que lo hacen.<\/p>\n<p>Por si dominan el hebreo o simplemente quieren ver el tono y las im\u00e1genes de &#8216;Miguel&#8217; les dejo con el video del primer cap\u00edtulo de duraci\u00f3n doble del habitual que son 25 min y que presenta los personajes de una sorprendente historia que cierran a la perfecci\u00f3n en el \u00faltimo episodio con un enorme\u00a0 final inesperado.<br \/>\n<iframe loading=\"lazy\" src=\"https:\/\/www.youtube.com\/embed\/eGEwQljxGhs\" width=\"560\" height=\"315\" frameborder=\"0\" allowfullscreen=\"allowfullscreen\"><\/iframe><\/p>\n<p><strong>CUANDO LOS HEROES VUELAN \/ WHEN HEROES FLY . CUATRO RAMBOS ANDAN SUELTOS POR LA JUNGLA<\/strong><\/p>\n<p><strong>Ficha:<\/strong> Cuando los h\u00e9roes vuelan\/ When H\u00e9roes Fly 10 ep 45 min .\u00a0May 2018-. <strong>Idioma:<\/strong> Hebreo \/ espa\u00f1ol <strong>Cadena:<\/strong> Keshet ( ISR)\/ Netflix ( E)<\/p>\n<p><strong><img loading=\"lazy\" class=\"aligncenter size-full wp-image-10253\" src=\"https:\/\/static-blogs.diariovasco.com\/wp-content\/uploads\/sites\/37\/2019\/05\/general-heroes.jpg\" alt=\"general-heroes\" width=\"750\" height=\"445\" srcset=\"https:\/\/static-blogs.diariovasco.com\/wp-content\/uploads\/sites\/37\/2019\/05\/general-heroes.jpg 750w, https:\/\/static-blogs.diariovasco.com\/wp-content\/uploads\/sites\/37\/2019\/05\/general-heroes-300x178.jpg 300w, https:\/\/static-blogs.diariovasco.com\/wp-content\/uploads\/sites\/37\/2019\/05\/general-heroes-628x373.jpg 628w\" sizes=\"(max-width: 750px) 100vw, 750px\" \/>La trama :<\/strong><\/p>\n<p>Cuatro amigos unidos por un tr\u00e1gico suceso militar del pasado en el que perdieron a su comandante en una incursi\u00f3n militar por el sur de Libano, se vuelven a reunir casi diez a\u00f1os despu\u00e9s, al encontrar uno de ellos, residente en Colombia, aparentes pruebas de que Yaeli la novia de uno de ellos y hermana de otro, puede seguir con vida.<\/p>\n<p>Los amigos llevan ocho a\u00f1os llorando la presunta muerte de Yaeli ( centro ) desaparecida en un accidente mortal de circulaci\u00f3n en Colombia donde fallecieron todos los pasajeros del autocar en el que iba,\u00a0 a pesar de que su cuerpo nunca fue encontrado, como muestran en el primer trailer corto.<br \/>\n<iframe loading=\"lazy\" src=\"https:\/\/www.youtube.com\/embed\/Urx7GrOzkOY\" width=\"560\" height=\"315\" frameborder=\"0\" allowfullscreen=\"allowfullscreen\"><\/iframe><br \/>\nEse atisbo de esperanza, hace que todos dejen sus vidas actuales que van desde el empresario de \u00e9xito y multimillonario que es Himmler ( seg izq) hasta el ex-novio Aviv (seg der) completamente sumido en la desesperaci\u00f3n tras la muerte de Yaeli.<\/p>\n<p>El grupo lo completan Dubi (der) que se ha refugiado en la ultraortodoxia de su religi\u00f3n para olvidar su pasado y Benda ( izq) que vive en Colombia donde tiene un peque\u00f1o bar con su pareja local.<\/p>\n<p><img loading=\"lazy\" class=\"aligncenter size-full wp-image-10258\" src=\"https:\/\/static-blogs.diariovasco.com\/wp-content\/uploads\/sites\/37\/2019\/05\/cinco-heroes-fly.jpg\" alt=\"cinco-heroes-fly\" width=\"275\" height=\"183\" \/>Ante la posibilidad de encontrar a Yaeli y en todos los casos su propia redenci\u00f3n particular, no dudan en desplazarse a Colombia para reunirse con Benda e intentar encontrar pistas sobre el posible paradero de Yaeli.<\/p>\n<p>El gui\u00f3n de Omri Givon est\u00e1 basado en un bestseller escrito por Amir Gutfreuend, &#8216;When H\u00e9roes Fly&#8217; pero\u00a0 no consigue encontrar el camino adecuado en ning\u00fan momento, con una primera parte reiterativa y aburrida con sus indagaciones por Bogot\u00e1 que avanza a ritmo de babosa amputada. La cosa empeora cuando se desplazan armados hasta los dientes a la selva y empiezan a comportarse como cuatro Rambos de v\u00eda estrecha en un pa\u00eds y un entorno desconocido.<\/p>\n<p><img loading=\"lazy\" class=\"aligncenter size-full wp-image-10257\" src=\"https:\/\/static-blogs.diariovasco.com\/wp-content\/uploads\/sites\/37\/2019\/05\/rambos.jpg\" alt=\"rambos\" width=\"300\" height=\"168\" \/>La trama de la desaparici\u00f3n de Yaeli est\u00e1 cogida por los pelos y a medida que vamos descubriendo la verdad de lo sucedido, la incredulidad solo hace que crecer ante las decisiones creativas que toman, que seg\u00fan me coment\u00f3 una buena amiga solo toleraba por el evidente atractivo de los cuatro protagonistas, que en mi caso tampoco representa ning\u00fan aliciente.<\/p>\n<p>La confusi\u00f3n se va apoderando de toda la serie en su segunda mitad con la adici\u00f3n de tramas de corrupci\u00f3n consular y la presencia de investigadores israelitas que hacen que al final esos h\u00e9roes no solo no vuelan sino que se estrellan estrepitosamente en el frondosa jungla colombiana,<\/p>\n<p>Para finalizar les dejo con el trailer largo de la serie, que est\u00e1 disponible en nuestro pa\u00eds a trav\u00e9s de Netflix.<br \/>\n<iframe loading=\"lazy\" src=\"https:\/\/www.youtube.com\/embed\/AIRVzLypxDw\" width=\"560\" height=\"315\" frameborder=\"0\" allowfullscreen=\"allowfullscreen\"><\/iframe><br \/>\nHoy les hemos presentado dos series viajeras israelitas, una de ellas excelente pero dif\u00edcil de encontrar en nuestro pa\u00eds y la otra mediocre pero f\u00e1cilmente disponible, hubiera preferido lo contrario pero en algunas cosas debemos conformarnos con los que tenemos a nuestro alcance.<\/p>\n<p>Esperamos sus opiniones y comentarios, aqu\u00ed o en nuestra cuenta de twitter (@lmejino). Hasta la pr\u00f3xima<\/p>\n<p>Lorenzo Mejino<\/p>\n<!-- AddThis Advanced Settings generic via filter on the_content --><!-- AddThis Share Buttons generic via filter on the_content -->","protected":false},"excerpt":{"rendered":"<p>El a\u00f1o pasado se celebr\u00f3 la primera edici\u00f3n del Festival televisivo de Cannes que intenta emular, con escaso acierto debo a\u00f1adir, a su hermano mayor cinematogr\u00e1fico. Sus selecciones de series internacionales hechas de forma muy ecl\u00e9ctica tienen una enorme disparidad de calidad como si primaran los intereses de las cadenas y distribuidoras por colocar sus [&hellip;]<!-- AddThis Advanced Settings generic via filter on get_the_excerpt --><!-- AddThis Share Buttons generic via filter on get_the_excerpt --><\/p>\n","protected":false},"author":61,"featured_media":0,"comment_status":"open","ping_status":"closed","sticky":false,"template":"","format":"standard","meta":[],"categories":[3008,3,5,14,17],"tags":[4838,4832,4833,4836,4834,4837,4835],"_links":{"self":[{"href":"https:\/\/blogs.diariovasco.com\/series-gourmets\/wp-json\/wp\/v2\/posts\/10251"}],"collection":[{"href":"https:\/\/blogs.diariovasco.com\/series-gourmets\/wp-json\/wp\/v2\/posts"}],"about":[{"href":"https:\/\/blogs.diariovasco.com\/series-gourmets\/wp-json\/wp\/v2\/types\/post"}],"author":[{"embeddable":true,"href":"https:\/\/blogs.diariovasco.com\/series-gourmets\/wp-json\/wp\/v2\/users\/61"}],"replies":[{"embeddable":true,"href":"https:\/\/blogs.diariovasco.com\/series-gourmets\/wp-json\/wp\/v2\/comments?post=10251"}],"version-history":[{"count":4,"href":"https:\/\/blogs.diariovasco.com\/series-gourmets\/wp-json\/wp\/v2\/posts\/10251\/revisions"}],"predecessor-version":[{"id":10291,"href":"https:\/\/blogs.diariovasco.com\/series-gourmets\/wp-json\/wp\/v2\/posts\/10251\/revisions\/10291"}],"wp:attachment":[{"href":"https:\/\/blogs.diariovasco.com\/series-gourmets\/wp-json\/wp\/v2\/media?parent=10251"}],"wp:term":[{"taxonomy":"category","embeddable":true,"href":"https:\/\/blogs.diariovasco.com\/series-gourmets\/wp-json\/wp\/v2\/categories?post=10251"},{"taxonomy":"post_tag","embeddable":true,"href":"https:\/\/blogs.diariovasco.com\/series-gourmets\/wp-json\/wp\/v2\/tags?post=10251"}],"curies":[{"name":"wp","href":"https:\/\/api.w.org\/{rel}","templated":true}]}}