{"id":10627,"date":"2019-07-29T06:00:36","date_gmt":"2019-07-29T05:00:36","guid":{"rendered":"https:\/\/blogs.diariovasco.com\/series-gourmets\/?p=10627"},"modified":"2019-07-28T10:22:33","modified_gmt":"2019-07-28T09:22:33","slug":"taken-down-irlanda-el-drama-de-los-refugiados-en-la-capital-irlandesa","status":"publish","type":"post","link":"https:\/\/blogs.diariovasco.com\/series-gourmets\/2019\/07\/29\/taken-down-irlanda-el-drama-de-los-refugiados-en-la-capital-irlandesa\/","title":{"rendered":"Taken Down ( Irlanda) . El drama de los refugiados en la capital irlandesa"},"content":{"rendered":"<p>Nuestra semana irlandesa la vamos a cerrar con una de sus propuestas mas recientes y esperadas, &#8216;Taken Down&#8217;, que ven\u00eda avalada por ser del mismo creador de la mejor serie irlandesa de la historia\u00a0 <a href=\"https:\/\/blogs.diariovasco.com\/series-gourmets\/2019\/07\/26\/lovehate-la-mejor-serie-irlandesa-de-la-historia\/\">&#8216;Love\/Hate&#8217;<\/a>,\u00a0 de la que les hable en profundidad el pasado viernes y que hab\u00eda despertado unas enormes expectativas en la isla esmeralda.<\/p>\n<p>La historia de un grupo de refugiados abandonados a su suerte en un centro oficial en las afueras de Dublin, ten\u00eda much\u00edsimo potencial, pero por desgracia no han sabido aprovecharlo y tras un arranque espectacular, se fue perdiendo en historias sin mucha relevancia y que iban diluyendo ese mensaje inicial de la acogida de los refugiados en Dublin.<\/p>\n<p>Si a eso le a\u00f1adimos, la presencia de unas actrices sin mucho carisma, el resultado de la serie m\u00e1s esperada de la temporada proveniente de Irlanda, ha sido una decepci\u00f3n bastante grande como les voy a analizar a continuaci\u00f3n, en una serie que sigue in\u00e9dita en nuestro pa\u00eds.<\/p>\n<p><strong><img loading=\"lazy\" class=\"aligncenter size-full wp-image-10631\" src=\"https:\/\/static-blogs.diariovasco.com\/wp-content\/uploads\/sites\/37\/2019\/07\/general-4.jpg\" alt=\"general\" width=\"620\" height=\"330\" srcset=\"https:\/\/static-blogs.diariovasco.com\/wp-content\/uploads\/sites\/37\/2019\/07\/general-4.jpg 620w, https:\/\/static-blogs.diariovasco.com\/wp-content\/uploads\/sites\/37\/2019\/07\/general-4-300x160.jpg 300w\" sizes=\"(max-width: 620px) 100vw, 620px\" \/>Ficha:<\/strong> Taken Down 6 ep 50 min .\u00a0\u00a0 Nov 2018-Dic 2018. <strong>Idioma:<\/strong> Ingl\u00e9s subs ingl\u00e9s\u00a0<strong>Cadena:<\/strong> RTE(Irlanda)<\/p>\n<p><strong>La trama :<\/strong> El cuerpo de una joven nigeriana Esme Lukasa es encontrado sin vida en una parada de autob\u00fas lo que hace que la Garda irlandesa tome cartas en el asunto, investigando las causas de la muerte.<\/p>\n<p>La detective encargada Jen Rooney pronto relaciona el cad\u00e1ver con un centro de refugiados que se encuentra en las cercan\u00edas, donde Esme ten\u00eda una habitaci\u00f3n a la espera de que le concedieran la residencia permanente en Irlanda, en una situaci\u00f3n similar a los refugiados de muchas nacionalidades que subsisten en ese centro de acogida con las ayudas gubernamentales que les llegan.<\/p>\n<p>De la mano de la investigaci\u00f3n vamos a conocer el drama de muchos de estos refugiados que se ven obligados a implicarse en el submundo del hampa dublinesa,\u00a0explotados por personas sin escr\u00fapulos que solo hacen que alimentarse de su desesperaci\u00f3n y sus sue\u00f1os por conseguir una cierta estabilidad en\u00a0la vida, como muestran en el trailer de la serie.<br \/>\n<iframe loading=\"lazy\" src=\"https:\/\/www.youtube.com\/embed\/AYIKojkr9_U\" width=\"560\" height=\"315\" frameborder=\"0\" allowfullscreen=\"allowfullscreen\"><\/iframe><br \/>\nLa detective Rooney va a ir conociendo y desenmascarando\u00a0 redes y negocios relacionados con esta explotaci\u00f3n de los refugiados, desde drogas hasta prostituci\u00f3n que nos presenta un panorama desolador.<\/p>\n<p>La protagonista principal es Abeni ( la\u00a0 actriz francesa A\u00efssa Ma\u00efga) , una refugiada nigeriana que arriesg\u00f3 todo para venir a Europa con sus dos hijos y que lleva ocho a\u00f1os internada esperando la residencia permanente o la nacionalidad irlandesa. Abeni subsiste limpiando en casas y locales, y la muerte de su amiga Esme le afecta muy profundamente, en especial cuando uno de sus hijos se convierte en sospechoso para la pol\u00edc\u00eda.<\/p>\n<p><img loading=\"lazy\" class=\"aligncenter size-full wp-image-10628\" src=\"https:\/\/static-blogs.diariovasco.com\/wp-content\/uploads\/sites\/37\/2019\/07\/nigeriana.jpg\" alt=\"nigeriana\" width=\"620\" height=\"413\" srcset=\"https:\/\/static-blogs.diariovasco.com\/wp-content\/uploads\/sites\/37\/2019\/07\/nigeriana.jpg 620w, https:\/\/static-blogs.diariovasco.com\/wp-content\/uploads\/sites\/37\/2019\/07\/nigeriana-300x200.jpg 300w\" sizes=\"(max-width: 620px) 100vw, 620px\" \/>Tras un inicio potente, &#8216;Taken Down&#8217; toma la opci\u00f3n de desarrollar dos historias paralelas, la de Abeni y la de la investigaci\u00f3n policial, pero se pierde r\u00e1pidamente en lugares comunes de las historias de explotaci\u00f3n humana sin buscar \u00e1ngulos novedosos ni grandes sorpresas.<\/p>\n<p>En este tipo de historias perder la especificidad y las raices locales, no suele ser buena se\u00f1al y\u00a0en &#8216;Taken Down&#8217;\u00a0 la acci\u00f3n se pod\u00eda haber desarrollado en Atenas o en Hamburgo sin apenas tocar nada, excepto las matriculas de los veh\u00edculos, una ambig\u00fcedad que\u00a0lastra\u00a0\u00a0a la serie.<\/p>\n<p>La parte policial queda gravemente perjudicada por la soser\u00eda de la actriz protagonista Lynn Rafferty, en el papel de Jen Rooney, que no pasa de ser una p\u00e1lida imitadora de la intensidad del personaje de Saga Noren, pero sin transmitir nada m\u00e1s que indiferencia hacia el espectador. Sus compa\u00f1eros no est\u00e1n a mucho mejor nivel, pero con semejante protagonista, la historia se va haciendo cada vez m\u00e1s mustia y aburrida y mi inter\u00e9s se iba desvaneciendo con el paso de los episodios.<\/p>\n<p><img loading=\"lazy\" class=\"aligncenter size-full wp-image-10629\" src=\"https:\/\/static-blogs.diariovasco.com\/wp-content\/uploads\/sites\/37\/2019\/07\/policias.jpg\" alt=\"policias\" width=\"1265\" height=\"755\" srcset=\"https:\/\/static-blogs.diariovasco.com\/wp-content\/uploads\/sites\/37\/2019\/07\/policias.jpg 1265w, https:\/\/static-blogs.diariovasco.com\/wp-content\/uploads\/sites\/37\/2019\/07\/policias-300x179.jpg 300w, https:\/\/static-blogs.diariovasco.com\/wp-content\/uploads\/sites\/37\/2019\/07\/policias-768x458.jpg 768w, https:\/\/static-blogs.diariovasco.com\/wp-content\/uploads\/sites\/37\/2019\/07\/policias-628x375.jpg 628w\" sizes=\"(max-width: 1265px) 100vw, 1265px\" \/>No deja de ser una lastima que una serie \u00e1mpliamente promocionada como de los creadores de &#8216;Love\/Hate&#8217;, el gran guionista Stuart Carolan haya errado el tiro de forma tan lastimosa, tanto en el desarrollo de la historia como en la elecci\u00f3n del reparto, que fueron los grandes aciertos de su gran serie de culto.<\/p>\n<p>A pesar de resolver el misterio de la muerte de Esme, la historia deja muchos cabos abiertos que pueden ser desarrollados en posteriores entregas, aunque la recepci\u00f3n y las cr\u00edticas han sido bastante flojas y a d\u00eda de hoy su renovaci\u00f3n sigue en el limbo.<\/p>\n<p>Me hubiera gustado una mejor elecci\u00f3n para cerrar nuestra semana irlandesa, pero no pod\u00eda dejar de lado esa nueva serie del gran duo que formaron en &#8216; Love\/Hate&#8217;,\u00a0 Stuart Carolan a los guiones y David Caffrey dirigiendo, por lo que les dejo con un video en el que las actrices de la serie comentan sus personajes.<br \/>\n<iframe loading=\"lazy\" src=\"https:\/\/www.youtube.com\/embed\/mjIah8KZGl4\" width=\"560\" height=\"315\" frameborder=\"0\" allowfullscreen=\"allowfullscreen\"><\/iframe><br \/>\nEsperamos sus opiniones y comentarios, aqu\u00ed o en nuestra cuenta de twitter (@lmejino). Hasta la pr\u00f3xima<\/p>\n<p>Lorenzo Mejino<\/p>\n<!-- AddThis Advanced Settings generic via filter on the_content --><!-- AddThis Share Buttons generic via filter on the_content -->","protected":false},"excerpt":{"rendered":"<p>Nuestra semana irlandesa la vamos a cerrar con una de sus propuestas mas recientes y esperadas, &#8216;Taken Down&#8217;, que ven\u00eda avalada por ser del mismo creador de la mejor serie irlandesa de la historia\u00a0 &#8216;Love\/Hate&#8217;,\u00a0 de la que les hable en profundidad el pasado viernes y que hab\u00eda despertado unas enormes expectativas en la isla [&hellip;]<!-- AddThis Advanced Settings generic via filter on get_the_excerpt --><!-- AddThis Share Buttons generic via filter on get_the_excerpt --><\/p>\n","protected":false},"author":61,"featured_media":0,"comment_status":"open","ping_status":"closed","sticky":false,"template":"","format":"standard","meta":[],"categories":[5,29,12,17],"tags":[4994,4993,4995,4992,4991],"_links":{"self":[{"href":"https:\/\/blogs.diariovasco.com\/series-gourmets\/wp-json\/wp\/v2\/posts\/10627"}],"collection":[{"href":"https:\/\/blogs.diariovasco.com\/series-gourmets\/wp-json\/wp\/v2\/posts"}],"about":[{"href":"https:\/\/blogs.diariovasco.com\/series-gourmets\/wp-json\/wp\/v2\/types\/post"}],"author":[{"embeddable":true,"href":"https:\/\/blogs.diariovasco.com\/series-gourmets\/wp-json\/wp\/v2\/users\/61"}],"replies":[{"embeddable":true,"href":"https:\/\/blogs.diariovasco.com\/series-gourmets\/wp-json\/wp\/v2\/comments?post=10627"}],"version-history":[{"count":5,"href":"https:\/\/blogs.diariovasco.com\/series-gourmets\/wp-json\/wp\/v2\/posts\/10627\/revisions"}],"predecessor-version":[{"id":10703,"href":"https:\/\/blogs.diariovasco.com\/series-gourmets\/wp-json\/wp\/v2\/posts\/10627\/revisions\/10703"}],"wp:attachment":[{"href":"https:\/\/blogs.diariovasco.com\/series-gourmets\/wp-json\/wp\/v2\/media?parent=10627"}],"wp:term":[{"taxonomy":"category","embeddable":true,"href":"https:\/\/blogs.diariovasco.com\/series-gourmets\/wp-json\/wp\/v2\/categories?post=10627"},{"taxonomy":"post_tag","embeddable":true,"href":"https:\/\/blogs.diariovasco.com\/series-gourmets\/wp-json\/wp\/v2\/tags?post=10627"}],"curies":[{"name":"wp","href":"https:\/\/api.w.org\/{rel}","templated":true}]}}