{"id":10739,"date":"2019-08-12T06:00:49","date_gmt":"2019-08-12T05:00:49","guid":{"rendered":"https:\/\/blogs.diariovasco.com\/series-gourmets\/?p=10739"},"modified":"2019-08-11T09:03:08","modified_gmt":"2019-08-11T08:03:08","slug":"der-inre-cirkeln-the-inner-circle-suecia-intrigas-politicas-sin-demasiada-mordiente","status":"publish","type":"post","link":"https:\/\/blogs.diariovasco.com\/series-gourmets\/2019\/08\/12\/der-inre-cirkeln-the-inner-circle-suecia-intrigas-politicas-sin-demasiada-mordiente\/","title":{"rendered":"Der Inre Cirkeln \/ The Inner circle   ( Suecia):  intrigas pol\u00edticas de tercera regional"},"content":{"rendered":"<p>Las series pol\u00edticas escandinavas tienen el list\u00f3n alt\u00edsimo desde las historias de Birgitte Nyborg en <a href=\"https:\/\/blogs.diariovasco.com\/series-gourmets\/2014\/12\/03\/borgen-una-obra-maestra-sobre-los-entresijos-de-la-politica\/\">Borgen<\/a> y desgraciadamente esfuerzos como &#8216;Der Inre Cirkeln&#8217; una producci\u00f3n sueca sobre las esferas de su alta pol\u00edtica se queda\u00a0bastante lejos de la celebrada serie danesa.<\/p>\n<p>Las intrigas palaciegas de un ministro para posicionarse para la futura vacante de primer ministro de Suecia est\u00e1n construidas de una manera muy torpe, empezando por el propio protagonista, al que le vamos a desear que lo acaben enviando de embajador a las islas Comores y pasando por el resto de personajes que compiten por ver cu\u00e1l es m\u00e1s despreciable en una carrera de lo m\u00e1s competido.<\/p>\n<p>No deja de ser una lastima porque la idea inicial era interesante y su ubicaci\u00f3n en la preciosa isla de G\u00f6tland, pod\u00eda haber dado mucho juego, pero como suele ser ocurrir en las series del servicio de pago Viaplay han optado por lo f\u00e1cil con un resultado de lo m\u00e1s mediocre.<\/p>\n<p><strong><img loading=\"lazy\" class=\"aligncenter size-full wp-image-10741\" src=\"https:\/\/static-blogs.diariovasco.com\/wp-content\/uploads\/sites\/37\/2019\/08\/general.jpeg\" alt=\"general\" width=\"1160\" height=\"652\" srcset=\"https:\/\/static-blogs.diariovasco.com\/wp-content\/uploads\/sites\/37\/2019\/08\/general.jpeg 1160w, https:\/\/static-blogs.diariovasco.com\/wp-content\/uploads\/sites\/37\/2019\/08\/general-300x169.jpeg 300w, https:\/\/static-blogs.diariovasco.com\/wp-content\/uploads\/sites\/37\/2019\/08\/general-768x432.jpeg 768w, https:\/\/static-blogs.diariovasco.com\/wp-content\/uploads\/sites\/37\/2019\/08\/general-628x353.jpeg 628w\" sizes=\"(max-width: 1160px) 100vw, 1160px\" \/>Ficha:<\/strong> Der Inre Cirkeln ( El Circulo Interior) 8 ep + 45 min .Mar-Jun 2019- . <strong>Idioma:<\/strong> Sueco subs espa\u00f1ol Cadena: Viaplay (S)<\/p>\n<p><strong>La trama :<\/strong> El Almedalen es un evento anual que congrega durante una semana a multitud de pol\u00edticos, lobistas y empresarios suecos en la preciosa ciudad de Visby, la capital de la isla de G\u00f6tland. El ambicioso ministro de Empresa David Ehrling asiste a dicho evento para posicionarse de la mejor manera posible para el puesto de primer ministro que va a dejar vacante la actual titular.<\/p>\n<p>Con la ayuda inestimable de su jefa de prensa Lena Nilsdotter, intenta alejar a dos periodistas de investigaci\u00f3n de los pasajes m\u00e1s turbios de su pasado, hasta que una de ellas aparece muerta en medio de una de las fiestas del Almedalen, convirti\u00e9ndolo en uno de los sospechosos y lo que es peor alej\u00e1ndolo de su sue\u00f1o de poder ser primer ministro, como muestran en el trailer oficial de la serie.<br \/>\n<iframe loading=\"lazy\" src=\"https:\/\/www.youtube.com\/embed\/RptrvPnAq6c\" width=\"560\" height=\"315\" frameborder=\"0\" allowfullscreen=\"allowfullscreen\"><\/iframe><br \/>\n&#8216;Der Inre Cirkeln&#8217; no tiene un mal arranque, cuando conocemos a sus protagonistas y sus ambiciones, pero pronto empieza a abrir demasiados frentes y no se decide por si quiere ser una serie de alta pol\u00edtica, un thriller de misterio policial, una investigaci\u00f3n period\u00edstica o un drama familiar,<\/p>\n<p>Esa indefinici\u00f3n es mortal para el desarrollo de la serie, empezando por la truculenta primera escena de la serie, que es resuelta en un cap\u00edtulo posterior de una forma de lo m\u00e1s chapucera siendo generosos.<\/p>\n<p>La parte pol\u00edtica es blanda y sin mordiente, sin que ning\u00fan pol\u00edtico\u00a0 sobresalga como un posible estadista, siendo todos una banda de t\u00edteres al servicio del mercadeo de intereses que se crea en esa cita anual del Almedalen, por lo que la serie va de mal en peor hasta su sonrojante final.<\/p>\n<p>Suelo dar bastante cuerda a las series escandinavas y a las pol\u00edticas en general, pero poco puedo salvar en &#8216;Der Inre Cirkeln&#8217; empezando por su actor protagonista Niklas Engdahl ( izq)\u00a0 que se entera tan poco como su personaje de lo que tiene hacer actuando, con una nefasta interpretaci\u00f3n.<\/p>\n<p><img loading=\"lazy\" class=\"aligncenter size-full wp-image-10742\" src=\"https:\/\/static-blogs.diariovasco.com\/wp-content\/uploads\/sites\/37\/2019\/08\/pareja-protagonista.jpg\" alt=\"pareja-protagonista\" width=\"720\" height=\"356\" srcset=\"https:\/\/static-blogs.diariovasco.com\/wp-content\/uploads\/sites\/37\/2019\/08\/pareja-protagonista.jpg 720w, https:\/\/static-blogs.diariovasco.com\/wp-content\/uploads\/sites\/37\/2019\/08\/pareja-protagonista-300x148.jpg 300w, https:\/\/static-blogs.diariovasco.com\/wp-content\/uploads\/sites\/37\/2019\/08\/pareja-protagonista-628x311.jpg 628w\" sizes=\"(max-width: 720px) 100vw, 720px\" \/>Bastante mejor est\u00e1 Nanna Blondell ( der) , la joven actriz sueca que es la jefa de prensa del ambicioso ministro y que solo por tener que aguantar a semejante inepto ( actor y personaje) se merece todos mis elogios.<\/p>\n<p>Si son asiduos a las series escandinavas reconocer\u00e1n a muchos actores secundarios como Dag Malmberg ( el jefe de Saga Noren en <a href=\"https:\/\/blogs.diariovasco.com\/series-gourmets\/2014\/01\/08\/bronbroen-la-fabulosa-serie-que-vino-del-frio\/\">Bron<\/a>) que en esta ocasi\u00f3n hace de un manipulador empresario local o Melinda Kinnaman (<a href=\"https:\/\/blogs.diariovasco.com\/series-gourmets\/2015\/12\/21\/modus-suecia-un-misterio-extraido-del-manual-del-nordic-n\"> Modus<\/a>) como la periodista investigadora , lo que no deja de ser una manera de entretenerse algo, frente a la blandura de la intriga pol\u00edtica.<\/p>\n<p><img loading=\"lazy\" class=\"aligncenter size-full wp-image-10740\" src=\"https:\/\/static-blogs.diariovasco.com\/wp-content\/uploads\/sites\/37\/2019\/08\/empresario-periodista.jpg\" alt=\"empresario-periodista\" width=\"1600\" height=\"900\" srcset=\"https:\/\/static-blogs.diariovasco.com\/wp-content\/uploads\/sites\/37\/2019\/08\/empresario-periodista.jpg 1600w, https:\/\/static-blogs.diariovasco.com\/wp-content\/uploads\/sites\/37\/2019\/08\/empresario-periodista-300x169.jpg 300w, https:\/\/static-blogs.diariovasco.com\/wp-content\/uploads\/sites\/37\/2019\/08\/empresario-periodista-768x432.jpg 768w, https:\/\/static-blogs.diariovasco.com\/wp-content\/uploads\/sites\/37\/2019\/08\/empresario-periodista-628x353.jpg 628w\" sizes=\"(max-width: 1600px) 100vw, 1600px\" \/>Si son adictos a las series pol\u00edticas le pueden echar un vistazo, ( por aqu\u00ed no ha llegado todav\u00eda) pero ya les aviso que no se hagan muchas ilusiones, porque a medida que avanza la trama, su incredulidad va a ir en aumento como me ha sucedido en mi caso, con una de las grandes decepciones escandinavas de 2019.<\/p>\n<p>Para finalizar les dejo con el teaser oficial de la serie.<br \/>\n<iframe loading=\"lazy\" src=\"https:\/\/www.youtube.com\/embed\/APdExzN6T5s\" width=\"560\" height=\"315\" frameborder=\"0\" allowfullscreen=\"allowfullscreen\"><\/iframe><\/p>\n<p>Esperamos sus opiniones y comentarios, aqu\u00ed o en nuestra cuenta de twitter (@lmejino). Hasta la pr\u00f3xima<\/p>\n<p>Lorenzo Mejino<\/p>\n<!-- AddThis Advanced Settings generic via filter on the_content --><!-- AddThis Share Buttons generic via filter on the_content -->","protected":false},"excerpt":{"rendered":"<p>Las series pol\u00edticas escandinavas tienen el list\u00f3n alt\u00edsimo desde las historias de Birgitte Nyborg en Borgen y desgraciadamente esfuerzos como &#8216;Der Inre Cirkeln&#8217; una producci\u00f3n sueca sobre las esferas de su alta pol\u00edtica se queda\u00a0bastante lejos de la celebrada serie danesa. Las intrigas palaciegas de un ministro para posicionarse para la futura vacante de primer [&hellip;]<!-- AddThis Advanced Settings generic via filter on get_the_excerpt --><!-- AddThis Share Buttons generic via filter on get_the_excerpt --><\/p>\n","protected":false},"author":61,"featured_media":0,"comment_status":"open","ping_status":"closed","sticky":false,"template":"","format":"standard","meta":[],"categories":[5,6,12,32,17],"tags":[5044,5042,1872,5045,5046,5043],"_links":{"self":[{"href":"https:\/\/blogs.diariovasco.com\/series-gourmets\/wp-json\/wp\/v2\/posts\/10739"}],"collection":[{"href":"https:\/\/blogs.diariovasco.com\/series-gourmets\/wp-json\/wp\/v2\/posts"}],"about":[{"href":"https:\/\/blogs.diariovasco.com\/series-gourmets\/wp-json\/wp\/v2\/types\/post"}],"author":[{"embeddable":true,"href":"https:\/\/blogs.diariovasco.com\/series-gourmets\/wp-json\/wp\/v2\/users\/61"}],"replies":[{"embeddable":true,"href":"https:\/\/blogs.diariovasco.com\/series-gourmets\/wp-json\/wp\/v2\/comments?post=10739"}],"version-history":[{"count":3,"href":"https:\/\/blogs.diariovasco.com\/series-gourmets\/wp-json\/wp\/v2\/posts\/10739\/revisions"}],"predecessor-version":[{"id":10771,"href":"https:\/\/blogs.diariovasco.com\/series-gourmets\/wp-json\/wp\/v2\/posts\/10739\/revisions\/10771"}],"wp:attachment":[{"href":"https:\/\/blogs.diariovasco.com\/series-gourmets\/wp-json\/wp\/v2\/media?parent=10739"}],"wp:term":[{"taxonomy":"category","embeddable":true,"href":"https:\/\/blogs.diariovasco.com\/series-gourmets\/wp-json\/wp\/v2\/categories?post=10739"},{"taxonomy":"post_tag","embeddable":true,"href":"https:\/\/blogs.diariovasco.com\/series-gourmets\/wp-json\/wp\/v2\/tags?post=10739"}],"curies":[{"name":"wp","href":"https:\/\/api.w.org\/{rel}","templated":true}]}}